{"id":143927,"date":"2025-12-10T22:46:16","date_gmt":"2025-12-10T22:46:16","guid":{"rendered":"https:\/\/www.europesays.com\/pl\/143927\/"},"modified":"2025-12-10T22:46:16","modified_gmt":"2025-12-10T22:46:16","slug":"donald-tusk-pozwal-pracownika-republiki-ruszyl-proces","status":"publish","type":"post","link":"https:\/\/www.europesays.com\/pl\/143927\/","title":{"rendered":"Donald Tusk pozwa\u0142 pracownika Republiki. Ruszy\u0142 proces"},"content":{"rendered":"<p class=\"ods-c-paragraph \">Republika transmitowa\u0142a w \u015brod\u0119 proces z gabinetu Jaros\u0142awa Olechowskiego, kt\u00f3ry uczestniczy\u0142 w rozprawie zdalnie przez telefon kom\u00f3rkowy. Na samym pocz\u0105tku by\u0142y szef informacji w TVP przekonywa\u0142 s\u0105d, \u017ce ma problemy techniczne.<\/p>\n<p class=\"ods-c-paragraph \">Na rozprawie strony post\u0119powania ogl\u0105da\u0142y kilkadziesi\u0105t materia\u0142\u00f3w &#8222;Wiadomo\u015bci&#8221; TVP o Donaldzie Tusku, gdzie m.in. bez kontekstu przywo\u0142ywano jego <a href=\"https:\/\/wiadomosci.onet.pl\/kraj\/donald-tusk-i-fur-deutschland-w-tvp-czego-dotyczyly-jego-slowa-po-niemiecku\/vbhg7yh\" id=\"7ffd0b4e-0edc-49ac-b4bf-e780d2200b4d\" rel=\"nofollow noopener\" target=\"_blank\">s\u0142owa &#8222;fur Deutschland&#8221;, wyg\u0142oszone w 2021 r. w wyst\u0105pieniu dla niemieckiej partii CDU<\/a>. Emisja trwa\u0142a kilka godzin.<\/p>\n<p>Dalszy ci\u0105g artyku\u0142u pod materia\u0142em wideo<\/p>\n<p> Kto jest powodem w sprawie s\u0105dowej? <\/p>\n<p> Dlaczego Donald Tusk opu\u015bci\u0142 sal\u0119? <\/p>\n<p> Jakie problemy techniczne mia\u0142a osoba uczestnicz\u0105ca w rozprawie? <\/p>\n<p> Czy obecno\u015b\u0107 Donalda Tuska na rozprawie by\u0142a obowi\u0105zkowa? <\/p>\n<p class=\"ods-c-paragraph \">Po kilkudziesi\u0119ciu minutach od rozpocz\u0119cia rozprawy pe\u0142nomocnik premiera przekaza\u0142, \u017ce pow\u00f3d [Donald Tusk] musi opu\u015bci\u0107 &#8222;sal\u0119&#8221;. Polityk r\u00f3wnie\u017c uczestniczy\u0142 w posiedzeniu zdalnie.<\/p>\n<p class=\"ods-c-paragraph \">\u2014 Potem szczeg\u00f3\u0142owo to usprawiedliwi\u0119. Ze wzgl\u0119du na zaplanowane obowi\u0105zki s\u0142u\u017cbowe nie b\u0119dzie mo\u017cliwo\u015bci [by m\u00f3g\u0142 uczestniczy\u0107 w rozprawie p\u00f3\u017aniej] \u2014 doda\u0142 adwokat.<\/p>\n<p>   <img decoding=\"async\" src=\"https:\/\/www.europesays.com\/pl\/wp-content\/uploads\/2025\/12\/Jwck9lBaHR0cHM6Ly9vY2RuLmV1L3B1bHNjbXMvTURBXy9mM2E2ZWQxOGEzMmNlOTUzYmQ5ZjQ3MGQ4Nzg2OTJkNi5wbmeRlQLNB.jpeg\" height=\"463\" width=\"940\" alt=\"Rozprawa s\u0105dowa w sprawie Donalda Tuska i Jaros\u0142awa Olechowskiego\" loading=\"lazy\" class=\"ods-c-image__img ods-c-image__img--viewport-width\"\/><\/p>\n<p>Rozprawa s\u0105dowa w sprawie Donalda Tuska i Jaros\u0142awa OlechowskiegoTelewizja Republika \/ YouTube<\/p>\n<p class=\"ods-c-paragraph \">Obecno\u015b\u0107 premiera na rozprawie nie by\u0142a obowi\u0105zkowa. Toczy\u0142a si\u0119 ona dalej bez jego udzia\u0142u.<\/p>\n<p class=\"ods-c-paragraph \">Z relacji Telewizji Republika wynika, \u017ce s\u0105d oddali\u0142 wszystkie wnioski dowodowe pe\u0142nomocnika Jaros\u0142awa Olechowskiego w postaci wezwania \u015bwiadk\u00f3w. W odpowiedzi obro\u0144ca pozwanego z\u0142o\u017cy\u0142 wniosek o wy\u0142\u0105czenie s\u0119dzi ze sprawy.<\/p>\n","protected":false},"excerpt":{"rendered":"Republika transmitowa\u0142a w \u015brod\u0119 proces z gabinetu Jaros\u0142awa Olechowskiego, kt\u00f3ry uczestniczy\u0142 w rozprawie zdalnie przez telefon kom\u00f3rkowy. Na&hellip;\n","protected":false},"author":2,"featured_media":143928,"comment_status":"","ping_status":"","sticky":false,"template":"","format":"standard","meta":{"footnotes":""},"categories":[5],"tags":[32,33,212,36,37,27,29269,49,34,35,28,31,48,25,46,42,38,40,39,41,47,29,30,171,26],"class_list":{"0":"post-143927","1":"post","2":"type-post","3":"status-publish","4":"format-standard","5":"has-post-thumbnail","7":"category-naglowki","8":"tag-breaking-news","9":"tag-breakingnews","10":"tag-donald_tusk","11":"tag-featured-news","12":"tag-featurednews","13":"tag-headlines","14":"tag-jaroslaw_olechowski","15":"tag-kraj","16":"tag-latest-news","17":"tag-latestnews","18":"tag-naglowki","19":"tag-najwazniejsze-artykuly","20":"tag-nat_styl","21":"tag-news","22":"tag-omp","23":"tag-pl","24":"tag-poland","25":"tag-polish","26":"tag-polska","27":"tag-polski","28":"tag-screening_general","29":"tag-top-stories","30":"tag-topstories","31":"tag-tv_republika","32":"tag-wiadomosci"},"share_on_mastodon":{"url":"https:\/\/pubeurope.com\/@pl\/115697706143368530","error":""},"_links":{"self":[{"href":"https:\/\/www.europesays.com\/pl\/wp-json\/wp\/v2\/posts\/143927","targetHints":{"allow":["GET"]}}],"collection":[{"href":"https:\/\/www.europesays.com\/pl\/wp-json\/wp\/v2\/posts"}],"about":[{"href":"https:\/\/www.europesays.com\/pl\/wp-json\/wp\/v2\/types\/post"}],"author":[{"embeddable":true,"href":"https:\/\/www.europesays.com\/pl\/wp-json\/wp\/v2\/users\/2"}],"replies":[{"embeddable":true,"href":"https:\/\/www.europesays.com\/pl\/wp-json\/wp\/v2\/comments?post=143927"}],"version-history":[{"count":0,"href":"https:\/\/www.europesays.com\/pl\/wp-json\/wp\/v2\/posts\/143927\/revisions"}],"wp:featuredmedia":[{"embeddable":true,"href":"https:\/\/www.europesays.com\/pl\/wp-json\/wp\/v2\/media\/143928"}],"wp:attachment":[{"href":"https:\/\/www.europesays.com\/pl\/wp-json\/wp\/v2\/media?parent=143927"}],"wp:term":[{"taxonomy":"category","embeddable":true,"href":"https:\/\/www.europesays.com\/pl\/wp-json\/wp\/v2\/categories?post=143927"},{"taxonomy":"post_tag","embeddable":true,"href":"https:\/\/www.europesays.com\/pl\/wp-json\/wp\/v2\/tags?post=143927"}],"curies":[{"name":"wp","href":"https:\/\/api.w.org\/{rel}","templated":true}]}}