{"id":144021,"date":"2025-12-11T00:46:11","date_gmt":"2025-12-11T00:46:11","guid":{"rendered":"https:\/\/www.europesays.com\/pl\/144021\/"},"modified":"2025-12-11T00:46:11","modified_gmt":"2025-12-11T00:46:11","slug":"marta-nawrocka-na-spotkaniu-z-ambasadorkami-stylistka-przecierala-oczy","status":"publish","type":"post","link":"https:\/\/www.europesays.com\/pl\/144021\/","title":{"rendered":"Marta Nawrocka na spotkaniu z ambasadorkami. Stylistka przeciera\u0142a oczy"},"content":{"rendered":"<p class=\"article-p\" data-section=\"detail-body\">W \u015brod\u0119 Pa\u0142ac Prezydencki ponownie sta\u0142 si\u0119 miejscem dyplomatycznych rozm\u00f3w i spotka\u0144. Marta Nawrocka go\u015bci\u0142a bowiem panie ambasador oraz wsp\u00f3\u0142ma\u0142\u017conk\u00f3w szef\u00f3w misji dyplomatycznych przebywaj\u0105cych w Polsce. Wydarzenie, kt\u00f3re podkre\u015bla wag\u0119 relacji mi\u0119dzynarodowych, mia\u0142o tak\u017ce sw\u00f3j wyj\u0105tkowy, elegancki charakter. Pierwsza dama, znana z klasycznego i subtelnego stylu, wybra\u0142a na t\u0119 okazj\u0119 granatowy zestaw.<\/p>\n<p>        Marta Nawrocka na \u015bwi\u0105tecznym spotkaniu. Jak wypad\u0142a?<\/p>\n<p class=\"article-p\" data-section=\"detail-body\">Styl Marty Nawrockiej przypada do gustu wielu Polkom. \u2014 Pierwsza dama da\u0142a kobietom gotow\u0105 \u015bci\u0105g\u0119 na tzw. trudne wyj\u015bcia, pokazuj\u0105c, \u017ce elegancja nie wymaga ani ekstrawagancji, ani kosztownych fajerwerk\u00f3w. Stylizacja pani Nawrockiej to dos\u0142owna instrukcja obs\u0142ugi oficjalnych sytuacji: ma by\u0107 powa\u017cnie, ale nie sztywno, skromnie, ale nie nudno, klasycznie, ale z charakterem \u2014 powiedzia\u0142a w rozmowie z &#8222;Faktem&#8221; stylistka Ewa Rubasi\u0144ska-Ianiro.<\/p>\n<p class=\"article-p\" data-section=\"detail-body\">\u2014 Pierwsza dama wybra\u0142a jeden z najmocniejszych komunikacyjnie kolor\u00f3w w dyplomacji i elegancji, czyli roz\u015bwietlony granat. To odcie\u0144, kt\u00f3ry dzia\u0142a jak filtr upi\u0119kszaj\u0105cy, podbijaj\u0105c karnacj\u0119 blondynek. Prosta linia marynarki, brak g\u0142\u0119bokiego dekoltu i idealna d\u0142ugo\u015b\u0107 sp\u00f3dnicy tworz\u0105 gotowy przepis na klas\u0119 \u2014 doda\u0142a.<\/p>\n<p class=\"article-p\" data-section=\"detail-body\">Ewa Rubasi\u0144ska-Ianiro podkre\u015bla, \u017ce &#8222;z ka\u017cdej kobiety, kt\u00f3ra wie, co na siebie w\u0142o\u017cy\u0107, rodzi si\u0119 ksi\u0119\u017cniczka wieczoru&#8221;.<\/p>\n<p class=\"article-p\" data-section=\"detail-body\">Zobaczcie zdj\u0119cia.<\/p>\n<p class=\"article-p\" data-section=\"detail-body\"><a href=\"https:\/\/www.fakt.pl\/pieniadze\/dwie-emerytury-marty-nawrockiej-jest-potwierdzenie-kancelarii-prezydenta\/b5ewgvx\" id=\"d2f3a0db-6630-4315-a756-e347dcbadf3a\" rel=\"nofollow noopener\" target=\"_blank\">Kancelaria Prezydenta potwierdza. Dwie emerytury dla Marty Nawrockiej<\/a><\/p>\n<p class=\"article-p\" data-section=\"detail-body\"><a href=\"https:\/\/www.fakt.pl\/polityka\/nawroccy-moga-tutaj-spedzic-urlop-zimowa-rezydencja-robi-wrazenie\/qh0ctgq\" id=\"b8c9238d-2132-4b20-8e1a-54e811d3738a\" rel=\"nofollow noopener\" target=\"_blank\">Rezydencja prezydenta w Wi\u015ble zachwyca. Karol Nawrocki ju\u017c szykuje si\u0119 na zimowy urlop<\/a><\/p>\n<p class=\"article-p\" data-section=\"detail-body\"><a href=\"https:\/\/ludzie.fakt.pl\/manuela-gretkowska-uderza-w-marte-nawrocka-poszlo-o-jej-wywiad-w-vivie\/61nd0lr\" id=\"36e2887a-ea86-43bb-bd4f-083d3a1639cb\" rel=\"nofollow noopener\" target=\"_blank\">Gretkowska przeczyta\u0142a wywiad z Nawrock\u0105. Nie wytrzyma\u0142a. &#8222;Powia\u0142o mi groz\u0105&#8221;<\/a><\/p>\n<p>        \/8<\/p>\n<p>                    <img decoding=\"async\" class=\"article-image-img\" loading=\"lazy\" alt=\"\" src=\"https:\/\/www.europesays.com\/pl\/wp-content\/uploads\/2025\/12\/7TAk9kuTURBXy9iYzViYzBkZC0zZjkxLTQ2ZjQtODJiMS1jZjY5MGNhMjg3MjguanBlZ5GTAs0DSM0B2N4AAqEwAaExAQ.jpeg\" width=\"840\" height=\"472\"\/><\/p>\n<p>                  Piotr Molecki \/ Wojciech Olkusnik \/ East News<\/p>\n<p class=\"article-gallery-p\">\n        Marta Nawrocka na \u015bwi\u0105tecznym spotkaniu. Stylistka komentuje jej str\u00f3j.\n    <\/p>\n<p>        \/8<\/p>\n<p>                    <img decoding=\"async\" class=\"article-image-img\" loading=\"lazy\" alt=\"\" src=\"https:\/\/www.europesays.com\/pl\/wp-content\/uploads\/2025\/12\/Y9Yk9kuTURBXy84MGM2NjVkNS1kZmViLTRiMmYtYmNiNS0yMTFkZDRkMDVlZWUuanBlZ5GTAs0DSM0CL94AAqEwAaExAQ.jpeg\" width=\"840\" height=\"559\"\/><\/p>\n<p>                  Wojciech Olkusnik \/ East News<\/p>\n<p class=\"article-gallery-p\">\n        Pierwsza dama postawi\u0142a na sprawdzony kolor &#8211; granatowy.\n    <\/p>\n","protected":false},"excerpt":{"rendered":"W \u015brod\u0119 Pa\u0142ac Prezydencki ponownie sta\u0142 si\u0119 miejscem dyplomatycznych rozm\u00f3w i spotka\u0144. Marta Nawrocka go\u015bci\u0142a bowiem panie ambasador&hellip;\n","protected":false},"author":2,"featured_media":144022,"comment_status":"","ping_status":"","sticky":false,"template":"","format":"standard","meta":{"footnotes":""},"categories":[12],"tags":[32,33,36,37,27,34,35,28,31,25,42,38,40,39,41,29,30,26],"class_list":{"0":"post-144021","1":"post","2":"type-post","3":"status-publish","4":"format-standard","5":"has-post-thumbnail","7":"category-polska","8":"tag-breaking-news","9":"tag-breakingnews","10":"tag-featured-news","11":"tag-featurednews","12":"tag-headlines","13":"tag-latest-news","14":"tag-latestnews","15":"tag-naglowki","16":"tag-najwazniejsze-artykuly","17":"tag-news","18":"tag-pl","19":"tag-poland","20":"tag-polish","21":"tag-polska","22":"tag-polski","23":"tag-top-stories","24":"tag-topstories","25":"tag-wiadomosci"},"share_on_mastodon":{"url":"https:\/\/pubeurope.com\/@pl\/115698177706172539","error":""},"_links":{"self":[{"href":"https:\/\/www.europesays.com\/pl\/wp-json\/wp\/v2\/posts\/144021","targetHints":{"allow":["GET"]}}],"collection":[{"href":"https:\/\/www.europesays.com\/pl\/wp-json\/wp\/v2\/posts"}],"about":[{"href":"https:\/\/www.europesays.com\/pl\/wp-json\/wp\/v2\/types\/post"}],"author":[{"embeddable":true,"href":"https:\/\/www.europesays.com\/pl\/wp-json\/wp\/v2\/users\/2"}],"replies":[{"embeddable":true,"href":"https:\/\/www.europesays.com\/pl\/wp-json\/wp\/v2\/comments?post=144021"}],"version-history":[{"count":0,"href":"https:\/\/www.europesays.com\/pl\/wp-json\/wp\/v2\/posts\/144021\/revisions"}],"wp:featuredmedia":[{"embeddable":true,"href":"https:\/\/www.europesays.com\/pl\/wp-json\/wp\/v2\/media\/144022"}],"wp:attachment":[{"href":"https:\/\/www.europesays.com\/pl\/wp-json\/wp\/v2\/media?parent=144021"}],"wp:term":[{"taxonomy":"category","embeddable":true,"href":"https:\/\/www.europesays.com\/pl\/wp-json\/wp\/v2\/categories?post=144021"},{"taxonomy":"post_tag","embeddable":true,"href":"https:\/\/www.europesays.com\/pl\/wp-json\/wp\/v2\/tags?post=144021"}],"curies":[{"name":"wp","href":"https:\/\/api.w.org\/{rel}","templated":true}]}}