{"id":144160,"date":"2025-12-11T05:02:15","date_gmt":"2025-12-11T05:02:15","guid":{"rendered":"https:\/\/www.europesays.com\/pl\/144160\/"},"modified":"2025-12-11T05:02:15","modified_gmt":"2025-12-11T05:02:15","slug":"legionisci-trenowali-w-erywaniu-legionisci-com","status":"publish","type":"post","link":"https:\/\/www.europesays.com\/pl\/144160\/","title":{"rendered":"Legioni\u015bci trenowali w Erywaniu &#8211; legionisci.com"},"content":{"rendered":"<p>O godz 16:30 czasu polskiego (19:30 czasu miejscowego) zesp\u00f3\u0142 Legii Warszawa trenowa\u0142 na stadionie Stadionie Republika\u0144skim im. Wazgena Sarkisjana, na kt\u00f3rym w czwartek zmierzy si\u0119 z arme\u0144skim FC Noah Erywa\u0144. Obiekt mo\u017ce pomie\u015bci\u0107 14,5 tysi\u0105ca kibic\u00f3w. Dzie\u0144 przed meczem daje si\u0119 wyczu\u0107 du\u017c\u0105 mobilizacj\u0119 s\u0142u\u017cb mundurowych.<\/p>\n<p>Ju\u017c dzie\u0144 przed meczem wej\u015bcie na obiekt by\u0142o nieco utrudnione. Wszyscy byli skrupulatnie sprawdzani przez ochron\u0119. Miejscowi dzia\u0142acze sugeruj\u0105, \u017ce ze wzgl\u0119d\u00f3w bezpiecze\u0144stwa w dniu meczu b\u0119dzie trudniej. Wp\u0142yw ma na to fakt, \u017ce <a href=\"https:\/\/legionisci.com\/news\/103062_UEFA-ukarala-Legie-Zakaz-wyjazdowy-do-Armenii.html\" rel=\"nofollow noopener\" target=\"_blank\">UEFA na\u0142o\u017cy\u0142a na kibic\u00f3w Legii zakaz wyjazdowy za odpalenie pirotechniki podczas wyjazdowego meczu z NK Celje<\/a>, a jak wiadomo kibice Legii je\u017cd\u017c\u0105 za swoj\u0105 dru\u017cyn\u0105 mimo takich obostrze\u0144.<\/p>\n<p>\u00a0<\/p>\n<p>Przed treningiem odby\u0142a si\u0119 konferencja Inakiego Astiza i Wahana Biczachczjana, kt\u00f3rej zapis mo\u017cecie znale\u017a\u0107 na naszej stronie. Nast\u0119pnie wszyscy stawili si\u0119 na murawie. Dziennikarze mogli obejrze\u0107 pierwszy kwadrans, podczas kt\u00f3rego zesp\u00f3\u0142 prowadzi\u0142 rozgrzewk\u0119 w formie zabawy i rywalizacji.<\/p>\n<p>Z dru\u017cyn\u0105 do Erywania przylecieli prezes Dariusz Mioduski i wiceprezes Jaros\u0142aw Jurczak. Obecni s\u0105 tak\u017ce dyrektorzy pionu sportowego &#8211; Micha\u0142 \u017bew\u0142akow i Fredi Bobi\u0107.<\/p>\n<p> <a href=\"https:\/\/legionisci.com\/galeria\/6501\" rel=\"nofollow noopener\" target=\"_blank\">Legia trenowa\u0142a w Erywaniu<\/a> &#8211; Woytek \/ 24 zdj\u0119cia\u00a0<\/p>\n<p>Mecz 5. kolejki fazy ligowej Ligi Konferencji FC Noah Erywa\u0144 &#8211; Legia Warszawa odb\u0119dzie si\u0119 w czwartek, 11 grudnia o godz. 18:45 czasu polskiego (21:45 czasu miejscowego).<\/p>\n<p style=\"text-align: justify;\"><img decoding=\"async\" src=\"https:\/\/www.europesays.com\/pl\/wp-content\/uploads\/2025\/12\/1765387436.jpg\" alt=\"Erywa\u0144 stadion\"\/>fot. Woytek \/ Legionisci.com<\/p>\n<p><img decoding=\"async\" src=\"https:\/\/www.europesays.com\/pl\/wp-content\/uploads\/2025\/12\/1765385798.jpg\" alt=\"FC Noah Erywa\u0144, trening Legia Warszawa Armenia stadion Stadion Republika\u0144ski im. Wazgena Sarkisjana\"\/>fot. Woytek \/ Legionisci.com<br \/><img decoding=\"async\" src=\"https:\/\/www.europesays.com\/pl\/wp-content\/uploads\/2025\/12\/1765385957.jpg\" alt=\"FC Noah Erywa\u0144, trening Legia Warszawa Armenia sektor go\u015bci stadion\"\/>Sektor go\u015bci &#8211; fot. Woytek \/ Legionisci.com<\/p>\n","protected":false},"excerpt":{"rendered":"O godz 16:30 czasu polskiego (19:30 czasu miejscowego) zesp\u00f3\u0142 Legii Warszawa trenowa\u0142 na stadionie Stadionie Republika\u0144skim im. Wazgena&hellip;\n","protected":false},"author":2,"featured_media":144161,"comment_status":"","ping_status":"","sticky":false,"template":"","format":"standard","meta":{"footnotes":""},"categories":[24],"tags":[42,38,40,39,41,127,126],"class_list":{"0":"post-144160","1":"post","2":"type-post","3":"status-publish","4":"format-standard","5":"has-post-thumbnail","7":"category-sport","8":"tag-pl","9":"tag-poland","10":"tag-polish","11":"tag-polska","12":"tag-polski","13":"tag-sport","14":"tag-sports"},"share_on_mastodon":{"url":"https:\/\/pubeurope.com\/@pl\/115699184290061327","error":""},"_links":{"self":[{"href":"https:\/\/www.europesays.com\/pl\/wp-json\/wp\/v2\/posts\/144160","targetHints":{"allow":["GET"]}}],"collection":[{"href":"https:\/\/www.europesays.com\/pl\/wp-json\/wp\/v2\/posts"}],"about":[{"href":"https:\/\/www.europesays.com\/pl\/wp-json\/wp\/v2\/types\/post"}],"author":[{"embeddable":true,"href":"https:\/\/www.europesays.com\/pl\/wp-json\/wp\/v2\/users\/2"}],"replies":[{"embeddable":true,"href":"https:\/\/www.europesays.com\/pl\/wp-json\/wp\/v2\/comments?post=144160"}],"version-history":[{"count":0,"href":"https:\/\/www.europesays.com\/pl\/wp-json\/wp\/v2\/posts\/144160\/revisions"}],"wp:featuredmedia":[{"embeddable":true,"href":"https:\/\/www.europesays.com\/pl\/wp-json\/wp\/v2\/media\/144161"}],"wp:attachment":[{"href":"https:\/\/www.europesays.com\/pl\/wp-json\/wp\/v2\/media?parent=144160"}],"wp:term":[{"taxonomy":"category","embeddable":true,"href":"https:\/\/www.europesays.com\/pl\/wp-json\/wp\/v2\/categories?post=144160"},{"taxonomy":"post_tag","embeddable":true,"href":"https:\/\/www.europesays.com\/pl\/wp-json\/wp\/v2\/tags?post=144160"}],"curies":[{"name":"wp","href":"https:\/\/api.w.org\/{rel}","templated":true}]}}