{"id":144198,"date":"2025-12-11T05:51:08","date_gmt":"2025-12-11T05:51:08","guid":{"rendered":"https:\/\/www.europesays.com\/pl\/144198\/"},"modified":"2025-12-11T05:51:08","modified_gmt":"2025-12-11T05:51:08","slug":"trener-rayo-vallecano-zdradzil-co-chce-zrobic-w-meczu-z-jagiellonia","status":"publish","type":"post","link":"https:\/\/www.europesays.com\/pl\/144198\/","title":{"rendered":"Trener Rayo Vallecano zdradzi\u0142, co chce zrobi\u0107 w meczu z Jagielloni\u0105"},"content":{"rendered":"<p class=\"Paragraph_desktopParagraph__Fd2e9\">\u2014 Tak naprawd\u0119 chodzi o to, by szuka\u0107 mo\u017cliwo\u015bci wygranej. I je\u015bli w tym nie zabraknie naszej to\u017csamo\u015bci, to ja na pewno b\u0119d\u0119 z tego bardzo zadowolony i tak postaramy si\u0119 tutaj gra\u0107 \u2014 m\u00f3wi\u0142 dziennikarzom trener Perez. Rayo Vallecano po czterech kolejkach fazy ligowej LK zajmuje w tabeli dwunaste miejsce i ma punkt mniej ni\u017c Jagiellonia, kt\u00f3ra jest dziewi\u0105ta.<\/p>\n<p class=\"VideoPlayerText_videoPlayerText__zrtJk\">Dalszy ci\u0105g materia\u0142u pod wideo<\/p>\n<p class=\"Paragraph_desktopParagraph__Fd2e9\">37-letni szkoleniowiec przyzna\u0142, \u017ce sposobem b\u0119dzie pr\u00f3ba zdominowania przeciwnika i kontrola meczu przez utrzymywanie si\u0119 przy pi\u0142ce. \u2014 Zdecydowanie chcieliby\u015bmy mie\u0107 t\u0119 pi\u0142k\u0119 jak najd\u0142u\u017cej, jak najcz\u0119\u015bciej, ale po to, \u017ceby potem przenie\u015b\u0107 si\u0119 na po\u0142ow\u0119 przeciwnika i stara\u0107 si\u0119 strzeli\u0107 gola \u2014 doda\u0142.<\/p>\n<p class=\"Paragraph_desktopParagraph__Fd2e9\">Trener Perez przyzna\u0142, \u017ce analizowa\u0142 mecze bia\u0142ostoczan z Betisem Sewilla. Wiosn\u0105 w walce o p\u00f3\u0142fina\u0142 poprzedniej edycji LK Jagiellonia przegra\u0142a w Sewilli 0:2, u siebie zremisowa\u0142a 1:1 i w tej fazie odpad\u0142a z rozgrywek.<\/p>\n<p>Rayo Vallecano mierzy w awans<\/p>\n<p class=\"Paragraph_desktopParagraph__Fd2e9\">Zaznaczy\u0142, \u017ce jego dru\u017cyna chce przej\u015b\u0107 do fazy play off Ligi Konferencji i \u2014 zw\u0142aszcza wobec pora\u017cki w minionej kolejce na S\u0142owacji ze Slovanem Bratys\u0142awa i swojej sytuacji w tabeli \u2014 potrzebuje dobrego wyniku w czwartkowym meczu.<\/p>\n<p class=\"Paragraph_desktopParagraph__Fd2e9\">\u2014 Analizowali\u015bmy inne dru\u017cyny graj\u0105ce z podobnym poziomem agresywno\u015bci czy ofensywy. Przygl\u0105dali\u015bmy si\u0119, jak gra Jagiellonia. Patrz\u0105c te\u017c na jej osi\u0105gni\u0119cia w minionym sezonie i wygrane z ostatniego czasu wiemy, \u017ce zmierzymy si\u0119 z przeciwnikiem, kt\u00f3ry jest silny jako zesp\u00f3\u0142 \u2014 m\u00f3wi\u0142 dziennikarzom trener Perez.<\/p>\n<p class=\"Paragraph_desktopParagraph__Fd2e9\">Przez hiszpa\u0144skie media by\u0142 pytany o podr\u00f3\u017c z Madrytu do Bia\u0142egostoku, kt\u00f3ra zaj\u0119\u0142a siedem godzin, i jak to mo\u017ce wp\u0142yn\u0105\u0107 na postaw\u0119 pi\u0142karzy Rayo.<\/p>\n<p class=\"Paragraph_desktopParagraph__Fd2e9\">\u2014 Podr\u00f3\u017c to podr\u00f3\u017c i nie ma innej mo\u017cliwo\u015bci, musi si\u0119 to odby\u0107 w taki spos\u00f3b i nie chc\u0119 \u017ceby by\u0142o to jak\u0105\u015b wym\u00f3wk\u0105 \u2014 podkre\u015bli\u0142 szkoleniowiec. Przypomnia\u0142, \u017ce w kwietniu w podobny spos\u00f3b na mecz z Jagielloni\u0105 podr\u00f3\u017cowa\u0142 do Polski Betis.<\/p>\n<p class=\"Paragraph_desktopParagraph__Fd2e9\">Pocz\u0105tek meczu Jagiellonia \u2014 Rayo Vallecano w czwartek o godz. 18.45 na Chorten Arenie w Bia\u0142ymstoku.<\/p>\n<p class=\"Paragraph_desktopParagraph__Fd2e9\">\u0179r\u00f3d\u0142o informacji: Polska Agencja Prasowa<\/p>\n","protected":false},"excerpt":{"rendered":"\u2014 Tak naprawd\u0119 chodzi o to, by szuka\u0107 mo\u017cliwo\u015bci wygranej. I je\u015bli w tym nie zabraknie naszej to\u017csamo\u015bci,&hellip;\n","protected":false},"author":2,"featured_media":144199,"comment_status":"","ping_status":"","sticky":false,"template":"","format":"standard","meta":{"footnotes":"","_share_on_mastodon":"0"},"categories":[24],"tags":[67,2477,7713,42,38,40,39,41,136,128,20438,47,127,135,126,130],"class_list":["post-144198","post","type-post","status-publish","format-standard","has-post-thumbnail","category-sport","tag-intextvideo_splayer","tag-jagiellonia_bialystok","tag-liga_konferencji_europy","tag-pl","tag-poland","tag-polish","tag-polska","tag-polski","tag-ps_detal_new","tag-psv2","tag-rayo_vallecano","tag-screening_general","tag-sport","tag-sport_sport","tag-sports","tag-wiadomosci_sportowe"],"share_on_mastodon":{"url":"https:\/\/pubeurope.com\/@pl\/115699376652360400","error":""},"_links":{"self":[{"href":"https:\/\/www.europesays.com\/pl\/wp-json\/wp\/v2\/posts\/144198","targetHints":{"allow":["GET"]}}],"collection":[{"href":"https:\/\/www.europesays.com\/pl\/wp-json\/wp\/v2\/posts"}],"about":[{"href":"https:\/\/www.europesays.com\/pl\/wp-json\/wp\/v2\/types\/post"}],"author":[{"embeddable":true,"href":"https:\/\/www.europesays.com\/pl\/wp-json\/wp\/v2\/users\/2"}],"replies":[{"embeddable":true,"href":"https:\/\/www.europesays.com\/pl\/wp-json\/wp\/v2\/comments?post=144198"}],"version-history":[{"count":0,"href":"https:\/\/www.europesays.com\/pl\/wp-json\/wp\/v2\/posts\/144198\/revisions"}],"wp:featuredmedia":[{"embeddable":true,"href":"https:\/\/www.europesays.com\/pl\/wp-json\/wp\/v2\/media\/144199"}],"wp:attachment":[{"href":"https:\/\/www.europesays.com\/pl\/wp-json\/wp\/v2\/media?parent=144198"}],"wp:term":[{"taxonomy":"category","embeddable":true,"href":"https:\/\/www.europesays.com\/pl\/wp-json\/wp\/v2\/categories?post=144198"},{"taxonomy":"post_tag","embeddable":true,"href":"https:\/\/www.europesays.com\/pl\/wp-json\/wp\/v2\/tags?post=144198"}],"curies":[{"name":"wp","href":"https:\/\/api.w.org\/{rel}","templated":true}]}}