{"id":144210,"date":"2025-12-11T06:05:10","date_gmt":"2025-12-11T06:05:10","guid":{"rendered":"https:\/\/www.europesays.com\/pl\/144210\/"},"modified":"2025-12-11T06:05:10","modified_gmt":"2025-12-11T06:05:10","slug":"rosjanie-swietuja-czekalismy-1385-dni","status":"publish","type":"post","link":"https:\/\/www.europesays.com\/pl\/144210\/","title":{"rendered":"Rosjanie \u015bwi\u0119tuj\u0105. &#8222;Czekali\u015bmy 1385 dni&#8221;"},"content":{"rendered":"\n<p class=\"contentpart contentpart--default contentpart--text\" data-position=\"0\">Sportowy S\u0105d Arbitra\u017cowy (CAS) postanowi\u0142 niedawno uchyli\u0107 wcze\u015bniejszy zakaz start\u00f3w dla zawodnik\u00f3w z Rosji ze strony Mi\u0119dzynarodowej Federacji Narciarskiej i Snowboardowej i zezwoli\u0142 im na udzia\u0142 w imprezach <a href=\"https:\/\/sportowefakty.wp.pl\/zimowe\/fis\" rel=\"nofollow noopener\" target=\"_blank\">FIS<\/a>\u00a0w neutralnym statusie. Aby tak si\u0119 sta\u0142o, nie mogli oni jednak wykazywa\u0107 poparcia dla dzia\u0142a\u0144 wojennych na terenie Ukrainy. W \u015brod\u0119 federacja og\u0142osi\u0142a nazwiska dziewi\u0119ciu sportowc\u00f3w, kt\u00f3rzy spe\u0142nili ten warunek.<\/p>\n<p class=\"contentpart contentpart--default contentpart--text\" data-position=\"1\">W tym gronie znalaz\u0142o si\u0119 dwoje biegaczy narciarskich, <a href=\"https:\/\/sportowefakty.wp.pl\/biegi-narciarskie\/sawielij-korostielow\" rel=\"nofollow noopener\" target=\"_blank\">Sawielij Korostielow<\/a>\u00a0i <a href=\"https:\/\/sportowefakty.wp.pl\/biegi-narciarskie\/daria-nieprajewa\" rel=\"nofollow noopener\" target=\"_blank\">Daria Nieprajewa<\/a>. Tym samym wszystko wskazuje na to, \u017ce zobaczymy ich ju\u017c podczas najbli\u017cszego <a href=\"https:\/\/sportowefakty.wp.pl\/biegi-narciarskie\/puchar-swiata-biegi-narciarskie\" rel=\"nofollow noopener\" target=\"_blank\">P\u015a w biegach narciarskich<\/a>\u00a0w Davos (12-14 grudnia). Szwajcaria poinformowa\u0142a bowiem wcze\u015bniej, \u017ce nie zamierza blokowa\u0107 wjazdu zawodnikom z tego kraju, je\u017celi spe\u0142ni\u0105 wymogi wizowe.<\/p>\n<p> <img role=\"presentation\" src=\"https:\/\/std.wpcdn.pl\/images\/adv\/placeholder_wp.svg\" loading=\"lazy\" alt=\"\" decoding=\"async\"\/>  <\/p>\n<p class=\"contentpart contentpart--default contentpart--text\" data-position=\"2\">ZOBACZ WIDEO: &#8222;Jakie s\u0105 polskie skoki po P\u015a w Wi\u015ble?&#8221;. Tak odpowiada ekspert<\/p>\n<p class=\"contentpart contentpart--default contentpart--text\" data-position=\"4\">Rosjanie ju\u017c teraz \u015bwi\u0119tuj\u0105 powr\u00f3t swoich zawodnik\u00f3w do rywalizacji. &#8222;Czekali\u015bmy na to od 1385 dni&#8221; &#8211; czytamy ju\u017c w tytule artyku\u0142u na portalu sport-express.ru. &#8222;Ostatni start Rosjan w mi\u0119dzynarodowych zawodach mia\u0142 miejsce 27 lutego 2022 roku w biegach stylem klasycznym w Lahti w Finlandii. Aleksander Bolszunow by\u0142 pi\u0105ty na dystansie 15 km, a Natalia Nieprajewa-Terentjewa druga na 10 km&#8221; &#8211; dodano.<\/p>\n<p class=\"contentpart contentpart--default contentpart--text\" data-position=\"5\">Zbie\u017cno\u015b\u0107 nazwisk nie jest w tutaj przypadkowa. 20-letnia Daria Nieprajewa jest bowiem m\u0142odsz\u0105 siostr\u0105 <a href=\"https:\/\/sportowefakty.wp.pl\/biegi-narciarskie\/natalia-nieprajewa\" rel=\"nofollow noopener\" target=\"_blank\">Natalii Nieprajewej<\/a>, kt\u00f3ra w 2023 roku wysz\u0142a za biegacza Aleksandra Terentjewa. Mistrzyni olimpijska w sztafecie z 2022 roku z Pekinu na ten moment nie wr\u00f3ci do rywalizacji, oczekuje bowiem narodzin drugiego dziecka.<\/p>\n<p class=\"contentpart contentpart--default contentpart--text\" data-position=\"6\">Dla m\u0142odszej z rosyjskich si\u00f3str oraz dla Korostielowa b\u0119dzie to debiut w P\u015a. Biegacz uda\u0142 si\u0119 do Davos ju\u017c w poniedzia\u0142ek, aby oswoi\u0107 si\u0119 z tamtejszymi trasami. Rosyjscy zawodnicy wezm\u0105 udzia\u0142 w sobotnim sprincie indywidualnym stylem dowolnym. Media z kraju agresora licz\u0105 nie tylko na dobry wyst\u0119p swoich sportowc\u00f3w, ale te\u017c na zapewnienie przepustki na przysz\u0142oroczne igrzyska olimpijskie.<\/p>\n<p> <img role=\"presentation\" src=\"https:\/\/std.wpcdn.pl\/images\/adv\/placeholder_wp.svg\" loading=\"lazy\" alt=\"\" decoding=\"async\"\/>  <\/p>\n<p class=\"contentpart contentpart--default contentpart--text\" data-position=\"7\">&#8222;Awans do \u0107wier\u0107fina\u0142u sprintu i miejsce w pierwszej dwudziestce wystarcz\u0105 &#8211; zar\u00f3wno do rozwi\u0105zania wszystkich problem\u00f3w z limitami olimpijskimi, jak i do odpowiedniego zaznaczenia naszego powrotu do Pucharu \u015awiata&#8221; &#8211; czytamy. Wykluczenie sportowc\u00f3w z Rosji i popieraj\u0105cej j\u0105 Bia\u0142orusi z mi\u0119dzynarodowej rywalizacji rozpocz\u0119\u0142o si\u0119 w marcu 2022 roku z uwagi na wojn\u0119 w Ukrainie.<\/p>\n","protected":false},"excerpt":{"rendered":"Sportowy S\u0105d Arbitra\u017cowy (CAS) postanowi\u0142 niedawno uchyli\u0107 wcze\u015bniejszy zakaz start\u00f3w dla zawodnik\u00f3w z Rosji ze strony Mi\u0119dzynarodowej Federacji&hellip;\n","protected":false},"author":2,"featured_media":144211,"comment_status":"","ping_status":"","sticky":false,"template":"","format":"standard","meta":{"footnotes":""},"categories":[24],"tags":[10598,29302,1571,29300,42,38,40,39,41,29299,87,29301,127,126,447],"class_list":{"0":"post-144210","1":"post","2":"type-post","3":"status-publish","4":"format-standard","5":"has-post-thumbnail","7":"category-sport","8":"tag-biegi-narciarskie","9":"tag-daria-nieprajewa","10":"tag-fis","11":"tag-natalia-nieprajewa","12":"tag-pl","13":"tag-poland","14":"tag-polish","15":"tag-polska","16":"tag-polski","17":"tag-ps-w-biegach-narciarskich","18":"tag-rosja","19":"tag-sawielij-korostielow","20":"tag-sport","21":"tag-sports","22":"tag-sporty-zimowe"},"share_on_mastodon":{"url":"https:\/\/pubeurope.com\/@pl\/115699431971075755","error":""},"_links":{"self":[{"href":"https:\/\/www.europesays.com\/pl\/wp-json\/wp\/v2\/posts\/144210","targetHints":{"allow":["GET"]}}],"collection":[{"href":"https:\/\/www.europesays.com\/pl\/wp-json\/wp\/v2\/posts"}],"about":[{"href":"https:\/\/www.europesays.com\/pl\/wp-json\/wp\/v2\/types\/post"}],"author":[{"embeddable":true,"href":"https:\/\/www.europesays.com\/pl\/wp-json\/wp\/v2\/users\/2"}],"replies":[{"embeddable":true,"href":"https:\/\/www.europesays.com\/pl\/wp-json\/wp\/v2\/comments?post=144210"}],"version-history":[{"count":0,"href":"https:\/\/www.europesays.com\/pl\/wp-json\/wp\/v2\/posts\/144210\/revisions"}],"wp:featuredmedia":[{"embeddable":true,"href":"https:\/\/www.europesays.com\/pl\/wp-json\/wp\/v2\/media\/144211"}],"wp:attachment":[{"href":"https:\/\/www.europesays.com\/pl\/wp-json\/wp\/v2\/media?parent=144210"}],"wp:term":[{"taxonomy":"category","embeddable":true,"href":"https:\/\/www.europesays.com\/pl\/wp-json\/wp\/v2\/categories?post=144210"},{"taxonomy":"post_tag","embeddable":true,"href":"https:\/\/www.europesays.com\/pl\/wp-json\/wp\/v2\/tags?post=144210"}],"curies":[{"name":"wp","href":"https:\/\/api.w.org\/{rel}","templated":true}]}}