{"id":144220,"date":"2025-12-11T06:15:09","date_gmt":"2025-12-11T06:15:09","guid":{"rendered":"https:\/\/www.europesays.com\/pl\/144220\/"},"modified":"2025-12-11T06:15:09","modified_gmt":"2025-12-11T06:15:09","slug":"niemiecka-siec-zamyka-kolejne-sklepy-ruszyly-wyprzedaze-likwidacyjne","status":"publish","type":"post","link":"https:\/\/www.europesays.com\/pl\/144220\/","title":{"rendered":"Niemiecka sie\u0107 zamyka kolejne sklepy. Ruszy\u0142y wyprzeda\u017ce likwidacyjne"},"content":{"rendered":"<p>Grupa Hellweg, dzia\u0142aj\u0105ca od ponad pi\u0119\u0107dziesi\u0119ciu lat, mierzy si\u0119 obecnie z\u00a0jedn\u0105 z\u00a0najwi\u0119kszych redukcji w\u00a0swojej historii. Firma z\u00a0Dortmundu przez lata rozbudowa\u0142a sie\u0107 do prawie 90 sklep\u00f3w na terenie <a href=\"https:\/\/finanse.wp.pl\/niemiec-poszedl-do-rossmanna-w-polsce-porownal-ceny-szok-7218603486108448a\" rel=\"noopener noreferrer nofollow\" target=\"_blank\">Niemiec<\/a> i\u00a0Austrii oraz zarz\u0105dza\u0142a ponad 50 marketami BayWa Bau &amp; Garten.<\/p>\n<p>Liczyli na\u00a0du\u017cy zarobek. &#8222;Najgorszy dzie\u0144&#8221; <\/p>\n<p>Pierwsze wzmianki o\u00a0planach zamykania pojawi\u0142y si\u0119 w\u00a0maju &#8211;\u00a0w\u00f3wczas zlikwidowano siedem plac\u00f3wek. Obecnie, wed\u0142ug danych widocznych na stronie internetowej przedsi\u0119biorstwa, funkcjonuje ju\u017c tylko oko\u0142o 70 sklep\u00f3w. <\/p>\n<p>Zamkni\u0119cia dotycz\u0105 sklep\u00f3w w\u00a0Niemczech i\u00a0<a href=\"https:\/\/finanse.wp.pl\/20-zl-za-grzaniec-w-warszawie-wiemy-ile-kosztuje-w-wiedniu-7228749370362816a\" rel=\"noopener noreferrer nofollow\" target=\"_blank\">Austrii.<\/a> Nie dzia\u0142aj\u0105 ju\u017c plac\u00f3wki np. w\u00a0Hallstadt, Bielefeld-Brackwede, Hagen-Boele, Osnabr\u00fcck oraz w\u00a0dzielnicach Essen-Altenessen i\u00a0Oberhausen.<\/p>\n<p>Jak podaje portalspozywczy.pl, powodem redukcji liczby sklep\u00f3w jest trudna sytuacja finansowa. Zarz\u0105d Hellweg wskazuje, \u017ce za decyzj\u0105 stoj\u0105 rosn\u0105ce koszty prowadzenia dzia\u0142alno\u015bci, s\u0142aby popyt i\u00a0naciski ekonomiczne z\u00a0ostatnich kilku lat.<\/p>\n<p>Informacje o\u00a0likwidacjach przekazuj\u0105 g\u0142\u00f3wnie media lokalne i\u00a0regionalne. Jak podaje serwis merkur.de, w\u0142a\u015bciciele nie sporz\u0105dzili oficjalnego wykazu zamykanych sklep\u00f3w, przez co dok\u0142adny zasi\u0119g redukcji pozostaje niejasny. W\u00a0cz\u0119\u015bci sklep\u00f3w ju\u017c teraz odbywaj\u0105 si\u0119 <a href=\"https:\/\/finanse.wp.pl\/chaos-puste-kartony-i-brak-cen-biedronka-reaguje-po-naszej-wizycie-7156620680522272a\" rel=\"noopener noreferrer nofollow\" target=\"_blank\">wyprzeda\u017ce<\/a> likwidacyjne, o\u00a0czym klienci s\u0105 informowani przy wej\u015bciach.<\/p>\n<p>Plac\u00f3wki w\u00a0Menden, G\u00fctersloh, Gelsenkirchen i\u00a0Essen-Frillendorf maj\u0105 dzia\u0142a\u0107 jeszcze do lutego, lecz nie pojawiaj\u0105 si\u0119 ju\u017c w\u00a0internetowej wyszukiwarce. To wskazuje, \u017ce zamkni\u0119\u0107 mo\u017ce by\u0107 wi\u0119cej ni\u017c wykazuje oficjalna komunikacja firmy.<\/p>\n<p>Hellweg przez lata budowa\u0142 pozycj\u0119 na rynku jako sie\u0107 rodzinnych market\u00f3w budowlano-ogrodniczych i\u00a0zatrudnia\u0142 kilka tysi\u0119cy os\u00f3b. Jednak trwaj\u0105ce zamkni\u0119cia mog\u0105 wp\u0142ywa\u0107 na zatrudnienie i\u00a0lokalne spo\u0142eczno\u015bci. Dalszy los poszczeg\u00f3lnych sklep\u00f3w i\u00a0pracownik\u00f3w pozostaje niepewny ze wzgl\u0119du na ograniczon\u0105 transparentno\u015b\u0107 komunikacji firmy.<\/p>\n<p>Niemiecki serwis zwraca uwag\u0119, \u017ce podobne wyzwania dotykaj\u0105 r\u00f3wnie\u017c inne bran\u017ce w\u00a0Niemczech, gdzie coraz wi\u0119cej firm &#8211;\u00a0w\u00a0tym sieci <a href=\"https:\/\/finanse.wp.pl\/niemiecka-marka-odziezowa-upada-400-sklepow-bez-dostaw-7209440360442816a\" rel=\"noopener noreferrer nofollow\" target=\"_blank\">odzie\u017cowe<\/a> i\u00a0dyskonty &#8211;\u00a0decyduje si\u0119 na zamkni\u0119cia sklep\u00f3w.<\/p>\n<p>\u017ar\u00f3d\u0142o: portalspozywczy.pl, WP Finanse<\/p>\n","protected":false},"excerpt":{"rendered":"Grupa Hellweg, dzia\u0142aj\u0105ca od ponad pi\u0119\u0107dziesi\u0119ciu lat, mierzy si\u0119 obecnie z\u00a0jedn\u0105 z\u00a0najwi\u0119kszych redukcji w\u00a0swojej historii. Firma z\u00a0Dortmundu przez&hellip;\n","protected":false},"author":2,"featured_media":144221,"comment_status":"","ping_status":"","sticky":false,"template":"","format":"standard","meta":{"footnotes":""},"categories":[16],"tags":[113,112,42,38,40,39,41],"class_list":{"0":"post-144220","1":"post","2":"type-post","3":"status-publish","4":"format-standard","5":"has-post-thumbnail","7":"category-biznes","8":"tag-biznes","9":"tag-business","10":"tag-pl","11":"tag-poland","12":"tag-polish","13":"tag-polska","14":"tag-polski"},"share_on_mastodon":{"url":"https:\/\/pubeurope.com\/@pl\/115699471010083625","error":""},"_links":{"self":[{"href":"https:\/\/www.europesays.com\/pl\/wp-json\/wp\/v2\/posts\/144220","targetHints":{"allow":["GET"]}}],"collection":[{"href":"https:\/\/www.europesays.com\/pl\/wp-json\/wp\/v2\/posts"}],"about":[{"href":"https:\/\/www.europesays.com\/pl\/wp-json\/wp\/v2\/types\/post"}],"author":[{"embeddable":true,"href":"https:\/\/www.europesays.com\/pl\/wp-json\/wp\/v2\/users\/2"}],"replies":[{"embeddable":true,"href":"https:\/\/www.europesays.com\/pl\/wp-json\/wp\/v2\/comments?post=144220"}],"version-history":[{"count":0,"href":"https:\/\/www.europesays.com\/pl\/wp-json\/wp\/v2\/posts\/144220\/revisions"}],"wp:featuredmedia":[{"embeddable":true,"href":"https:\/\/www.europesays.com\/pl\/wp-json\/wp\/v2\/media\/144221"}],"wp:attachment":[{"href":"https:\/\/www.europesays.com\/pl\/wp-json\/wp\/v2\/media?parent=144220"}],"wp:term":[{"taxonomy":"category","embeddable":true,"href":"https:\/\/www.europesays.com\/pl\/wp-json\/wp\/v2\/categories?post=144220"},{"taxonomy":"post_tag","embeddable":true,"href":"https:\/\/www.europesays.com\/pl\/wp-json\/wp\/v2\/tags?post=144220"}],"curies":[{"name":"wp","href":"https:\/\/api.w.org\/{rel}","templated":true}]}}