{"id":144224,"date":"2025-12-11T06:19:09","date_gmt":"2025-12-11T06:19:09","guid":{"rendered":"https:\/\/www.europesays.com\/pl\/144224\/"},"modified":"2025-12-11T06:19:09","modified_gmt":"2025-12-11T06:19:09","slug":"kluczowy-wynik-dla-polski-z-rankingu-uefa-nadszedl-tuz-po-meczu-lm-przeglad-sportowy-onet","status":"publish","type":"post","link":"https:\/\/www.europesays.com\/pl\/144224\/","title":{"rendered":"Kluczowy wynik dla Polski z rankingu UEFA. Nadszed\u0142 tu\u017c po meczu LM &#8211; Przegl\u0105d Sportowy Onet"},"content":{"rendered":"<ol>\n<li><a href=\"https:\/\/news.google.com\/rss\/articles\/CBMizgFBVV95cUxQU085T0hjVWdyYlpXcUdlbk56ZGVLRkxQRDZzeFNjQkpnNm5xN0lVaEFjbXhZeElzSGdkZ1BnS1Nwa1ZSeVY1ZjFKNXZuWFd6blhBd0g1a1VEdVpPOE5hUjVxc3hQWnNlalA3NXF2a3M3YTFzSDRKUGFMYmpLUGpYV281d3hKTWYtX2x0UFdhWGJBTkE1Rno2YlVRSm83dlpibnJQcC01TnliSUpVcUpQRGljTEtlMExpR0p6Q3o4T0FyMlJQeThXZl9GcU4tUQ?oc=5\" target=\"_blank\" rel=\"nofollow noopener\">Kluczowy wynik dla Polski z rankingu UEFA. Nadszed\u0142 tu\u017c po meczu LM<\/a>&nbsp;&nbsp;Przegl\u0105d Sportowy Onet<\/li>\n<li><a href=\"https:\/\/news.google.com\/rss\/articles\/CBMizAFBVV95cUxNM3hxVllZMmM0MFk3OURudndaNXBQalVWdUxWZnBZTFRCNElNMHpXd0FVUHJVVm5ZT09QakVIX0xudEV4djRTV3hkeWlHQTg1X2RGNUo2eUNvWmQ4RU8ydGxoRG9fU2Zta2RLd2hObEJ0ZHN0U2V2LUxaUVNodXZ2MDRmRGxXU3F5dmZrQ0w4ZkNFZkpGSE1nQ0s2azFqR1BQTjlLang2aVpiS014dTNqSUJnVGNuS2RGd1UzOG9KZnd3TVJwVG1feFAwUE8?oc=5\" target=\"_blank\" rel=\"nofollow noopener\">W oczekiwaniu na sensacj\u0119. Coraz trudniejsza sytuacja polskich klub\u00f3w<\/a>&nbsp;&nbsp;Sport w INTERIA.PL<\/li>\n<li><a href=\"https:\/\/news.google.com\/rss\/articles\/CBMiqAFBVV95cUxOc0d0cHVCUDU5X2JDOUp5TlpxSko4NUUtRWZ1LXZSZmd2NWVRa3ZSeWRqVWw0eGpaak1rb0hqR3Jfc3RGYTlLUHZHVGx2aG9sVVRkWmNwM0t3Vi1wVU91VHAwdldGZzJyYlVFeEZ2RUtka0RSTEFLOEtqMjEzLUp6TEtVd3ZTeXBtSTQ5MzNrRUlkS014YXZoNDRXTHRlOUI0cXd3NkxoZGY?oc=5\" target=\"_blank\" rel=\"nofollow noopener\">Goni\u0105 Polsk\u0119 w rankingu UEFA. Niespodziewane punkty rywali<\/a>&nbsp;&nbsp;Meczyki.pl<\/li>\n<li><a href=\"https:\/\/news.google.com\/rss\/articles\/CBMirgFBVV95cUxOSGljSVJSR0g5Z1d0eUkwc19Yc1c1dS11eWtDdWFEc2w2cUpCb3NhTExSSjZCUjIwcXI3dWFmTS1haEduWXVfaDdjQW1vczFiZ3FGUXQ3cVJqOTQ0c2htQzNnVjQ3RXgxUDJQS2czbV83OGRFeC1NQVh0UFVtS2pqaVRzUXBlcnRVTTVCQmFJS0VxbjktU1NzUWRXRGs1SllEQmZXU2hwUWx5endsX0E?oc=5\" target=\"_blank\" rel=\"nofollow noopener\">Fatalne wie\u015bci dla Polski po meczu Ligi Mistrz\u00f3w. Tak wygl\u0105da ranking UEFA Pi\u0142ka no\u017cna<\/a>&nbsp;&nbsp;Sport.pl<\/li>\n<li><a href=\"https:\/\/news.google.com\/rss\/articles\/CBMi0gFBVV95cUxPT2VQX295ZGZoSWs4T0hLMWZEVjhUa3hJclE0Y1F1Yy1sU0YwRmR2NWI3bjBVT3l6LV83RXFXUnhWZUM1LXhJbVMwZTRpZ01KR2Viek9Mb01BN1QtZk04T3hrYkdXY0pRbWpnUmwtY3NnVGc3eWZEQTh5eHpLWEFtSGg3TDAzMEJ2YzZkYjQ5R1ZDclJSUlVucUd0V3dNd0VpZHgxMlQ2ek9oWWY0dkVTV2o2WUt2clVKSHpqWE1CUlJNLUN6cVVRQ1N3R2dCS1I5WFE?oc=5\" target=\"_blank\" rel=\"nofollow noopener\">Doskona\u0142e wie\u015bci! Oto konsekwencje dla Polski po meczach Ligi Mistrz\u00f3w<\/a>&nbsp;&nbsp;Przegl\u0105d Sportowy Onet<\/li>\n<\/ol>\n","protected":false},"excerpt":{"rendered":"Kluczowy wynik dla Polski z rankingu UEFA. Nadszed\u0142 tu\u017c po meczu LM&nbsp;&nbsp;Przegl\u0105d Sportowy Onet W oczekiwaniu na sensacj\u0119.&hellip;\n","protected":false},"author":2,"featured_media":144225,"comment_status":"","ping_status":"","sticky":false,"template":"","format":"standard","meta":{"footnotes":""},"categories":[24],"tags":[8109,67,299,948,42,38,40,39,41,136,128,47,127,135,126,9121,130],"class_list":{"0":"post-144224","1":"post","2":"type-post","3":"status-publish","4":"format-standard","5":"has-post-thumbnail","7":"category-sport","8":"tag-fc_kopenhaga","9":"tag-intextvideo_splayer","10":"tag-liga_mistrzow","11":"tag-pilka_nozna","12":"tag-pl","13":"tag-poland","14":"tag-polish","15":"tag-polska","16":"tag-polski","17":"tag-ps_detal_new","18":"tag-psv2","19":"tag-screening_general","20":"tag-sport","21":"tag-sport_sport","22":"tag-sports","23":"tag-villarreal","24":"tag-wiadomosci_sportowe"},"share_on_mastodon":{"url":"https:\/\/pubeurope.com\/@pl\/115699486821798076","error":""},"_links":{"self":[{"href":"https:\/\/www.europesays.com\/pl\/wp-json\/wp\/v2\/posts\/144224","targetHints":{"allow":["GET"]}}],"collection":[{"href":"https:\/\/www.europesays.com\/pl\/wp-json\/wp\/v2\/posts"}],"about":[{"href":"https:\/\/www.europesays.com\/pl\/wp-json\/wp\/v2\/types\/post"}],"author":[{"embeddable":true,"href":"https:\/\/www.europesays.com\/pl\/wp-json\/wp\/v2\/users\/2"}],"replies":[{"embeddable":true,"href":"https:\/\/www.europesays.com\/pl\/wp-json\/wp\/v2\/comments?post=144224"}],"version-history":[{"count":0,"href":"https:\/\/www.europesays.com\/pl\/wp-json\/wp\/v2\/posts\/144224\/revisions"}],"wp:featuredmedia":[{"embeddable":true,"href":"https:\/\/www.europesays.com\/pl\/wp-json\/wp\/v2\/media\/144225"}],"wp:attachment":[{"href":"https:\/\/www.europesays.com\/pl\/wp-json\/wp\/v2\/media?parent=144224"}],"wp:term":[{"taxonomy":"category","embeddable":true,"href":"https:\/\/www.europesays.com\/pl\/wp-json\/wp\/v2\/categories?post=144224"},{"taxonomy":"post_tag","embeddable":true,"href":"https:\/\/www.europesays.com\/pl\/wp-json\/wp\/v2\/tags?post=144224"}],"curies":[{"name":"wp","href":"https:\/\/api.w.org\/{rel}","templated":true}]}}