{"id":144323,"date":"2025-12-11T07:46:11","date_gmt":"2025-12-11T07:46:11","guid":{"rendered":"https:\/\/www.europesays.com\/pl\/144323\/"},"modified":"2025-12-11T07:46:11","modified_gmt":"2025-12-11T07:46:11","slug":"holenderskie-emerytury-dla-polakow-zaskakujace-kwoty","status":"publish","type":"post","link":"https:\/\/www.europesays.com\/pl\/144323\/","title":{"rendered":"Holenderskie emerytury dla Polak\u00f3w. Zaskakuj\u0105ce kwoty"},"content":{"rendered":"<p>Polacy od wielu lat wyje\u017cd\u017caj\u0105 do pracy do Holandii, a\u00a0zjawisko to sta\u0142o si\u0119 jednym z\u00a0wa\u017cniejszych element\u00f3w wsp\u00f3\u0142czesnych migracji zarobkowych w\u00a0Europie. Holandia przyci\u0105ga przede wszystkim stabilnym rynkiem pracy, wy\u017cszymi zarobkami ni\u017c w\u00a0Polsce oraz szerok\u0105 ofert\u0105 zatrudnienia zar\u00f3wno dla pracownik\u00f3w wysoko wykwalifikowanych, jak i\u00a0os\u00f3b poszukuj\u0105cych pracy sezonowej. <\/p>\n<p>Dodatkow\u0105 zach\u0119t\u0105 jest wysoki standard \u017cycia, dobre warunki socjalne oraz otwarto\u015b\u0107 holenderskiego spo\u0142ecze\u0144stwa na pracownik\u00f3w z\u00a0zagranicy.<\/p>\n<p>&#8222;Business Insider&#8221; donosi, \u017ce ju\u017c na pocz\u0105tku XXI wieku spo\u0142eczno\u015b\u0107 polska w\u00a0Holandii zacz\u0119\u0142a dynamicznie rosn\u0105\u0107, osi\u0105gaj\u0105c obecnie liczebno\u015b\u0107 ok. 250 tys. os\u00f3b.<\/p>\n<p>Sprzedaje setki aut miesi\u0119cznie. Zdradza, na\u00a0czym zarabia dealer <\/p>\n<p>Polacy, kt\u00f3rzy przez lata pracowali w\u00a0Holandii, teraz korzystaj\u0105 z\u00a0tamtejszych \u015bwiadcze\u0144 emerytalnych. Sociale Verzekeringsbank informuje, \u017ce w\u00a0Polsce mieszka blisko 4,4 tys. os\u00f3b z\u00a0prawem do holenderskiej emerytury, co dla wielu jest istotnym wsparciem finansowym.<\/p>\n<p>\u015arednia roczna emerytura dla Polak\u00f3w wynosi ponad 3,6 tys. euro, czyli oko\u0142o 16 tys. z\u0142otych. Dodatkowo, holenderskie \u015bwiadczenia obejmuj\u0105 tak\u017ce zasi\u0142ki dla dzieci pracownik\u00f3w oraz renty po zmar\u0142ych. Dla dzieci przekazywane jest ok. 9,3 mln euro rocznie, a\u00a0dla 907 os\u00f3b renty wynosz\u0105 \u0142\u0105cznie 4,9 mln euro.<\/p>\n<p>Warto podkre\u015bli\u0107, \u017ce mimo atrakcyjnych \u015bwiadcze\u0144, koszty \u017cycia w\u00a0Holandii zaczynaj\u0105 przerasta\u0107 mo\u017cliwo\u015bci mieszka\u0144c\u00f3w. <\/p>\n<p>Holenderski system emerytalny opiera si\u0119 na trzech filarach, z\u00a0czego najwa\u017cniejszy, AOW, zale\u017cy od sta\u017cu pracy. Polacy nadal korzystaj\u0105 z\u00a0tego wsparcia, cho\u0107 wiek emerytalny zostanie wyd\u0142u\u017cony do 67 lat od 2028 r. Mo\u017cliwo\u015b\u0107 zgromadzenia dodatkowych \u015brodk\u00f3w jest dost\u0119pna poprzez kapita\u0142owe sk\u0142adki i\u00a0prywatne oszcz\u0119dno\u015bci.<\/p>\n<p>Migracja do Holandii sta\u0142a si\u0119 zjawiskiem trwa\u0142ym, a\u00a0cz\u0119\u015b\u0107 os\u00f3b po latach decyduje si\u0119 na sta\u0142e osiedlenie, zak\u0142adanie rodzin czy przenoszenie swojego \u017cycia na Zach\u00f3d. Inni wracaj\u0105 do kraju, wzbogaceni o\u00a0nowe do\u015bwiadczenia, oszcz\u0119dno\u015bci i\u00a0kompetencje, kt\u00f3re wykorzystuj\u0105 na polskim rynku pracy.<\/p>\n","protected":false},"excerpt":{"rendered":"Polacy od wielu lat wyje\u017cd\u017caj\u0105 do pracy do Holandii, a\u00a0zjawisko to sta\u0142o si\u0119 jednym z\u00a0wa\u017cniejszych element\u00f3w wsp\u00f3\u0142czesnych migracji&hellip;\n","protected":false},"author":2,"featured_media":144324,"comment_status":"","ping_status":"","sticky":false,"template":"","format":"standard","meta":{"footnotes":""},"categories":[16],"tags":[113,112,42,38,40,39,41],"class_list":{"0":"post-144323","1":"post","2":"type-post","3":"status-publish","4":"format-standard","5":"has-post-thumbnail","7":"category-biznes","8":"tag-biznes","9":"tag-business","10":"tag-pl","11":"tag-poland","12":"tag-polish","13":"tag-polska","14":"tag-polski"},"share_on_mastodon":{"url":"https:\/\/pubeurope.com\/@pl\/115699828917446955","error":""},"_links":{"self":[{"href":"https:\/\/www.europesays.com\/pl\/wp-json\/wp\/v2\/posts\/144323","targetHints":{"allow":["GET"]}}],"collection":[{"href":"https:\/\/www.europesays.com\/pl\/wp-json\/wp\/v2\/posts"}],"about":[{"href":"https:\/\/www.europesays.com\/pl\/wp-json\/wp\/v2\/types\/post"}],"author":[{"embeddable":true,"href":"https:\/\/www.europesays.com\/pl\/wp-json\/wp\/v2\/users\/2"}],"replies":[{"embeddable":true,"href":"https:\/\/www.europesays.com\/pl\/wp-json\/wp\/v2\/comments?post=144323"}],"version-history":[{"count":0,"href":"https:\/\/www.europesays.com\/pl\/wp-json\/wp\/v2\/posts\/144323\/revisions"}],"wp:featuredmedia":[{"embeddable":true,"href":"https:\/\/www.europesays.com\/pl\/wp-json\/wp\/v2\/media\/144324"}],"wp:attachment":[{"href":"https:\/\/www.europesays.com\/pl\/wp-json\/wp\/v2\/media?parent=144323"}],"wp:term":[{"taxonomy":"category","embeddable":true,"href":"https:\/\/www.europesays.com\/pl\/wp-json\/wp\/v2\/categories?post=144323"},{"taxonomy":"post_tag","embeddable":true,"href":"https:\/\/www.europesays.com\/pl\/wp-json\/wp\/v2\/tags?post=144323"}],"curies":[{"name":"wp","href":"https:\/\/api.w.org\/{rel}","templated":true}]}}