{"id":144506,"date":"2025-12-11T09:28:11","date_gmt":"2025-12-11T09:28:11","guid":{"rendered":"https:\/\/www.europesays.com\/pl\/144506\/"},"modified":"2025-12-11T09:28:11","modified_gmt":"2025-12-11T09:28:11","slug":"usa-utrzymaja-wojska-w-europie-izba-reprezentantow-zatwierdza-budzet-obronny-2","status":"publish","type":"post","link":"https:\/\/www.europesays.com\/pl\/144506\/","title":{"rendered":"USA utrzymaj\u0105 wojska w Europie? Izba Reprezentant\u00f3w zatwierdza bud\u017cet obronny"},"content":{"rendered":"<ul class=\"UnorderedList_container__nmfSl\">\n<li class=\"UnorderedList_listElement__Py7xi\" data-id=\"ai-summary-link\">Du\u017co czytania, a ma\u0142o czasu? Sprawd\u017a\u00a0skr\u00f3t\u00a0artyku\u0142u<\/li>\n<\/ul>\n<p class=\"Paragraph_desktopParagraph__U31Gm\">Ustawa zak\u0142adaj\u0105ca wydatki obronne na poziomie 901 mld dolar\u00f3w zosta\u0142a przyj\u0119ta w Izbie Reprezentant\u00f3w stosunkiem g\u0142os\u00f3w 312-112. Oczekuje si\u0119, \u017ce Senat b\u0119dzie g\u0142osowa\u0142 nad projektem w przysz\u0142ym tygodniu. Po przeg\u0142osowaniu przez t\u0119 izb\u0119 dokument trafi na biurko prezydenta Donalda Trumpa.<\/p>\n<p class=\"Paragraph_desktopParagraph__U31Gm\">Uzgodniony przez przedstawicieli obydwu partii w obydwu izbach Kongresu tekst zabrania redukcji si\u0142 zbrojnych USA w Europie poni\u017cej poziomu 76 tys. na wi\u0119cej ni\u017c 45 dni, dop\u00f3ki szef Pentagonu i szef Dow\u00f3dztwa Europejskiego (EUCOM) nie przedstawi\u0105 Kongresowi oddzielnych raport\u00f3w uzasadniaj\u0105cych podj\u0119cie decyzji.<\/p>\n<p class=\"Paragraph_desktopParagraph__U31Gm\">Dokument musi uwzgl\u0119dni\u0107, dlaczego taki ruch jest zgodny z interesami bezpiecze\u0144stwa narodowego USA i o\u015bwiadczy\u0107, \u017ce decyzja zosta\u0142a podj\u0119ta w konsultacji ze wszystkimi sojusznikami NATO i partnerami Sojuszu. Pentagon musia\u0142by skonsultowa\u0107 si\u0119 z innymi agencjami przed podj\u0119ciem decyzji.<\/p>\n<p class=\"VideoPlayerText_videoPlayerText__iDwyz\">Dalszy ci\u0105g materia\u0142u pod wideo<\/p>\n<p class=\"Paragraph_desktopParagraph__U31Gm\">Zapisy te s\u0105 cz\u0119\u015bciowo reakcj\u0105 na wcze\u015bniejsze dzia\u0142ania Pentagonu dotycz\u0105ce <a href=\"https:\/\/wiadomosci.onet.pl\/swiat\/usa-redukuja-liczebnosc-wojsk-we-wschodniej-europie\/3rqk87v\" id=\"c87c1197-5e02-47f2-832c-510ecd4b4f8b\" rel=\"nofollow noopener\" target=\"_blank\">wycofania brygady piechoty USA stacjonuj\u0105cej rotacyjnie w Rumunii<\/a>. Republika\u0144scy szefowie komisji do spraw si\u0142 zbrojnych w obydwu izbach skrytykowali t\u0119 decyzj\u0119 i fakt, \u017ce zosta\u0142a podj\u0119ta bez konsultacji z Kongresem ani innymi instytucjami pa\u0144stwa. Wed\u0142ug Dow\u00f3dztwa Europejskiego USA (EUCOM) na Starym Kontynencie stacjonuje obecnie ponad 80 tys. \u017co\u0142nierzy USA, z czego ok. 10 tys. w Polsce.<\/p>\n<ul class=\"OchatFollowUps_wrapper__1ry7X\">\n<li class=\"OchatFollowUps_item__Dhyly OchatFollowUps_itemDesktop__R6aBv\">Jakie s\u0105 g\u0142\u00f3wne punkty ustawy o wydatkach obronnych?<\/li>\n<li class=\"OchatFollowUps_item__Dhyly OchatFollowUps_itemDesktop__R6aBv\">Ile \u017co\u0142nierzy USA stacjonuje w Polsce?<\/li>\n<li class=\"OchatFollowUps_item__Dhyly OchatFollowUps_itemDesktop__R6aBv\">Co przewiduje ustawa w sprawie ukrai\u0144skich dzieci porwanych przez Rosj\u0119?<\/li>\n<li class=\"OchatFollowUps_item__Dhyly OchatFollowUps_itemDesktop__R6aBv\">Jakie inwestycje finansuje Polska w bazach USA?<\/li>\n<\/ul>\n<p>Projekt blokuje plany administracji Trumpa <\/p>\n<p class=\"Paragraph_desktopParagraph__U31Gm\">W projekcie, b\u0119d\u0105cym owocem miesi\u0119cy negocjacji mi\u0119dzy partiami i izbami Kongresu, zawarto te\u017c podobne zapisy dotycz\u0105ce obecno\u015bci si\u0142 USA w Korei P\u0142d. W\u015br\u00f3d pozosta\u0142ych element\u00f3w licz\u0105cego ponad 3 tys. stron projektu znalaz\u0142y si\u0119 te\u017c dwa inne id\u0105ce wspak strategii i polityce administracji Donalda Trumpa. Kongres zamierza przeznaczy\u0107 400 mln dolar\u00f3w na program Ukraine Security Assistance Initiative (USAI), w ramach kt\u00f3rego USA zakupuj\u0105 uzbrojenie dla Ukrainy.<\/p>\n<p class=\"Paragraph_desktopParagraph__U31Gm\">Ustawa przewiduje te\u017c podwy\u017ck\u0119 wynagrodzenia dla \u017co\u0142nierzy o niemal 4 proc. Projekt zawiera te\u017c zapis zwi\u0119kszaj\u0105cy presj\u0119 na Pentagon, aby dostarczy\u0142 Kongresowi <a href=\"https:\/\/wiadomosci.onet.pl\/swiat\/smiercionosny-atak-kinetyczny-amerykanskie-sily-uderzyly-na-statek\/nzp5wt8\" id=\"7944852b-891c-46d6-8ebd-b77aa04be9da\" rel=\"nofollow noopener\" target=\"_blank\">nagrania atak\u00f3w na statki podejrzane o transport narkotyk\u00f3w w rejonie Morza Karaibskiego<\/a>. W ustawie znalaz\u0142 si\u0119 te\u017c m.in. zapis, maj\u0105cy na celu wsparcie wysi\u0142k\u00f3w na rzecz odzyskania ukrai\u0144skich dzieci porwanych przez Rosj\u0119.<\/p>\n<p class=\"Paragraph_desktopParagraph__U31Gm\">Ponadto 175 mln dolar\u00f3w przeznaczonych zostanie na program Baltic Security Initiative, kt\u00f3rego celem jest wzmocnienie obronno\u015bci pa\u0144stw ba\u0142tyckich. BSI ma zosta\u0107 zapisany jako sta\u0142y program Pentagonu. Wbrew pocz\u0105tkowym oczekiwaniom do projektu nie do\u0142\u0105czono te\u017c ustawy nak\u0142adaj\u0105cej dodatkowe sankcje na Gruzj\u0119. Sta\u0142o si\u0119 tak w wyniku lobbingu senatora Republikan\u00f3w Markwayne\u2019a Mullina.<\/p>\n<p class=\"Paragraph_desktopParagraph__U31Gm\">W odr\u00f3\u017cnieniu od NDAA z poprzednich lat w tek\u015bcie nie ma wzmianki o programie European Deterrence Initiative (EDI), z kt\u00f3rego finansowana by\u0142a zwi\u0119kszona obecno\u015b\u0107 si\u0142 USA w Europie oraz inwestycje w infrastruktur\u0119. Rok wcze\u015bniej na ten cel przyznano niemal 3 mld dolar\u00f3w.<\/p>\n<p class=\"Paragraph_desktopParagraph__U31Gm\">W tek\u015bcie wymieniono natomiast osiem inwestycji finansowanych przez Polsk\u0119 w bazach, gdzie stacjonuj\u0105 si\u0142y USA w Polsce: na poligonie w Drawsku Pomorskim, bazie si\u0142 l\u0105dowych w Powidzu oraz bazach lotniczych w \u0141asku i Wroc\u0142awiu. \u0141\u0105czna suma tych inwestycji to 504 mln dolar\u00f3w.<\/p>\n","protected":false},"excerpt":{"rendered":"Du\u017co czytania, a ma\u0142o czasu? Sprawd\u017a\u00a0skr\u00f3t\u00a0artyku\u0142u Ustawa zak\u0142adaj\u0105ca wydatki obronne na poziomie 901 mld dolar\u00f3w zosta\u0142a przyj\u0119ta w&hellip;\n","protected":false},"author":2,"featured_media":144507,"comment_status":"","ping_status":"","sticky":false,"template":"","format":"standard","meta":{"footnotes":""},"categories":[5],"tags":[32,33,36,37,27,27850,67,24689,34,35,28,31,53,25,52,68,51,55,42,38,40,39,41,47,59,29,30,65,50,26],"class_list":{"0":"post-144506","1":"post","2":"type-post","3":"status-publish","4":"format-standard","5":"has-post-thumbnail","7":"category-naglowki","8":"tag-breaking-news","9":"tag-breakingnews","10":"tag-featured-news","11":"tag-featurednews","12":"tag-headlines","13":"tag-inst_tst2","14":"tag-intextvideo_splayer","15":"tag-izba_reprezentantow","16":"tag-latest-news","17":"tag-latestnews","18":"tag-naglowki","19":"tag-najwazniejsze-artykuly","20":"tag-new_header","21":"tag-news","22":"tag-onet3","23":"tag-onet3d","24":"tag-onet3d_2i","25":"tag-phx","26":"tag-pl","27":"tag-poland","28":"tag-polish","29":"tag-polska","30":"tag-polski","31":"tag-screening_general","32":"tag-stany_zjednoczone_usa","33":"tag-top-stories","34":"tag-topstories","35":"tag-update_me","36":"tag-v2021","37":"tag-wiadomosci"},"share_on_mastodon":{"url":"https:\/\/pubeurope.com\/@pl\/115700230064775796","error":""},"_links":{"self":[{"href":"https:\/\/www.europesays.com\/pl\/wp-json\/wp\/v2\/posts\/144506","targetHints":{"allow":["GET"]}}],"collection":[{"href":"https:\/\/www.europesays.com\/pl\/wp-json\/wp\/v2\/posts"}],"about":[{"href":"https:\/\/www.europesays.com\/pl\/wp-json\/wp\/v2\/types\/post"}],"author":[{"embeddable":true,"href":"https:\/\/www.europesays.com\/pl\/wp-json\/wp\/v2\/users\/2"}],"replies":[{"embeddable":true,"href":"https:\/\/www.europesays.com\/pl\/wp-json\/wp\/v2\/comments?post=144506"}],"version-history":[{"count":0,"href":"https:\/\/www.europesays.com\/pl\/wp-json\/wp\/v2\/posts\/144506\/revisions"}],"wp:featuredmedia":[{"embeddable":true,"href":"https:\/\/www.europesays.com\/pl\/wp-json\/wp\/v2\/media\/144507"}],"wp:attachment":[{"href":"https:\/\/www.europesays.com\/pl\/wp-json\/wp\/v2\/media?parent=144506"}],"wp:term":[{"taxonomy":"category","embeddable":true,"href":"https:\/\/www.europesays.com\/pl\/wp-json\/wp\/v2\/categories?post=144506"},{"taxonomy":"post_tag","embeddable":true,"href":"https:\/\/www.europesays.com\/pl\/wp-json\/wp\/v2\/tags?post=144506"}],"curies":[{"name":"wp","href":"https:\/\/api.w.org\/{rel}","templated":true}]}}