{"id":144616,"date":"2025-12-11T10:36:09","date_gmt":"2025-12-11T10:36:09","guid":{"rendered":"https:\/\/www.europesays.com\/pl\/144616\/"},"modified":"2025-12-11T10:36:09","modified_gmt":"2025-12-11T10:36:09","slug":"trump-zelenski-musi-byc-realista-na-zywo-wyborcza-pl","status":"publish","type":"post","link":"https:\/\/www.europesays.com\/pl\/144616\/","title":{"rendered":"Trump: Ze\u0142enski musi by\u0107 realist\u0105 [NA \u017bYWO] &#8211; Wyborcza.pl"},"content":{"rendered":"<ol>\n<li><a href=\"https:\/\/news.google.com\/rss\/articles\/CBMiYEFVX3lxTE42cWpmSndNNFVTaENfOXhZeWFDbGpibXBsRjhqNTN1NmdpVGVtZHgwWFFidEtRR1NmRDYxYlJ1dWRVbXB6NTFLcWREZHhYQ1ZPVjJUcGZNMk9jNDBQUnNWLQ?oc=5\" target=\"_blank\" rel=\"nofollow noopener\">Trump: Ze\u0142enski musi by\u0107 realist\u0105 [NA \u017bYWO]<\/a>&nbsp;&nbsp;Wyborcza.pl<\/li>\n<li><a href=\"https:\/\/news.google.com\/rss\/articles\/CBMivgFBVV95cUxQWlhYOVd5bzZ1dXFYR2lRZS1jMXBHVG9yNmtHNGw1VERjdFBJRHdWR1h6N2tGVmpJZkJiT1Q4aWlLMkRxU0R2WnVDQ2Rvc2JXUFRVV2JOSnJEaGpZcHBYUGJUQk9JS1ZwZEg1cUJ2cmlBM3ZEVnZ4Q04xUHhPTGZLeURIbHhNZjJUdDlQQnU0Vjhwc2NCc2dCOVN1ZFpETjFTNFF1cmhyalM4WUdrSlRNNHJpWmRWRG9tWVpGMVdn?oc=5\" target=\"_blank\" rel=\"nofollow noopener\">Zdumiewaj\u0105cy zwrot na Kremlu, ods\u0142aniaj\u0105 si\u0119 z taktyk\u0105. Analitycy nie maj\u0105 w\u0105tpliwo\u015bci<\/a>&nbsp;&nbsp;Wydarzenia w INTERIA.PL<\/li>\n<li><a href=\"https:\/\/news.google.com\/rss\/articles\/CBMigAFBVV95cUxNUFNzbVptUnlnR3ZfVTI3d2NFLWJhdFlpQzlvMFlqQ3VWOThrN2NUM2gzbWJ6V3B1LU41WmplZWRJMnhXdzBNTjNXNjNJNHNwaTc2NFZrcWdoY2JXY3JnenpPR2JVTkk0ck81bXlDYmNOc2l0Q1VqSHktcXhodFBGTA?oc=5\" target=\"_blank\" rel=\"nofollow noopener\">Trump: Ze\u0142enski musi by\u0107 realist\u0105<\/a>&nbsp;&nbsp;WP Wiadomo\u015bci<\/li>\n<li><a href=\"https:\/\/news.google.com\/rss\/articles\/CBMibkFVX3lxTE1HNlcxLWVER0VOVjVqX2QyNXVsRUZVbzdYM204OUZNbzRqQ0FoMzIzMEwwN2g3ckRkOTdCa0hBcjBFLThfNzZqRXh5N2JNZWNNSXJ4MEtpclBnUF9vN0ZvOW43Zm9leV9nVG95Y3RR?oc=5\" target=\"_blank\" rel=\"nofollow noopener\">Rosja ju\u017c odrzuci\u0142a propozycj\u0119 wybor\u00f3w Ze\u0142enskiego. Chcia\u0142 si\u0119 wyrwa\u0107 z u\u015bcisku Trumpa i Putina?<\/a>&nbsp;&nbsp;OKO.press<\/li>\n<li><a href=\"https:\/\/news.google.com\/rss\/articles\/CBMiuwFBVV95cUxQUWFTRi1MX0FLVkI0YmtLaEZUNkRmWTEyUTZQNXZsdW92SFNTRGlSU0h4bENFeTh4ZnJUZE9ZR211aWJXSTI2bDdQM09sX1I5WlNuT0xWaFhkS180eV9QMWFHdzk5X0hDckdLVEpJR0RHdjBaZUFBQXlobE51aEQ5OXFHWS1ZQ004Nm9QR2hfUXN3T0RpQXdENF9zcThRWlRYQW5DSGdmNGt5R2lpNXIxZGktUkFia0tfV3lF?oc=5\" target=\"_blank\" rel=\"nofollow noopener\">Europa chce spotkania z USA w sprawie Ukrainy. Donald Trump skomentowa\u0142<\/a>&nbsp;&nbsp;Business Insider Polska<\/li>\n<\/ol>\n","protected":false},"excerpt":{"rendered":"Trump: Ze\u0142enski musi by\u0107 realist\u0105 [NA \u017bYWO]&nbsp;&nbsp;Wyborcza.pl Zdumiewaj\u0105cy zwrot na Kremlu, ods\u0142aniaj\u0105 si\u0119 z taktyk\u0105. Analitycy nie maj\u0105&hellip;\n","protected":false},"author":2,"featured_media":144617,"comment_status":"","ping_status":"","sticky":false,"template":"","format":"standard","meta":{"footnotes":""},"categories":[14],"tags":[32,33,27,34,35,28,31,25,40,41,80,29,30,26,82,83,84],"class_list":{"0":"post-144616","1":"post","2":"type-post","3":"status-publish","4":"format-standard","5":"has-post-thumbnail","7":"category-swiat","8":"tag-breaking-news","9":"tag-breakingnews","10":"tag-headlines","11":"tag-latest-news","12":"tag-latestnews","13":"tag-naglowki","14":"tag-najwazniejsze-artykuly","15":"tag-news","16":"tag-polish","17":"tag-polski","18":"tag-swiat","19":"tag-top-stories","20":"tag-topstories","21":"tag-wiadomosci","22":"tag-world","23":"tag-world-news","24":"tag-worldnews"},"share_on_mastodon":{"url":"https:\/\/pubeurope.com\/@pl\/115700497454795087","error":""},"_links":{"self":[{"href":"https:\/\/www.europesays.com\/pl\/wp-json\/wp\/v2\/posts\/144616","targetHints":{"allow":["GET"]}}],"collection":[{"href":"https:\/\/www.europesays.com\/pl\/wp-json\/wp\/v2\/posts"}],"about":[{"href":"https:\/\/www.europesays.com\/pl\/wp-json\/wp\/v2\/types\/post"}],"author":[{"embeddable":true,"href":"https:\/\/www.europesays.com\/pl\/wp-json\/wp\/v2\/users\/2"}],"replies":[{"embeddable":true,"href":"https:\/\/www.europesays.com\/pl\/wp-json\/wp\/v2\/comments?post=144616"}],"version-history":[{"count":0,"href":"https:\/\/www.europesays.com\/pl\/wp-json\/wp\/v2\/posts\/144616\/revisions"}],"wp:featuredmedia":[{"embeddable":true,"href":"https:\/\/www.europesays.com\/pl\/wp-json\/wp\/v2\/media\/144617"}],"wp:attachment":[{"href":"https:\/\/www.europesays.com\/pl\/wp-json\/wp\/v2\/media?parent=144616"}],"wp:term":[{"taxonomy":"category","embeddable":true,"href":"https:\/\/www.europesays.com\/pl\/wp-json\/wp\/v2\/categories?post=144616"},{"taxonomy":"post_tag","embeddable":true,"href":"https:\/\/www.europesays.com\/pl\/wp-json\/wp\/v2\/tags?post=144616"}],"curies":[{"name":"wp","href":"https:\/\/api.w.org\/{rel}","templated":true}]}}