{"id":144687,"date":"2025-12-11T11:13:11","date_gmt":"2025-12-11T11:13:11","guid":{"rendered":"https:\/\/www.europesays.com\/pl\/144687\/"},"modified":"2025-12-11T11:13:11","modified_gmt":"2025-12-11T11:13:11","slug":"s8-atak-na-kibicow-z-hiszpanii-zastawili-droge-autokarom-pobili-pasazerow","status":"publish","type":"post","link":"https:\/\/www.europesays.com\/pl\/144687\/","title":{"rendered":"S8. Atak na kibic\u00f3w z Hiszpanii. Zastawili drog\u0119 autokarom, pobili pasa\u017cer\u00f3w"},"content":{"rendered":"<p>Jak poda\u0142a mazowiecka policja, w nocy ze \u015brody na czwartek &#8222;o godz. 0:46 policjanci z Ostrowi Mazowieckiej dostali zg\u0142oszenie o zamaskowanej grupie os\u00f3b biegaj\u0105cej po trasie S8 w miejscowo\u015bci Prosienica&#8221;. Patrol dotar\u0142 tam po pi\u0119ciu minutach i zasta\u0142 dwa autokary z kibicami z Hiszpanii.<\/p>\n<p>\u00a0<\/p>\n<p>&#8222;Okaza\u0142o si\u0119, \u017ce przed jad\u0105ce autokary wyjecha\u0142y dwa samochody osobowe, blokuj\u0105c przejazd. Z pobliskiego lasu wybieg\u0142o kilkadziesi\u0105t os\u00f3b, cz\u0119\u015b\u0107 z nich by\u0142a zamaskowana. Dosz\u0142o do konfrontacji. Dzi\u0119ki przyjazdowi Policji unikni\u0119to eskalacji&#8221; &#8211; zapewniaj\u0105 s\u0142u\u017cby.<\/p>\n<p>\u00a0<\/p>\n<p>Jak zaznaczy\u0142a podinsp. Katarzyna Kucharska z Policji Mazowieckiej na antenie Polsat News, do starcia mi\u0119dzy kibicami dosz\u0142o poza autokarami, &#8222;poniewa\u017c kibice hiszpa\u0144scy z nich wysiedli&#8221;.<\/p>\n<p>Ostr\u00f3w Mazowiecki. Brutalny atak na hiszpa\u0144skich kibic\u00f3w<\/p>\n<p>Trzy osoby trafi\u0142y do szpitala, a pozosta\u0142ym pomocy udzieli\u0142a za\u0142oga karetki pogotowia. &#8211; Z tego, co wiem, nie by\u0142y to powa\u017cne obra\u017cenia i osoby te s\u0105 ju\u017c zwalniane ze szpitala &#8211; przekaza\u0142a podinsp. Kucharska.<\/p>\n<p>\u00a0<\/p>\n<p>&#8222;W okolicy policjanci zatrzymali dwa pojazdy oraz cztery osoby, w tym jedn\u0105 kobiet\u0119. Wszyscy to mieszka\u0144cy Bia\u0142egostoku. Do sprawy zatrzymano \u0142\u0105cznie siedem os\u00f3b&#8221; &#8211; informuje policja. Ponadto policjanci przeszukuj\u0105cy teren odnale\u017ali przeci\u0119t\u0105 siatk\u0119 odgradzaj\u0105c\u0105 drog\u0119 serwisow\u0105 od S8.<\/p>\n<p>\u00a0<\/p>\n<p>ZOBACZ: <a href=\"https:\/\/www.polsatnews.pl\/wiadomosc\/2025-11-15\/komunikat-pzpn-po-meczu-z-holandia-nie-ma-naszej-zgody\/\" target=\"_blank\" rel=\"noopener noreferrer nofollow\">Incydent podczas meczu z Holandi\u0105. Stanowcza reakcja PZPN<\/a><\/p>\n<p>\u00a0<\/p>\n<p>&#8222;Zabezpieczono mi\u0119dzy innymi kominiarki, pa\u0142ki teleskopowe i drewniane oraz no\u017cyce do ci\u0119cia metalu. Policjanci zabezpieczaj\u0105 dowody, ustalaj\u0105 dok\u0142adny przebieg zdarzenia i jego uczestnik\u00f3w&#8221; &#8211; dodano.<\/p>\n<p>\u00a0<\/p>\n<p>Insp. Kucharska doda\u0142a, \u017ce na miejscu zdarzenia &#8222;ca\u0142y czas odnajdywane s\u0105 kolejne przedmioty m.in. n\u00f3\u017c (\u2026)&#8221;.<\/p>\n<p>\u00a0<\/p>\n<p>Po dokonanych czynno\u015bciach hiszpa\u0144scy kibice kontynuowali podr\u00f3\u017c do Bia\u0142egostoku, gdzie o godz. 18.45 na stadionie Chorten Arena Jagiellonia Bia\u0142ystok zmierzy si\u0119 z hiszpa\u0144sk\u0105 dru\u017cyn\u0105 Rayo Vallecano. Spotkanie odb\u0119dzie si\u0119 w ramach rozgrywek Ligi Konferencji UEFA.<\/p>\n<p>\u00a0<\/p>\n<p>Widzia\u0142e\u015b co\u015b wa\u017cnego? Przy\u015blij zdj\u0119cie, film lub napisz, co si\u0119 sta\u0142o. Skorzystaj z naszej <a href=\"https:\/\/www.polsatnews.pl\/platforma-widzow\/\" target=\"_blank\" rel=\"noopener noreferrer nofollow\">Wrzutni<\/a><\/p>\n<p>                <img decoding=\"async\" src=\"https:\/\/www.europesays.com\/pl\/wp-content\/uploads\/2025\/12\/5sxjmj8mnpvs1dsp3fwoge2fn8c3dxxs.jpg\" alt=\"\" itemprop=\"contentUrl\" style=\"position:absolute; width: 100%; max-height: 100%;\"\/><video controls=\"\" controlslist=\"nodownload\" poster=\"https:\/\/www.europesays.com\/pl\/wp-content\/uploads\/2025\/12\/5sxjmj8mnpvs1dsp3fwoge2fn8c3dxxs.jpg\" class=\"videoPlayer player6855554 news__video\" data-id=\"6855554\">Twoja przegl\u0105darka nie wspiera odtwarzacza wideo&#8230;<\/video><\/p>\n<p>                <a class=\"news__read-more-button\" href=\"https:\/\/www.polsatnews.pl\/\" rel=\"nofollow noopener\" target=\"_blank\">Czytaj wi\u0119cej<\/a><\/p>\n","protected":false},"excerpt":{"rendered":"Jak poda\u0142a mazowiecka policja, w nocy ze \u015brody na czwartek &#8222;o godz. 0:46 policjanci z Ostrowi Mazowieckiej dostali&hellip;\n","protected":false},"author":2,"featured_media":144688,"comment_status":"","ping_status":"","sticky":false,"template":"","format":"standard","meta":{"footnotes":""},"categories":[5],"tags":[32,33,36,37,27,34,35,28,31,25,42,38,40,39,41,29,30,26],"class_list":{"0":"post-144687","1":"post","2":"type-post","3":"status-publish","4":"format-standard","5":"has-post-thumbnail","7":"category-naglowki","8":"tag-breaking-news","9":"tag-breakingnews","10":"tag-featured-news","11":"tag-featurednews","12":"tag-headlines","13":"tag-latest-news","14":"tag-latestnews","15":"tag-naglowki","16":"tag-najwazniejsze-artykuly","17":"tag-news","18":"tag-pl","19":"tag-poland","20":"tag-polish","21":"tag-polska","22":"tag-polski","23":"tag-top-stories","24":"tag-topstories","25":"tag-wiadomosci"},"share_on_mastodon":{"url":"https:\/\/pubeurope.com\/@pl\/115700643310572491","error":""},"_links":{"self":[{"href":"https:\/\/www.europesays.com\/pl\/wp-json\/wp\/v2\/posts\/144687","targetHints":{"allow":["GET"]}}],"collection":[{"href":"https:\/\/www.europesays.com\/pl\/wp-json\/wp\/v2\/posts"}],"about":[{"href":"https:\/\/www.europesays.com\/pl\/wp-json\/wp\/v2\/types\/post"}],"author":[{"embeddable":true,"href":"https:\/\/www.europesays.com\/pl\/wp-json\/wp\/v2\/users\/2"}],"replies":[{"embeddable":true,"href":"https:\/\/www.europesays.com\/pl\/wp-json\/wp\/v2\/comments?post=144687"}],"version-history":[{"count":0,"href":"https:\/\/www.europesays.com\/pl\/wp-json\/wp\/v2\/posts\/144687\/revisions"}],"wp:featuredmedia":[{"embeddable":true,"href":"https:\/\/www.europesays.com\/pl\/wp-json\/wp\/v2\/media\/144688"}],"wp:attachment":[{"href":"https:\/\/www.europesays.com\/pl\/wp-json\/wp\/v2\/media?parent=144687"}],"wp:term":[{"taxonomy":"category","embeddable":true,"href":"https:\/\/www.europesays.com\/pl\/wp-json\/wp\/v2\/categories?post=144687"},{"taxonomy":"post_tag","embeddable":true,"href":"https:\/\/www.europesays.com\/pl\/wp-json\/wp\/v2\/tags?post=144687"}],"curies":[{"name":"wp","href":"https:\/\/api.w.org\/{rel}","templated":true}]}}