{"id":144710,"date":"2025-12-11T11:26:09","date_gmt":"2025-12-11T11:26:09","guid":{"rendered":"https:\/\/www.europesays.com\/pl\/144710\/"},"modified":"2025-12-11T11:26:09","modified_gmt":"2025-12-11T11:26:09","slug":"polacy-ocenili-realizacje-obietnic-przez-rzad-zle-wiesci-dla-donalda-tuska","status":"publish","type":"post","link":"https:\/\/www.europesays.com\/pl\/144710\/","title":{"rendered":"Polacy ocenili realizacj\u0119 obietnic przez rz\u0105d. Z\u0142e wie\u015bci dla Donalda Tuska"},"content":{"rendered":"<p data-section=\"detail-body\">Odpowiedzi uk\u0142adaj\u0105 si\u0119 w mozaik\u0119 postaw, w kt\u00f3rej entuzjazm miesza si\u0119 z rezerw\u0105, a oceny zale\u017c\u0105 zar\u00f3wno od politycznych sympatii, jak i indywidualnych do\u015bwiadcze\u0144. Dopiero pe\u0142niejsze spojrzenie na liczby pozwala uchwyci\u0107 skal\u0119 spo\u0142ecznego sceptycyzmu.<\/p>\n<p class=\"article_p\" data-section=\"detail-body\">Czytaj te\u017c: <a href=\"https:\/\/businessinsider.com.pl\/finanse\/nbp-juz-wie-co-z-jego-finansami-adam-glapinski-nie-ma-szczescia-tylko-u-nas\/tb1vqs0\" id=\"1e3aafb3-0f07-4238-a90b-d430d9088a6c\" rel=\"nofollow noopener\" target=\"_blank\">NBP ju\u017c wie, co z jego finansami. Adam Glapi\u0144ski nie ma szcz\u0119\u015bcia [TYLKO U NAS]<\/a><\/p>\n<p class=\"article_p\" data-section=\"detail-body\">Dalsza cz\u0119\u015b\u0107 tekstu pod materia\u0142em wideo<\/p>\n<p class=\"article_p\" data-section=\"detail-body\">Wyniki sonda\u017cu pokazuj\u0105 wi\u0119c, \u017ce po dw\u00f3ch latach kadencji <a href=\"https:\/\/businessinsider.com.pl\/wiadomosci\/sondaz-donald-tusk-dotrwa-jako-premier-do-wyborow-polacy-wyrazili-swoje-zdanie\/n59defc\" id=\"31ce3eb3-d771-480b-b02d-12ba329b59c3\" rel=\"nofollow noopener\" target=\"_blank\">spo\u0142eczna ocena rz\u0105du Tuska jest silnie spolaryzowana, a krytyczne g\u0142osy przewa\u017caj\u0105 nad pozytywnymi.<\/a><\/p>\n<p>            Czytaj tak\u017ce w BUSINESS INSIDER<\/p>\n<p>        Polacy ocenili dzia\u0142ania rz\u0105du Donalda Tuska. Krytyczne g\u0142osy dominuj\u0105<\/p>\n<p class=\"article_p\" data-section=\"detail-body\">Z najnowszego sonda\u017cu UCE Resaerch dla Onetu wynika, \u017ce tylko 8,4 proc. respondent\u00f3w uwa\u017ca, i\u017c rz\u0105d w znacznym stopniu wywi\u0105zuje si\u0119 ze swoich obietnic. Znacznie wi\u0119cej badanych \u2014 28,9 proc. \u2014 dostrzega jedynie cz\u0119\u015bciow\u0105 realizacj\u0119 deklaracji.<\/p>\n<p class=\"article_p\" data-section=\"detail-body\">Czytaj te\u017c: <a href=\"https:\/\/businessinsider.com.pl\/praca\/wiemy-kto-dzis-podbija-branze-it-ci-specjalisci-zarabiaja-fortune\/1n09161\" id=\"e2082aba-5694-428b-96d8-7c087ee2fcba\" rel=\"nofollow noopener\" target=\"_blank\">Wiemy, kto dzi\u015b podbija bran\u017c\u0119 IT. Ci specjali\u015bci zarabiaj\u0105 fortun\u0119<\/a><\/p>\n<p>                    <img decoding=\"async\" loading=\"lazy\" class=\"article-image_container--img\" id=\"image_8bf0cf43-a40d-4c46-b024-42f0dc3467e0\" alt=\"Posiedzenie rz\u0105du Donalda Tuska\" src=\"https:\/\/www.europesays.com\/pl\/wp-content\/uploads\/2025\/12\/O03k9kpTURBXy8xZmYzMmI1OTk0ZDBiOTdmNWUxZGFiNDNmM2ExNzM1Ni5qcGeRkwLNA5gA3gACoTABoTEB.jpeg\"\/><\/p>\n<p>            Posiedzenie rz\u0105du Donalda Tuska<\/p>\n<p>                    |<br \/>\n                    KPRM \/ KPRM<\/p>\n<p class=\"article_p\" data-section=\"detail-body\">Jednocze\u015bnie du\u017ca cz\u0119\u015b\u0107 spo\u0142ecze\u0144stwa ma wobec rz\u0105du du\u017co bardziej wymagaj\u0105ce podej\u015bcie. Sceptyczne opinie (&#8222;raczej nie realizuje&#8221;) pojawi\u0142y si\u0119 u 17,6 proc. uczestnik\u00f3w badania, a a\u017c 35,2 proc. wskaza\u0142o odpowied\u017a zdecydowanie negatywn\u0105. Ostatecznie oznacza to, \u017ce dzia\u0142ania gabinetu Tuska pozytywnie ocenia \u0142\u0105cznie 37,3 proc. badanych, za\u015b odwrotnego zdania jest 52,8 proc. <\/p>\n<p class=\"article_p\" data-section=\"detail-body\">Pozosta\u0142e 9,9 proc. nie potrafi\u0142o zaj\u0105\u0107 jednoznacznego stanowiska.<\/p>\n<p>        Elektoraty patrz\u0105 przez r\u00f3\u017cne okulary<\/p>\n<p class=\"article_p\" data-section=\"detail-body\">Sonda\u017c pozwala te\u017c prze\u015bledzi\u0107, jak oceny rz\u0105du rozk\u0142adaj\u0105 si\u0119 w\u015br\u00f3d sympatyk\u00f3w poszczeg\u00f3lnych ugrupowa\u0144. <a href=\"https:\/\/businessinsider.com.pl\/prawo\/ustawa-o-kryptowalutach-blokowana-przez-karola-nawrockiego-tusk-odpowiada\/7gweg9q\" id=\"aa5ade1a-f3cf-4960-b2b5-59a917bc5b5c\" rel=\"nofollow noopener\" target=\"_blank\">Najbardziej przychylni s\u0105 wyborcy Koalicji Obywatelskiej \u2014 a\u017c 78,8 proc. z nich uwa\u017ca, \u017ce obietnice s\u0105 realizowane przynajmniej cz\u0119\u015bciowo<\/a>. Na Lewicy odsetek ten wynosi 64,7 proc.<\/p>\n<p class=\"article_p\" data-section=\"detail-body\">W\u015br\u00f3d sympatyk\u00f3w PSL i Polski 2050 optymizm jest ju\u017c mniejszy \u2014 w obu grupach pozytywnych ocen jest poni\u017cej 50 proc.<\/p>\n<p class=\"article_p\" data-section=\"detail-body\">Najmocniej krytyczne nastroje wyst\u0119puj\u0105 natomiast w\u015br\u00f3d wyborc\u00f3w opozycyjnych formacji. A\u017c 82,2 proc. sympatyk\u00f3w Konfederacji uwa\u017ca, \u017ce rz\u0105d nie realizuje obietnic; podobnie my\u015bli 80,7 proc. wyborc\u00f3w PiS oraz 79,3 proc. zwolennik\u00f3w Konfederacji Korony Polskiej. Krytycznie wypowiada si\u0119 r\u00f3wnie\u017c ponad po\u0142owa wyborc\u00f3w Partii Razem (57,2 proc.).<\/p>\n<p class=\"article_p\" data-section=\"detail-body\">Badanie pracowni UCE Research na zlecenie Onetu zosta\u0142o przeprowadzone w dniach 25-26 listopada 2025 r. metod\u0105 wywiad\u00f3w internetowych (CAWI \u2014 Computer-Assisted Web Interview) na pr\u00f3bie 1021 doros\u0142ych Polak\u00f3w w wieku od 18 do 80 lat.<\/p>\n","protected":false},"excerpt":{"rendered":"Odpowiedzi uk\u0142adaj\u0105 si\u0119 w mozaik\u0119 postaw, w kt\u00f3rej entuzjazm miesza si\u0119 z rezerw\u0105, a oceny zale\u017c\u0105 zar\u00f3wno od&hellip;\n","protected":false},"author":2,"featured_media":144711,"comment_status":"","ping_status":"","sticky":false,"template":"","format":"standard","meta":{"footnotes":""},"categories":[12],"tags":[32,33,36,37,27,34,35,28,31,25,42,38,40,39,41,29,30,26],"class_list":{"0":"post-144710","1":"post","2":"type-post","3":"status-publish","4":"format-standard","5":"has-post-thumbnail","7":"category-polska","8":"tag-breaking-news","9":"tag-breakingnews","10":"tag-featured-news","11":"tag-featurednews","12":"tag-headlines","13":"tag-latest-news","14":"tag-latestnews","15":"tag-naglowki","16":"tag-najwazniejsze-artykuly","17":"tag-news","18":"tag-pl","19":"tag-poland","20":"tag-polish","21":"tag-polska","22":"tag-polski","23":"tag-top-stories","24":"tag-topstories","25":"tag-wiadomosci"},"share_on_mastodon":{"url":"https:\/\/pubeurope.com\/@pl\/115700694500027291","error":""},"_links":{"self":[{"href":"https:\/\/www.europesays.com\/pl\/wp-json\/wp\/v2\/posts\/144710","targetHints":{"allow":["GET"]}}],"collection":[{"href":"https:\/\/www.europesays.com\/pl\/wp-json\/wp\/v2\/posts"}],"about":[{"href":"https:\/\/www.europesays.com\/pl\/wp-json\/wp\/v2\/types\/post"}],"author":[{"embeddable":true,"href":"https:\/\/www.europesays.com\/pl\/wp-json\/wp\/v2\/users\/2"}],"replies":[{"embeddable":true,"href":"https:\/\/www.europesays.com\/pl\/wp-json\/wp\/v2\/comments?post=144710"}],"version-history":[{"count":0,"href":"https:\/\/www.europesays.com\/pl\/wp-json\/wp\/v2\/posts\/144710\/revisions"}],"wp:featuredmedia":[{"embeddable":true,"href":"https:\/\/www.europesays.com\/pl\/wp-json\/wp\/v2\/media\/144711"}],"wp:attachment":[{"href":"https:\/\/www.europesays.com\/pl\/wp-json\/wp\/v2\/media?parent=144710"}],"wp:term":[{"taxonomy":"category","embeddable":true,"href":"https:\/\/www.europesays.com\/pl\/wp-json\/wp\/v2\/categories?post=144710"},{"taxonomy":"post_tag","embeddable":true,"href":"https:\/\/www.europesays.com\/pl\/wp-json\/wp\/v2\/tags?post=144710"}],"curies":[{"name":"wp","href":"https:\/\/api.w.org\/{rel}","templated":true}]}}