{"id":144727,"date":"2025-12-11T11:36:07","date_gmt":"2025-12-11T11:36:07","guid":{"rendered":"https:\/\/www.europesays.com\/pl\/144727\/"},"modified":"2025-12-11T11:36:07","modified_gmt":"2025-12-11T11:36:07","slug":"tak-spedza-czas-ze-swoja-miloscia-szpak-kocha-te-bestie","status":"publish","type":"post","link":"https:\/\/www.europesays.com\/pl\/144727\/","title":{"rendered":"Tak sp\u0119dza czas ze &#8222;swoj\u0105 mi\u0142o\u015bci\u0105&#8221;. Szpak &#8222;kocha t\u0119 besti\u0119&#8221;"},"content":{"rendered":"<p>&#8222;Kocham t\u0119 besti\u0119 mi\u0142o\u015bci\u0105 niesko\u0144czon\u0105&#8221; &#8211; wyzna\u0142 Micha\u0142 Szpak w\u00a0sieci, prezentuj\u0105c kolejne zdj\u0119cia z\u00a0Hektorem na r\u0119kach. Piesek, kt\u00f3remu mia\u0142 pocz\u0105tkowo pom\u00f3c w\u00a0znalezieniu nowego domu, jest u\u00a0niego od 8\u00a0lat. Przyzna\u0142, \u017ce to by\u0142a mi\u0142o\u015b\u0107 od pierwszego wejrzenia.<\/p>\n<p>Micha\u0142 Szpak lubi sp\u0119dza\u0107 czas ze swoim czworonogiem, a\u00a0cz\u0119ste podr\u00f3\u017ce zwi\u0105zane z\u00a0koncertami wcale nie stanowi\u0105 przeszkody. Piesek przyzwyczai\u0142 si\u0119 do &#8222;\u017cycia w\u00a0trasie&#8221;, bo artysta nie lubi\u0142 zostawia\u0107 go samego w\u00a0domu.<\/p>\n<p>Kaczorowska klaruje sytuacj\u0119 zwi\u0105zan\u0105 z\u00a0fina\u0142em &#8222;Ta\u0144ca z\u00a0gwiazdami&#8221;. Dlaczego wyszli ze\u00a0studia przed og\u0142oszeniem wynik\u00f3w? <\/p>\n<p>35-latek jaki\u015b czas temu za\u0142o\u017cy\u0142 Hektorowi oddzielne konto na Instagramie, jednak nie aktualizuje go zbyt cz\u0119sto. Lubi zachowa\u0107 pewne momenty z\u00a0\u017cycia prywatnego tylko dla siebie. <\/p>\n<p>Micha\u0142 Szpak przypadkiem na niego natrafi\u0142. Na jednym z\u00a0koncert\u00f3w podesz\u0142a do niego grupa fanek, kt\u00f3ra trzyma\u0142a zwierz\u0119 w\u00a0r\u0119kach. Ku zaskoczeniu muzyka, chcia\u0142y, aby zrobi\u0142 sobie z\u00a0nim zdj\u0119cie.<\/p>\n<p>Micha\u0142 Szpak jest singlem. Wie, kiedy to\u00a0si\u0119 nie zmieni <\/p>\n<p>Czy wkr\u00f3tce serce piosenkarza zajmie nie tylko Hektor? Sam zainteresowany nie ukrywa, \u017ce na razie jest singlem i\u00a0 czuje, \u017ce to nie zmieni si\u0119 w\u00a0niedalekie przysz\u0142o\u015bci. O\u00a0znalezieniu potencjalnej drugiej po\u0142\u00f3wki wygada\u0142 si\u0119 za kulisami &#8222;The Voice of Poland&#8221;, gdzie pe\u0142ni\u0142 rol\u0119 jurora.<\/p>\n","protected":false},"excerpt":{"rendered":"&#8222;Kocham t\u0119 besti\u0119 mi\u0142o\u015bci\u0105 niesko\u0144czon\u0105&#8221; &#8211; wyzna\u0142 Micha\u0142 Szpak w\u00a0sieci, prezentuj\u0105c kolejne zdj\u0119cia z\u00a0Hektorem na r\u0119kach. Piesek, kt\u00f3remu&hellip;\n","protected":false},"author":2,"featured_media":144728,"comment_status":"","ping_status":"","sticky":false,"template":"","format":"standard","meta":{"footnotes":""},"categories":[22],"tags":[122,42,38,40,39,41,123],"class_list":{"0":"post-144727","1":"post","2":"type-post","3":"status-publish","4":"format-standard","5":"has-post-thumbnail","7":"category-rozrywka","8":"tag-entertainment","9":"tag-pl","10":"tag-poland","11":"tag-polish","12":"tag-polska","13":"tag-polski","14":"tag-rozrywka"},"share_on_mastodon":{"url":"https:\/\/pubeurope.com\/@pl\/115700733522280670","error":""},"_links":{"self":[{"href":"https:\/\/www.europesays.com\/pl\/wp-json\/wp\/v2\/posts\/144727","targetHints":{"allow":["GET"]}}],"collection":[{"href":"https:\/\/www.europesays.com\/pl\/wp-json\/wp\/v2\/posts"}],"about":[{"href":"https:\/\/www.europesays.com\/pl\/wp-json\/wp\/v2\/types\/post"}],"author":[{"embeddable":true,"href":"https:\/\/www.europesays.com\/pl\/wp-json\/wp\/v2\/users\/2"}],"replies":[{"embeddable":true,"href":"https:\/\/www.europesays.com\/pl\/wp-json\/wp\/v2\/comments?post=144727"}],"version-history":[{"count":0,"href":"https:\/\/www.europesays.com\/pl\/wp-json\/wp\/v2\/posts\/144727\/revisions"}],"wp:featuredmedia":[{"embeddable":true,"href":"https:\/\/www.europesays.com\/pl\/wp-json\/wp\/v2\/media\/144728"}],"wp:attachment":[{"href":"https:\/\/www.europesays.com\/pl\/wp-json\/wp\/v2\/media?parent=144727"}],"wp:term":[{"taxonomy":"category","embeddable":true,"href":"https:\/\/www.europesays.com\/pl\/wp-json\/wp\/v2\/categories?post=144727"},{"taxonomy":"post_tag","embeddable":true,"href":"https:\/\/www.europesays.com\/pl\/wp-json\/wp\/v2\/tags?post=144727"}],"curies":[{"name":"wp","href":"https:\/\/api.w.org\/{rel}","templated":true}]}}