{"id":144771,"date":"2025-12-11T12:00:21","date_gmt":"2025-12-11T12:00:21","guid":{"rendered":"https:\/\/www.europesays.com\/pl\/144771\/"},"modified":"2025-12-11T12:00:21","modified_gmt":"2025-12-11T12:00:21","slug":"czwartkowy-przeglad-mediow-to-nie-spodoba-sie-trumpowi-polska-w-wyscigu-po-dalekosiezne-rakiety","status":"publish","type":"post","link":"https:\/\/www.europesays.com\/pl\/144771\/","title":{"rendered":"Czwartkowy przegl\u0105d medi\u00f3w; To nie spodoba si\u0119 Trumpowi; Polska w wy\u015bcigu po dalekosi\u0119\u017cne rakiety"},"content":{"rendered":"\n<ul class=\"article-header__labels list-inline\">\n<li>\n            PRZEGL\u0104D PRASY\n          <\/li>\n<li>\n            WIADOMO\u015aCI\n          <\/li>\n<\/ul>\n<p>Codzienny przegl\u0105d medi\u00f3w sektora bezpiecze\u0144stwa i obronno\u015bci.<\/p>\n<p>  <img decoding=\"async\" src=\"https:\/\/www.europesays.com\/pl\/wp-content\/uploads\/2025\/12\/k1LdNQPqEWjCEpoYPtQ8JECiLShqd0JoQkHRO4oH.irml.jpg\" alt=\"\"  width=\"800\" height=\"450\" author=\"The White House\" fetchpriority=\"high\" class=\"img image-with-caption__image\"\/><br \/>\n        Autor. The White House<\/p>\n<p class=\"paragraph-module\">rp.pl:\u201eWenezuela oskar\u017ca USA o kradzie\u017c tankowca i piractwo\u201d<br \/>\n\u201eW\u0142adze w Caracas zapowiedzia\u0142y wniesienie sprawy zaj\u0119cia tankowca przez USA na forum organizacji mi\u0119dzynarodowych, uznaj\u0105c dzia\u0142anie za piractwo i naruszenie suwerenno\u015bci. Waszyngton twierdzi, \u017ce statek przewozi\u0142 rop\u0119 obj\u0119t\u0105 sankcjami i by\u0142 cz\u0119\u015bci\u0105 nielegalnej sieci dostaw paliwa. Incydent wpisuje si\u0119 w rosn\u0105c\u0105 presj\u0119 USA na wenezuelski rz\u0105d oraz operacje przeciw przemytnikom w rejonie Morza Karaibskiego.\u201d<\/p>\n<p class=\"paragraph-module\">wp.pl:\u201eIzba Reprezentant\u00f3w przyj\u0119\u0142a bud\u017cet obronny. Trumpowi si\u0119 nie spodoba\u201d<br \/>\n\u201ePrzyj\u0119ty przez Izb\u0119 Reprezentant\u00f3w plan wydatk\u00f3w obronnych wymaga, by Pentagon uzasadnia\u0142 ka\u017cd\u0105 wi\u0119ksz\u0105 redukcj\u0119 si\u0142 w Europie i konsultowa\u0142 j\u0105 z NATO. Ustawa przewiduje finansowanie pomocy wojskowej dla Ukrainy i inicjatyw w regionie ba\u0142tyckim oraz podnosi \u017co\u0142nierskie pensje. Po g\u0142osowaniu w Senacie dokument ma zosta\u0107 przekazany prezydentowi.\u201d<\/p>\n<p class=\"paragraph-module\">Gazeta Polska Codziennie: \u201eRekordowy bud\u017cet obronny \u0141otwy\u201d<br \/>\n\u201eRyski parlament zatwierdzi\u0142 rekordowy bud\u017cet obronny przekraczaj\u0105cy 2 mld euro, co oznacza prawie 5 proc. PKB. Plan uwzgl\u0119dnia zakupy sprz\u0119tu bojowego, infrastruktury przeciwlotniczej, amunicji i artylerii, a tak\u017ce inwestycje w ochron\u0119 wschodniej granicy. Pa\u0144stwo rozwija te\u017c systemy wykrywania i neutralizacji dron\u00f3w, wzmacniaj\u0105c tzw. \u201emur dron\u00f3w\u201d na kierunku rosyjskim i bia\u0142oruskim.\u201d<\/p>\n<p class=\"paragraph-module\">Wojciech Kubik: Dziennik Gazeta Prawna:\u201eEuropa inwestuje w rakiety dalekiego zasi\u0119gu\u201d<br \/>\n\u201eEuropejskie pa\u0144stwa intensyfikuj\u0105 dzia\u0142ania, by zdoby\u0107 rakiety dalekiego zasi\u0119gu zdolne niszczy\u0107 zaplecze przemys\u0142owe przeciwnika. Polska uczestniczy w inicjatywie ELSA, maj\u0105cej stworzy\u0107 bro\u0144 l\u0105dow\u0105 o zasi\u0119gu do 1000 km, cho\u0107 pozostaje technologicznie w tyle. R\u00f3wnolegle rozwija w\u0142asne programy, m.in. Perun i Bursztyn, oraz inwestuje w artyleri\u0119 rakietow\u0105 i uzbrojenie lotnicze o du\u017cym zasi\u0119gu.\u201d<\/p>\n<p class=\"paragraph-module\">wp.pl:\u201ePrzydacz: \u201ePrezydent nie jest informowany\u201d. Jest riposta szefa MON\u201d<br \/>\n\u201eMarcin Przydacz stwierdzi\u0142, \u017ce g\u0142owa pa\u0144stwa nie otrzymuje informacji dotycz\u0105cych planowanego przekazania Ukrainie samolot\u00f3w MiG-29. Wed\u0142ug niego pomini\u0119to prezydenta w procesie konsultacji. Szef MON W\u0142adys\u0142aw Kosiniak-Kamysz zdecydowanie temu zaprzeczy\u0142, wskazuj\u0105c, \u017ce temat by\u0142 omawiany podczas posiedzenia komitetu bezpiecze\u0144stwa. Sprawa pozostaje otwarta, a przekazanie maszyn oznacza\u0142oby ich ostateczne wycofanie z Polski.\u201d<\/p>\n","protected":false},"excerpt":{"rendered":"PRZEGL\u0104D PRASY WIADOMO\u015aCI Codzienny przegl\u0105d medi\u00f3w sektora bezpiecze\u0144stwa i obronno\u015bci. Autor. The White House rp.pl:\u201eWenezuela oskar\u017ca USA o&hellip;\n","protected":false},"author":2,"featured_media":144772,"comment_status":"","ping_status":"","sticky":false,"template":"","format":"standard","meta":{"footnotes":""},"categories":[14],"tags":[32,33,27,34,35,28,31,25,40,41,2235,80,29,30,26,82,83,84],"class_list":{"0":"post-144771","1":"post","2":"type-post","3":"status-publish","4":"format-standard","5":"has-post-thumbnail","7":"category-swiat","8":"tag-breaking-news","9":"tag-breakingnews","10":"tag-headlines","11":"tag-latest-news","12":"tag-latestnews","13":"tag-naglowki","14":"tag-najwazniejsze-artykuly","15":"tag-news","16":"tag-polish","17":"tag-polski","18":"tag-przeglad","19":"tag-swiat","20":"tag-top-stories","21":"tag-topstories","22":"tag-wiadomosci","23":"tag-world","24":"tag-world-news","25":"tag-worldnews"},"share_on_mastodon":{"url":"https:\/\/pubeurope.com\/@pl\/115700828083546479","error":""},"_links":{"self":[{"href":"https:\/\/www.europesays.com\/pl\/wp-json\/wp\/v2\/posts\/144771","targetHints":{"allow":["GET"]}}],"collection":[{"href":"https:\/\/www.europesays.com\/pl\/wp-json\/wp\/v2\/posts"}],"about":[{"href":"https:\/\/www.europesays.com\/pl\/wp-json\/wp\/v2\/types\/post"}],"author":[{"embeddable":true,"href":"https:\/\/www.europesays.com\/pl\/wp-json\/wp\/v2\/users\/2"}],"replies":[{"embeddable":true,"href":"https:\/\/www.europesays.com\/pl\/wp-json\/wp\/v2\/comments?post=144771"}],"version-history":[{"count":0,"href":"https:\/\/www.europesays.com\/pl\/wp-json\/wp\/v2\/posts\/144771\/revisions"}],"wp:featuredmedia":[{"embeddable":true,"href":"https:\/\/www.europesays.com\/pl\/wp-json\/wp\/v2\/media\/144772"}],"wp:attachment":[{"href":"https:\/\/www.europesays.com\/pl\/wp-json\/wp\/v2\/media?parent=144771"}],"wp:term":[{"taxonomy":"category","embeddable":true,"href":"https:\/\/www.europesays.com\/pl\/wp-json\/wp\/v2\/categories?post=144771"},{"taxonomy":"post_tag","embeddable":true,"href":"https:\/\/www.europesays.com\/pl\/wp-json\/wp\/v2\/tags?post=144771"}],"curies":[{"name":"wp","href":"https:\/\/api.w.org\/{rel}","templated":true}]}}