{"id":144799,"date":"2025-12-11T12:15:08","date_gmt":"2025-12-11T12:15:08","guid":{"rendered":"https:\/\/www.europesays.com\/pl\/144799\/"},"modified":"2025-12-11T12:15:08","modified_gmt":"2025-12-11T12:15:08","slug":"putin-powroci-trump-strzela-sobie-w-stope-byly-dowodca-nato-nie-zostawia-suchej-nitki-na-planie-usa","status":"publish","type":"post","link":"https:\/\/www.europesays.com\/pl\/144799\/","title":{"rendered":"&#8222;Putin powr\u00f3ci&#8221;. Trump strzela sobie w stop\u0119. By\u0142y dow\u00f3dca NATO nie zostawia suchej nitki na planie USA"},"content":{"rendered":"<p>Zdaniem Breedlove&#8217;a ostatnie uwagi rosyjskich urz\u0119dnik\u00f3w, \u017ce &#8222;nie sko\u0144czyli\u015bmy w Europie&#8221;, nie s\u0105 retoryczn\u0105 figur\u0105 \u2014 ale strategicznym zamiarem. Gen. zauwa\u017ca, \u017ce obrona terytorium Ukrainy znacznie os\u0142abi\u0142a si\u0142y l\u0105dowe Rosji, daj\u0105c Europie troch\u0119 czasu. Ale ten czas si\u0119 sko\u0144czy. Putin, jak powiedzia\u0142, &#8222;powr\u00f3ci&#8221;, a Europa musi wykorzysta\u0107 obecne lata, aby przygotowa\u0107 si\u0119 na jego nast\u0119pny ruch.<\/p>\n<p>Breedlove podkre\u015bla, \u017ce w tym kontek\u015bcie jego niepok\u00f3j budzi nowa strategia bezpiecze\u0144stwa USA \u2014 szczeg\u00f3lnie je\u015bli chodzi o zmniejszenie zaanga\u017cowania w Europie. Zdaniem genera\u0142a Bia\u0142y Dom przyjmuje \u015bwiatopogl\u0105d &#8222;sfer wp\u0142yw\u00f3w&#8221;, kt\u00f3ry od dawna propagowany jest przez Putina.<\/p>\n<p>Emerytowany genera\u0142 Philip Breedlove powiedzia\u0142 w wywiadzie, \u017ce porzucenie sojusznik\u00f3w narazi zar\u00f3wno Europ\u0119, jak i Stany Zjednoczone na pojawiaj\u0105ce si\u0119 zagro\u017cenia.<\/p>\n<p>Zdaniem by\u0142ego dow\u00f3dcy NATO dostosowanie si\u0119 do proponowanej przez Moskw\u0119 architektury bezpiecze\u0144stwa jest &#8222;g\u0142\u0119boko niepokoj\u0105ce&#8221;, poniewa\u017c sygnalizuje akceptacj\u0119 strategicznych za\u0142o\u017ce\u0144 przeciwnika \u2014 i to w kluczowym momencie dla dalszych los\u00f3w porz\u0105dku mi\u0119dzynarodowego.<\/p>\n<p class=\"ods-c-paragraph \">Jednocze\u015bnie Breedlove podkre\u015bli\u0142, \u017ce sonda\u017ce konsekwentnie wskazuj\u0105 na silne poparcie ameryka\u0144skiej opinii publicznej dla NATO i pomocy dla Ukrainy. To trwa\u0142e nastawienie \u2014 a nie przej\u015bciowe priorytety kt\u00f3rejkolwiek administracji \u2014 powinno zdaniem genera\u0142a nieco uspokoi\u0107 europejskich partner\u00f3w.<\/p>\n<p class=\"ods-c-paragraph \">Na pytanie, czy Europa musi przyspieszy\u0107 realizacj\u0119 cel\u00f3w gotowo\u015bci w zakresie kluczowych zdolno\u015bci, od obrony powietrznej po logistyk\u0119 i cyberbezpiecze\u0144stwo, Breedlove si\u0119 nie waha\u0142. Powiedzia\u0142, \u017ce Europa potrzebuje tego wszystkiego \u2014 i to pilnie.<\/p>\n<p class=\"ods-c-paragraph \">By\u0142y dow\u00f3dca NATO zaznaczy\u0142, \u017ce cho\u0107 nie anga\u017cuje si\u0119 w polityk\u0119, to musi przyzna\u0107, \u017ce prezydent Trump, cho\u0107 w spos\u00f3b kontrowersyjny, ale <a href=\"https:\/\/wiadomosci.onet.pl\/politico\/5-proc-pkb-na-obronnosc-po-szczycie-nato-trump-ma-powody-do-zadowolenia\/c9lfbty\" id=\"05324158-9420-4738-a2ff-7d1e58bc167e\" rel=\"nofollow noopener\" target=\"_blank\">zdo\u0142a\u0142 sk\u0142oni\u0107 cz\u0142onk\u00f3w NATO do znacznego zwi\u0119kszenia wydatk\u00f3w na obronno\u015b\u0107<\/a>. Po tym, co Breedlove okre\u015bli\u0142 jako &#8222;25-30-letni\u0105 przerw\u0119 w zakupach&#8221; po zako\u0144czeniu zimnej wojny, Europejczycy obecnie staraj\u0105 si\u0119 nadrobi\u0107 zaleg\u0142o\u015bci \u2014 i musz\u0105 to robi\u0107 dalej.<\/p>\n<p>   Europa musi wys\u0142a\u0107 sygna\u0142 do Waszyngtonu   <\/p>\n<p class=\"ods-c-paragraph \">Breedlove powiedzia\u0142, \u017ce najwa\u017cniejszym krokiem, jaki Europa musi podj\u0105\u0107 w najbli\u017cszym czasie, nie jest kolejna runda deklaracji, ale przyj\u0119cie polityki, kt\u00f3ra doprowadzi do szybkiego i namacalnego przeniesienia zdolno\u015bci do Ukrainy \u2014 w po\u0142\u0105czeniu z uprawnieniami dla Kijowa do ich skutecznego wykorzystania.<\/p>\n<p><img decoding=\"async\" src=\"https:\/\/www.europesays.com\/pl\/wp-content\/uploads\/2025\/12\/Jofk9lBaHR0cHM6Ly9vY2RuLmV1L3B1bHNjbXMvTURBXy9hZWNiZDViYWQzZjYzODJiYmU3NGFmM2Q5YmZhZTNkNy5qcGeRlQLNB.jpeg\" height=\"627\" width=\"940\" alt=\"Ukrai\u0144scy \u017co\u0142nierze na stanowisku artyleryjskim w pobli\u017cu Pokrowska (zdj. ilustracyjne)\" loading=\"lazy\" class=\"ods-c-image__img ods-c-image__img--viewport-width\"\/><\/p>\n<p>Ukrai\u0144scy \u017co\u0142nierze na stanowisku artyleryjskim w pobli\u017cu Pokrowska (zdj. ilustracyjne)Dmytro Smolienko\/Ukrinform\/NurPhoto via Getty Images \/ Contributor \/ Getty Images<\/p>\n<p class=\"ods-c-paragraph \">By\u0142y dow\u00f3dca NATO ostrzeg\u0142, \u017ce zar\u00f3wno Europa, jak i Stany Zjednoczone nie s\u0105 przygotowane na <a href=\"https:\/\/wiadomosci.onet.pl\/swiat\/rosja-zaatakowala-ukraine-alarm-przeciwlotniczy-w-calym-kraju\/h57ntrk\" id=\"efd95cd4-7461-4a28-b14b-14060d507e56\" rel=\"nofollow noopener\" target=\"_blank\">skal\u0119 atak\u00f3w powietrznych, kt\u00f3re Rosja przeprowadza co noc na Ukrain\u0119<\/a>. Powiedzia\u0142, \u017ce setki dron\u00f3w stanowi\u0105 zagro\u017cenie, przed kt\u00f3rym ani NATO, ani UE \u2014 ani nawet Stany Zjednoczone \u2014 nie maj\u0105 obecnie wystarczaj\u0105cej ochrony.<\/p>\n<p class=\"ods-c-paragraph \">Zapytany o apele niekt\u00f3rych Republikan\u00f3w o wycofanie si\u0119 z NATO, Breedlove opisa\u0142 scenariusz ilustruj\u0105cy s\u0142abe punkty Ameryki: kontenerowiec wp\u0142ywaj\u0105cy do du\u017cego portu i wypuszczaj\u0105cy roje wrogich dron\u00f3w.<\/p>\n<p class=\"ods-c-paragraph \">Stany Zjednoczone, powiedzia\u0142, by\u0142yby &#8222;ca\u0142kowicie bezbronne&#8221; wobec ataku wzorowanego na operacjach z u\u017cyciem dron\u00f3w dalekiego zasi\u0119gu, kt\u00f3re mia\u0142y ju\u017c miejsce w Ukrainie i na Bliskim Wschodzie.<\/p>\n<p class=\"ods-c-paragraph \">Przeciwnicy Ameryki wiedz\u0105, jak przeprowadza\u0107 tego typu operacje. Stany Zjednoczone, podkre\u015bli\u0142, nie s\u0105 na to przygotowane \u2014 to kolejny pow\u00f3d, dla kt\u00f3rego porzucenie sojusznik\u00f3w nie zwi\u0119kszy\u0142oby bezpiecze\u0144stwa Ameryki, a raczej je os\u0142abi\u0142o.<\/p>\n<p class=\"ods-c-paragraph \">Je\u015bli chodzi o europejskich przyw\u00f3dc\u00f3w, kt\u00f3rzy maj\u0105 nadziej\u0119 na utrzymanie g\u0142\u0119bokiej wsp\u00f3\u0142pracy wojskowej ze Stanami Zjednoczonymi w czasie napi\u0119\u0107 politycznych, przes\u0142anie Breedlove&#8217;a jest dosadne: &#8222;<a href=\"https:\/\/wiadomosci.onet.pl\/swiat\/putin-popelnil-blad-i-obudzil-zbrojeniowa-potege-fabryki-rosna-jak-grzyby-po-deszczu\/7mrkskk\" id=\"488afbcc-895e-4cba-9a73-84e9cc71a946\" rel=\"nofollow noopener\" target=\"_blank\">poka\u017ccie, \u017ce m\u00f3wicie powa\u017cnie<\/a>&#8222;.<\/p>\n<p class=\"ods-c-paragraph \">Stwierdzi\u0142, \u017ce je\u015bli Europa wyka\u017ce wyra\u017an\u0105 intencj\u0119 uzbrojenia si\u0119 i przej\u0119cia g\u0142\u00f3wnej odpowiedzialno\u015bci za swoj\u0105 obron\u0119, os\u0142abi to argumenty za wycofaniem si\u0119 Stan\u00f3w Zjednoczonych.<\/p>\n<p class=\"ods-c-paragraph \">Sygnalizowanie tego zobowi\u0105zania \u2014 i dzia\u0142anie zgodnie z nim \u2014 jest wed\u0142ug Breedlove&#8217;a najpewniejszym sposobem na utrzymanie silnych wi\u0119zi mi\u0119dzy sojuszniczymi si\u0142ami zbrojnymi.<\/p>\n<p class=\"ods-c-paragraph \">Zdaniem Breedlove&#8217;a je\u015bli Waszyngton wycofa si\u0119 z zaanga\u017cowania w \u015bwiecie, wynikaj\u0105ca z tego globalna pr\u00f3\u017cnia w\u0142adzy b\u0119dzie wielkim zwyci\u0119stwem dla wrog\u00f3w Ameryki. W takim scenariuszu nie mo\u017cna mie\u0107 pewno\u015bci co do bezpiecze\u0144stwa Europy wobec narastaj\u0105cych wyzwa\u0144.<\/p>\n","protected":false},"excerpt":{"rendered":"Zdaniem Breedlove&#8217;a ostatnie uwagi rosyjskich urz\u0119dnik\u00f3w, \u017ce &#8222;nie sko\u0144czyli\u015bmy w Europie&#8221;, nie s\u0105 retoryczn\u0105 figur\u0105 \u2014 ale strategicznym&hellip;\n","protected":false},"author":2,"featured_media":144800,"comment_status":"","ping_status":"","sticky":false,"template":"","format":"standard","meta":{"footnotes":""},"categories":[14],"tags":[56,32,33,44,189,27,34,35,812,28,31,48,160,25,46,18779,40,41,87,47,80,29,30,415,4396,26,408,82,83,84],"class_list":{"0":"post-144799","1":"post","2":"type-post","3":"status-publish","4":"format-standard","5":"has-post-thumbnail","7":"category-swiat","8":"tag-article_premium","9":"tag-breaking-news","10":"tag-breakingnews","11":"tag-donald_trump","12":"tag-europa","13":"tag-headlines","14":"tag-latest-news","15":"tag-latestnews","16":"tag-moskwa","17":"tag-naglowki","18":"tag-najwazniejsze-artykuly","19":"tag-nat_styl","20":"tag-nato","21":"tag-news","22":"tag-omp","23":"tag-philip_breedlove","24":"tag-polish","25":"tag-polski","26":"tag-rosja","27":"tag-screening_general","28":"tag-swiat","29":"tag-top-stories","30":"tag-topstories","31":"tag-ukraina","32":"tag-waszyngton","33":"tag-wiadomosci","34":"tag-wladimir_putin","35":"tag-world","36":"tag-world-news","37":"tag-worldnews"},"share_on_mastodon":{"url":"https:\/\/pubeurope.com\/@pl\/115700887239399530","error":""},"_links":{"self":[{"href":"https:\/\/www.europesays.com\/pl\/wp-json\/wp\/v2\/posts\/144799","targetHints":{"allow":["GET"]}}],"collection":[{"href":"https:\/\/www.europesays.com\/pl\/wp-json\/wp\/v2\/posts"}],"about":[{"href":"https:\/\/www.europesays.com\/pl\/wp-json\/wp\/v2\/types\/post"}],"author":[{"embeddable":true,"href":"https:\/\/www.europesays.com\/pl\/wp-json\/wp\/v2\/users\/2"}],"replies":[{"embeddable":true,"href":"https:\/\/www.europesays.com\/pl\/wp-json\/wp\/v2\/comments?post=144799"}],"version-history":[{"count":0,"href":"https:\/\/www.europesays.com\/pl\/wp-json\/wp\/v2\/posts\/144799\/revisions"}],"wp:featuredmedia":[{"embeddable":true,"href":"https:\/\/www.europesays.com\/pl\/wp-json\/wp\/v2\/media\/144800"}],"wp:attachment":[{"href":"https:\/\/www.europesays.com\/pl\/wp-json\/wp\/v2\/media?parent=144799"}],"wp:term":[{"taxonomy":"category","embeddable":true,"href":"https:\/\/www.europesays.com\/pl\/wp-json\/wp\/v2\/categories?post=144799"},{"taxonomy":"post_tag","embeddable":true,"href":"https:\/\/www.europesays.com\/pl\/wp-json\/wp\/v2\/tags?post=144799"}],"curies":[{"name":"wp","href":"https:\/\/api.w.org\/{rel}","templated":true}]}}