{"id":144819,"date":"2025-12-11T12:25:11","date_gmt":"2025-12-11T12:25:11","guid":{"rendered":"https:\/\/www.europesays.com\/pl\/144819\/"},"modified":"2025-12-11T12:25:11","modified_gmt":"2025-12-11T12:25:11","slug":"mozliwy-sensacyjny-powrot-do-ekstraklasy-reprezentant-polski-na-celowniku-przeglad-sportowy-onet","status":"publish","type":"post","link":"https:\/\/www.europesays.com\/pl\/144819\/","title":{"rendered":"Mo\u017cliwy sensacyjny powr\u00f3t do Ekstraklasy! Reprezentant Polski na celowniku &#8211; Przegl\u0105d Sportowy Onet"},"content":{"rendered":"<ol>\n<li><a href=\"https:\/\/news.google.com\/rss\/articles\/CBMixAFBVV95cUxPZEVCc1gxM283NTJVVW5ZcGNyUUp3YktIakgtNG5LT0dtclRPWXRsYkN0MWRncVVjcko3V1lXZGxOaTVHMGs0ZEdyU3BKNXlQUHNjdXdFYl91a3ZtTUVyNTFud2d0TXZwMlQtV0VKR1dKUjhyWUJHT2NKTWNEUEx1aFpYOExSeWRzQTVjTmI4WGdNellIVU01cDE0SklKcFJGZlNZa3o0c2k3b2F1d1lMeDdja1dKRk5Edm1DMjJSU3ZiWUdT?oc=5\" target=\"_blank\" rel=\"nofollow noopener\">Mo\u017cliwy sensacyjny powr\u00f3t do Ekstraklasy! Reprezentant Polski na celowniku<\/a>&nbsp;&nbsp;Przegl\u0105d Sportowy Onet<\/li>\n<li><a href=\"https:\/\/news.google.com\/rss\/articles\/CBMivwFBVV95cUxNMUFITF9oMlotaUJ2MmR6WnphXzNJbHAzdWpYeWdpMjhIcFdXZVNTaWtuTXVLV25MYUpYeFB6Q3d2bXNrN3VjZUxoS3VSVm9zWGpjOTdkYVo4TjZKU0owVW53Sk80aWVqZmt3aURGRWhJU3B0MklGLWFYX3FLN2RwZ0tWdVN6VU8zUjAxVk43cGNYLU15RzE0OGp6aVB5NUpiVmJ5MmZ3dFY2MzdFN1dYT0lLTlotX0h3djJiWF9Idw?oc=5\" target=\"_blank\" rel=\"nofollow noopener\">Powr\u00f3t po dziewi\u0119ciu latach? Jest ch\u0119tny na Dr\u0105gowskiego<\/a>&nbsp;&nbsp;SportoweFakty<\/li>\n<li><a href=\"https:\/\/news.google.com\/rss\/articles\/CBMirwFBVV95cUxNRkR4WW5OQldqRW05R2NkckFvN0ZhMXVaOHJvRnQxOV9PMFFudThqUnZnVm1VWThqYi1lSTlGcDhLN0tDbEVlV1hDelpLTkVScTlSQjEwYklSUV9WbTRMWUgxVkw2Ul94TDZpNkhZeVRaaTE4cTZlOFlVWkRMR0pmbThrY0ZMdkFSSHlqWUgzOGM4alV0NXc4dWRFcXJDRXNfSVVvdWdjd05NTnFRTFcw?oc=5\" target=\"_blank\" rel=\"nofollow noopener\">Fatalne wie\u015bci dla Urbana. S\u0142ynny trener odsun\u0105\u0142 reprezentanta Polski Pi\u0142ka no\u017cna<\/a>&nbsp;&nbsp;Sport.pl<\/li>\n<li><a href=\"https:\/\/news.google.com\/rss\/articles\/CBMikwFBVV95cUxNaDNQYkVhYnRZNWpwWjhlTHFMVy1WS0w3bWxiX0NjNGdCcHkwTmM5eDZ5djg4aEtaNnFYVVFBWjdiYVJCUVNEM0szbGZEdVgtd2hIMjVRNkdxYk5nc1ZmWjJKYkpPampFNDJYNnJIQ2p6ZU9MTURxT1RSS0ZJX1F1VXhXZThwWm1GMmlqRVU5OUcxS2s?oc=5\" target=\"_blank\" rel=\"nofollow noopener\">Bart\u0142omiej Dr\u0105gowski wr\u00f3ci do Ekstraklasy? To by\u0142by transferowy hit!<\/a>&nbsp;&nbsp;Pi\u0142kaNo\u017cna.pl<\/li>\n<li><a href=\"https:\/\/news.google.com\/rss\/articles\/CBMi3wFBVV95cUxNeTM0T3ptZFRYQ0UyZXlSWjBwWERHVmdUUlNVX010NlV2SXhSNTlJVnJyVWxfOVdqc2pxRXkzV0JDSEpqOWJFSmMtbENDTVk1TDhjR0NNWmFPU3VnSjZLVkd4OHlpUndqZjJTQ3FNVzNBSVVHdnlmUzJRdDBFYXVuTUR4N2U1SjJXSlgwLThwdGZMY0VDbl9IQzVZaFhmWDhJTzRQb0V0TDNJU2hrZ0hqLWRGUnhoV2t4aEttWHlUcEFuZDcwNVdzdVMwc1M0VnpSQzd6d0otTjlPNEZUN3M0?oc=5\" target=\"_blank\" rel=\"nofollow noopener\">Fatalne wie\u015bci w sprawie reprezentanta Polski. A Jan Urban da\u0142 mu tak\u0105 szans\u0119<\/a>&nbsp;&nbsp;MSN<\/li>\n<\/ol>\n","protected":false},"excerpt":{"rendered":"Mo\u017cliwy sensacyjny powr\u00f3t do Ekstraklasy! Reprezentant Polski na celowniku&nbsp;&nbsp;Przegl\u0105d Sportowy Onet Powr\u00f3t po dziewi\u0119ciu latach? Jest ch\u0119tny na&hellip;\n","protected":false},"author":2,"featured_media":144820,"comment_status":"","ping_status":"","sticky":false,"template":"","format":"standard","meta":{"footnotes":""},"categories":[24],"tags":[2211,11821,2207,274,67,2477,2210,42,38,40,39,41,128,47,127,135,126],"class_list":{"0":"post-144819","1":"post","2":"type-post","3":"status-publish","4":"format-standard","5":"has-post-thumbnail","7":"category-sport","8":"tag-_skom_","9":"tag-bartlomiej_dragowski","10":"tag-bukmacherzy","11":"tag-ekstraklasa","12":"tag-intextvideo_splayer","13":"tag-jagiellonia_bialystok","14":"tag-legalni_bukmacherzy","15":"tag-pl","16":"tag-poland","17":"tag-polish","18":"tag-polska","19":"tag-polski","20":"tag-psv2","21":"tag-screening_general","22":"tag-sport","23":"tag-sport_sport","24":"tag-sports"},"share_on_mastodon":{"url":"https:\/\/pubeurope.com\/@pl\/115700926100738861","error":""},"_links":{"self":[{"href":"https:\/\/www.europesays.com\/pl\/wp-json\/wp\/v2\/posts\/144819","targetHints":{"allow":["GET"]}}],"collection":[{"href":"https:\/\/www.europesays.com\/pl\/wp-json\/wp\/v2\/posts"}],"about":[{"href":"https:\/\/www.europesays.com\/pl\/wp-json\/wp\/v2\/types\/post"}],"author":[{"embeddable":true,"href":"https:\/\/www.europesays.com\/pl\/wp-json\/wp\/v2\/users\/2"}],"replies":[{"embeddable":true,"href":"https:\/\/www.europesays.com\/pl\/wp-json\/wp\/v2\/comments?post=144819"}],"version-history":[{"count":0,"href":"https:\/\/www.europesays.com\/pl\/wp-json\/wp\/v2\/posts\/144819\/revisions"}],"wp:featuredmedia":[{"embeddable":true,"href":"https:\/\/www.europesays.com\/pl\/wp-json\/wp\/v2\/media\/144820"}],"wp:attachment":[{"href":"https:\/\/www.europesays.com\/pl\/wp-json\/wp\/v2\/media?parent=144819"}],"wp:term":[{"taxonomy":"category","embeddable":true,"href":"https:\/\/www.europesays.com\/pl\/wp-json\/wp\/v2\/categories?post=144819"},{"taxonomy":"post_tag","embeddable":true,"href":"https:\/\/www.europesays.com\/pl\/wp-json\/wp\/v2\/tags?post=144819"}],"curies":[{"name":"wp","href":"https:\/\/api.w.org\/{rel}","templated":true}]}}