{"id":144873,"date":"2025-12-11T12:52:11","date_gmt":"2025-12-11T12:52:11","guid":{"rendered":"https:\/\/www.europesays.com\/pl\/144873\/"},"modified":"2025-12-11T12:52:11","modified_gmt":"2025-12-11T12:52:11","slug":"ksiadz-ktory-kopal-psa-przez-siatke-jest-juz-w-innej-parafii-final-sprawy","status":"publish","type":"post","link":"https:\/\/www.europesays.com\/pl\/144873\/","title":{"rendered":"Ksi\u0105dz, kt\u00f3ry kopa\u0142 psa przez siatk\u0119, jest ju\u017c w innej parafii. Fina\u0142 sprawy"},"content":{"rendered":"<ul class=\"UnorderedList_container__nmfSl\">\n<li class=\"UnorderedList_listElement__Py7xi\" data-id=\"ai-summary-link\">Du\u017co czytania, a ma\u0142o czasu? Sprawd\u017a\u00a0skr\u00f3t\u00a0artyku\u0142u<\/li>\n<\/ul>\n<p class=\"Paragraph_desktopParagraph__U31Gm\">W styczniu ks. Bogdan Okraska z parafii \u015bw. Marcina w Tolkowcu sta\u0142 si\u0119 s\u0142awny na ca\u0142\u0105 Polsk\u0119. Wszystko za spraw\u0105 nagrania, kt\u00f3re <a href=\"https:\/\/wiadomosci.onet.pl\/olsztyn\/agresywny-ksiadz-kopal-psa-przez-siatke-jest-reakcja-kurii-i-soltysa-wsi\/c8bm7m4\" id=\"762d1f67-a9ec-40c8-afa2-d9ce241bfd79\" rel=\"nofollow noopener\" target=\"_blank\">sta\u0142o si\u0119 internetowym viralem<\/a>.<\/p>\n<p class=\"Paragraph_desktopParagraph__U31Gm\">Na filmie wida\u0107 ksi\u0119dza, kt\u00f3ry w towarzystwie ministranta pr\u00f3buje wej\u015b\u0107 na teren prywatnej posesji. Za ogrodzeniem znajduje si\u0119 pies. W pewnym momencie ksi\u0105dz zaczyna\u0107 kopa\u0107 siatk\u0119 w miejscu, gdzie znajduje si\u0119 szczekaj\u0105ce na niego zwierz\u0119. Pies odskakuje, a duchowny pr\u00f3buje go jeszcze wystraszy\u0107. Najpierw markuje uderzenie r\u0119k\u0105, a nast\u0119pnie podbiega do furtki, przek\u0142adaj\u0105c nad ni\u0105 torb\u0119 i pr\u00f3buj\u0105c dosi\u0119gn\u0105\u0107 zwierz\u0119cia. Chwil\u0119 p\u00f3\u017aniej si\u0119ga jeszcze po kamie\u0144 le\u017c\u0105cy na ziemi i rzuca nim w psa.<\/p>\n<p class=\"Paragraph_desktopParagraph__U31Gm\">Sprawa trafi\u0142a do prokuratury, kt\u00f3ra post\u0119powanie umorzy\u0142a.<\/p>\n<p class=\"Paragraph_desktopParagraph__U31Gm\">Onet dosta\u0142 informacj\u0119, \u017ce ksi\u0105dz Okraska zosta\u0142 przeniesiony na inn\u0105 parafi\u0119. Potwierdza to ks. Marcin Sawicki, rzecznik Archidiecezji Warmi\u0144skiej.\u2014 Obecnie ksi\u0105dz proboszcz pracuje w parafii w Kanigowie \u2014 m\u00f3wi Onetowi. To ma\u0142a miejscowo\u015b\u0107 w gminie Nidzica w woj. warmi\u0144sko-mazurskim.<\/p>\n<p class=\"Paragraph_desktopParagraph__U31Gm\">Czym spowodowana by\u0142a decyzja o przeniesieniu ksi\u0119dza? \u2014 Zmiany personalne s\u0105 rzecz\u0105 naturaln\u0105 i wynikaj\u0105 z potrzeb duszpasterskich \u2014 lakonicznie odpowiada ks. Sawicki.<\/p>\n<p class=\"Paragraph_desktopParagraph__U31Gm\">Wcze\u015bniej ksi\u0105dz dosta\u0142 upomnienie od metropolity warmi\u0144skiego.<\/p>\n<p class=\"VideoPlayerText_videoPlayerText__iDwyz\">Dalszy ci\u0105g materia\u0142u pod wideo<\/p>\n<ul class=\"OchatFollowUps_wrapper__1ry7X\">\n<li class=\"OchatFollowUps_item__Dhyly OchatFollowUps_itemDesktop__R6aBv\">Gdzie teraz pracuje ksi\u0105dz Okraska?<\/li>\n<li class=\"OchatFollowUps_item__Dhyly OchatFollowUps_itemDesktop__R6aBv\">Ile wynosi\u0142 mandat, kt\u00f3ry dosta\u0142 ksi\u0105dz?<\/li>\n<li class=\"OchatFollowUps_item__Dhyly OchatFollowUps_itemDesktop__R6aBv\">Dlaczego ksi\u0105dz zosta\u0142 przeniesiony na inn\u0105 parafi\u0119?<\/li>\n<li class=\"OchatFollowUps_item__Dhyly OchatFollowUps_itemDesktop__R6aBv\">Co zawiera artyku\u0142 78 KW?<\/li>\n<\/ul>\n<p>Po siedmiu miesi\u0105cach ksi\u0105dz dostaje mandat <\/p>\n<p class=\"Paragraph_desktopParagraph__U31Gm\">Onet dotar\u0142 jednak do nowych informacji. Wynika z nich, \u017ce ksi\u0105dz nie unikn\u0105\u0142 kary za swoje styczniowe zachowanie.<\/p>\n<p class=\"Paragraph_desktopParagraph__U31Gm\">\u2014 We wrze\u015bniu dostali\u015bmy informacj\u0119 z Komendy Policji w Braniewie, \u017ce ksi\u0105dz zosta\u0142 uznany za sprawc\u0119 wykroczenia z artyku\u0142u 78 KW i zosta\u0142 ukarany grzywn\u0105. Nie mamy informacji, jak du\u017ca to by\u0142a grzywna \u2014 m\u00f3wi Onetowi Pawe\u0142 Artyfikiewicz z grupy interwencyjnej Fundacji Viva!.<\/p>\n<p class=\"Paragraph_desktopParagraph__U31Gm\">Fundacja Viva!, kt\u00f3ra walczy o popraw\u0119 losu zwierz\u0105t w Polsce, zajmowa\u0142a si\u0119 spraw\u0105 ksi\u0119dza Okraski od samego pocz\u0105tku. Gdy prokuratura umorzy\u0142a post\u0119powanie, fundacja odwo\u0142a\u0142a si\u0119 od tej decyzji. W sierpniu S\u0105d Rejonowy w Braniewie podtrzyma\u0142 jednak decyzj\u0119 o umorzeniu.<\/p>\n<p class=\"Paragraph_desktopParagraph__U31Gm\">Artyku\u0142 78 KW dotyczy &#8222;dra\u017cnienia lub p\u0142oszenia zwierz\u0119cia&#8221;.<\/p>\n<p class=\"Paragraph_desktopParagraph__U31Gm\">Brzmi on: &#8222;Kto przez dra\u017cnienie lub p\u0142oszenie doprowadza zwierz\u0119 do tego, \u017ce staje si\u0119 niebezpieczne, podlega karze ograniczenia wolno\u015bci, grzywny do 1000 z\u0142otych albo karze nagany&#8221;.<\/p>\n<p class=\"Paragraph_desktopParagraph__U31Gm\">Rzecznik policji w Braniewie Justyna Roma\u0144czuk przekazuje Onetowi, \u017ce ksi\u0105dz zosta\u0142 ukarany grzywn\u0105 w wysoko\u015bci 200 z\u0142.<\/p>\n<p class=\"Paragraph_desktopParagraph__U31Gm\">Artyfikiewicz uwa\u017ca, \u017ce ksi\u0105dz i tak zosta\u0142 tutaj potraktowany \u0142agodnie. \u2014 Sk\u0142adali\u015bmy zawiadomienie dotycz\u0105ce czynu, kt\u00f3ry jest przest\u0119pstwem. Argumentowali\u015bmy, \u017ce dosz\u0142o tutaj do z\u0142o\u015bliwego straszenia psa. Nasze argumenty nie znalaz\u0142y uznania \u2014 komentuje dla Onetu.<\/p>\n<p class=\"Paragraph_desktopParagraph__U31Gm\">\u2014 Ksi\u0105dz spe\u0142nia wa\u017cn\u0105 funkcj\u0119 dla lokalnej spo\u0142eczno\u015bci i powinien by\u0107 wzorem \u2014 puentuje.<\/p>\n","protected":false},"excerpt":{"rendered":"Du\u017co czytania, a ma\u0142o czasu? Sprawd\u017a\u00a0skr\u00f3t\u00a0artyku\u0142u W styczniu ks. Bogdan Okraska z parafii \u015bw. Marcina w Tolkowcu sta\u0142&hellip;\n","protected":false},"author":2,"featured_media":144874,"comment_status":"","ping_status":"","sticky":false,"template":"","format":"standard","meta":{"footnotes":"","_share_on_mastodon":"0"},"categories":[5],"tags":[32,33,36,37,27,27850,67,34,35,28,31,53,25,52,68,51,55,42,38,40,39,41,47,29,30,50,26,17290],"class_list":["post-144873","post","type-post","status-publish","format-standard","has-post-thumbnail","category-naglowki","tag-breaking-news","tag-breakingnews","tag-featured-news","tag-featurednews","tag-headlines","tag-inst_tst2","tag-intextvideo_splayer","tag-latest-news","tag-latestnews","tag-naglowki","tag-najwazniejsze-artykuly","tag-new_header","tag-news","tag-onet3","tag-onet3d","tag-onet3d_2i","tag-phx","tag-pl","tag-poland","tag-polish","tag-polska","tag-polski","tag-screening_general","tag-top-stories","tag-topstories","tag-v2021","tag-wiadomosci","tag-znecanie_sie"],"share_on_mastodon":{"url":"https:\/\/pubeurope.com\/@pl\/115701032242753570","error":""},"_links":{"self":[{"href":"https:\/\/www.europesays.com\/pl\/wp-json\/wp\/v2\/posts\/144873","targetHints":{"allow":["GET"]}}],"collection":[{"href":"https:\/\/www.europesays.com\/pl\/wp-json\/wp\/v2\/posts"}],"about":[{"href":"https:\/\/www.europesays.com\/pl\/wp-json\/wp\/v2\/types\/post"}],"author":[{"embeddable":true,"href":"https:\/\/www.europesays.com\/pl\/wp-json\/wp\/v2\/users\/2"}],"replies":[{"embeddable":true,"href":"https:\/\/www.europesays.com\/pl\/wp-json\/wp\/v2\/comments?post=144873"}],"version-history":[{"count":0,"href":"https:\/\/www.europesays.com\/pl\/wp-json\/wp\/v2\/posts\/144873\/revisions"}],"wp:featuredmedia":[{"embeddable":true,"href":"https:\/\/www.europesays.com\/pl\/wp-json\/wp\/v2\/media\/144874"}],"wp:attachment":[{"href":"https:\/\/www.europesays.com\/pl\/wp-json\/wp\/v2\/media?parent=144873"}],"wp:term":[{"taxonomy":"category","embeddable":true,"href":"https:\/\/www.europesays.com\/pl\/wp-json\/wp\/v2\/categories?post=144873"},{"taxonomy":"post_tag","embeddable":true,"href":"https:\/\/www.europesays.com\/pl\/wp-json\/wp\/v2\/tags?post=144873"}],"curies":[{"name":"wp","href":"https:\/\/api.w.org\/{rel}","templated":true}]}}