{"id":144949,"date":"2025-12-11T13:34:10","date_gmt":"2025-12-11T13:34:10","guid":{"rendered":"https:\/\/www.europesays.com\/pl\/144949\/"},"modified":"2025-12-11T13:34:10","modified_gmt":"2025-12-11T13:34:10","slug":"robert-bakiewicz-wezwany-do-zwrotu-pieniedzy-chodzi-o-setki-tysiecy-zlotych","status":"publish","type":"post","link":"https:\/\/www.europesays.com\/pl\/144949\/","title":{"rendered":"Robert B\u0105kiewicz wezwany do zwrotu pieni\u0119dzy. Chodzi o setki tysi\u0119cy z\u0142otych"},"content":{"rendered":"<p class=\"ods-c-paragraph \">Dyrektor Narodowego Instytutu Wolno\u015bci Micha\u0142 Braun wezwa\u0142 Roberta B\u0105kiewicza oraz jego stowarzyszenie &#8222;Rota Marszu Niepodleg\u0142o\u015bci&#8221; do zwrotu 383 tys. 991 z\u0142. z powodu niew\u0142a\u015bciwego wydatkowania pieni\u0119dzy z grantu otrzymanego za rz\u0105d\u00f3w PiS.<\/p>\n<p> Ile pieni\u0119dzy wezwano Roberta B\u0105kiewicza do zwrotu? <\/p>\n<p> Kto wezwa\u0142 B\u0105kiewicza do zwrotu pieni\u0119dzy? <\/p>\n<p> Jakie nieprawid\u0142owo\u015bci wykazano podczas kontroli? <\/p>\n<p> Na co B\u0105kiewicz wydawa\u0142 publiczne \u015brodki? <\/p>\n<p class=\"ods-c-paragraph \">Jak przytacza rzecznik rz\u0105du Adam Sz\u0142apka, w kontroli wykazano liczne nieprawid\u0142owo\u015bci takie jak np. brak dowod\u00f3w wykonania us\u0142ug, brak dokumentacji p\u0142atno\u015bci czy fikcyjne biuro. Jak wskazuje Goniec.pl, kt\u00f3ry jako pierwszy opisa\u0142 spraw\u0119 Robert B\u0105kiewicz nie tylko utrzymywa\u0142 nieistniej\u0105ce biuro, ale r\u00f3wnie\u017c zleca\u0142 prace w\u0142asnej firmie oraz znajomemu z Ruchu Obrony Granic. Organizacje z nim zwi\u0105zane otrzyma\u0142y niemal 13 mln z\u0142 za rz\u0105d\u00f3w Prawa i Sprawiedliwo\u015bci.<\/p>\n<p>   Fikcyjne biuro i op\u0142acanie koleg\u00f3w. Na to Robert B\u0105kiewicz wydawa\u0142 publiczne \u015brodki<\/p>\n<p class=\"ods-c-paragraph \">Jak ustali\u0142 Goniec.pl, w\u015br\u00f3d w\u0105tpliwych wydatk\u00f3w znalaz\u0142y si\u0119 m.in.: 55 tys. z\u0142 na nagranie spot\u00f3w promuj\u0105cych Roty Marszu Niepodleg\u0142o\u015bci, kt\u00f3re B\u0105kiewicz zleci\u0142 sp\u00f3\u0142ce Telewizja Media Narodowe Prosta S.A. (kt\u00f3rej sam by\u0142 w\u00f3wczas prezesem), 100 tys. z\u0142 na wynajem lokalu w Bia\u0142ej Podlaskiej od Fundacji Zabu\u017ce (stowarzyszenie B\u0105kiewicza nie by\u0142o w stanie przedstawi\u0107 dowod\u00f3w na to, \u017ce prowadzi\u0142o tam jakiekolwiek dzia\u0142ania. Za\u0142o\u017cycielem fundacji jest Pawe\u0142 Kryszczak), 26 tys. z\u0142 na zatrudnienie Paw\u0142a Kryszczaka w roli eksperta ds. monitoringu medi\u00f3w.<\/p>\n<p class=\"ods-c-paragraph \">&#8222;W zwi\u0105zku ze stwierdzonymi nieprawid\u0142owo\u015bciami w zakresie dokumentowania zakresu rzeczowego i finansowego zadania, [\u2026] zesp\u00f3\u0142 kontroluj\u0105cy wzywa do zwrotu otrzymanej dotacji w kwocie 383 991,22 z\u0142, jako dotacji wydatkowanej niezgodnie z przeznaczeniem, wraz z odsetkami liczonymi jak dla zaleg\u0142o\u015bci podatkowych [&#8230;]&#8221; \u2014 brzmi fragment wniosk\u00f3w pokontrolnych opublikowanych przez Goniec.pl.<\/p>\n","protected":false},"excerpt":{"rendered":"Dyrektor Narodowego Instytutu Wolno\u015bci Micha\u0142 Braun wezwa\u0142 Roberta B\u0105kiewicza oraz jego stowarzyszenie &#8222;Rota Marszu Niepodleg\u0142o\u015bci&#8221; do zwrotu 383&hellip;\n","protected":false},"author":2,"featured_media":144950,"comment_status":"","ping_status":"","sticky":false,"template":"","format":"standard","meta":{"footnotes":""},"categories":[5],"tags":[32,33,36,37,27,49,34,35,28,31,48,25,46,42,38,40,39,41,514,47,29,30,26],"class_list":{"0":"post-144949","1":"post","2":"type-post","3":"status-publish","4":"format-standard","5":"has-post-thumbnail","7":"category-naglowki","8":"tag-breaking-news","9":"tag-breakingnews","10":"tag-featured-news","11":"tag-featurednews","12":"tag-headlines","13":"tag-kraj","14":"tag-latest-news","15":"tag-latestnews","16":"tag-naglowki","17":"tag-najwazniejsze-artykuly","18":"tag-nat_styl","19":"tag-news","20":"tag-omp","21":"tag-pl","22":"tag-poland","23":"tag-polish","24":"tag-polska","25":"tag-polski","26":"tag-robert_bakiewicz","27":"tag-screening_general","28":"tag-top-stories","29":"tag-topstories","30":"tag-wiadomosci"},"share_on_mastodon":{"url":"https:\/\/pubeurope.com\/@pl\/115701197367612657","error":""},"_links":{"self":[{"href":"https:\/\/www.europesays.com\/pl\/wp-json\/wp\/v2\/posts\/144949","targetHints":{"allow":["GET"]}}],"collection":[{"href":"https:\/\/www.europesays.com\/pl\/wp-json\/wp\/v2\/posts"}],"about":[{"href":"https:\/\/www.europesays.com\/pl\/wp-json\/wp\/v2\/types\/post"}],"author":[{"embeddable":true,"href":"https:\/\/www.europesays.com\/pl\/wp-json\/wp\/v2\/users\/2"}],"replies":[{"embeddable":true,"href":"https:\/\/www.europesays.com\/pl\/wp-json\/wp\/v2\/comments?post=144949"}],"version-history":[{"count":0,"href":"https:\/\/www.europesays.com\/pl\/wp-json\/wp\/v2\/posts\/144949\/revisions"}],"wp:featuredmedia":[{"embeddable":true,"href":"https:\/\/www.europesays.com\/pl\/wp-json\/wp\/v2\/media\/144950"}],"wp:attachment":[{"href":"https:\/\/www.europesays.com\/pl\/wp-json\/wp\/v2\/media?parent=144949"}],"wp:term":[{"taxonomy":"category","embeddable":true,"href":"https:\/\/www.europesays.com\/pl\/wp-json\/wp\/v2\/categories?post=144949"},{"taxonomy":"post_tag","embeddable":true,"href":"https:\/\/www.europesays.com\/pl\/wp-json\/wp\/v2\/tags?post=144949"}],"curies":[{"name":"wp","href":"https:\/\/api.w.org\/{rel}","templated":true}]}}