{"id":144961,"date":"2025-12-11T13:40:11","date_gmt":"2025-12-11T13:40:11","guid":{"rendered":"https:\/\/www.europesays.com\/pl\/144961\/"},"modified":"2025-12-11T13:40:11","modified_gmt":"2025-12-11T13:40:11","slug":"dobrosz-oracz-kontra-senator-pis-jest-komentarz-skurkiewicza","status":"publish","type":"post","link":"https:\/\/www.europesays.com\/pl\/144961\/","title":{"rendered":"Dobrosz-Oracz kontra senator PiS. Jest komentarz Skurkiewicza"},"content":{"rendered":"\n<p>&#13;<br \/>\nW Sejmie dosz\u0142o do\u00a0niecodziennego incydentu. Senator PiS pr\u00f3bowa\u0142 wy\u0142\u0105czy\u0107 mikrofon dziennikarce TVP Info Justynie Dobrosz-Oracz. &#13;\n<\/p>\n<p>&#13;<br \/>\nReporterka zapyta\u0142a polityka Prawa i\u00a0Sprawiedliwo\u015bci o\u00a0&#8222;prorosyjsk\u0105 narracj\u0119&#8221; prezydenta USA Donalda Trumpa. \u2013\u00a0Nie\u00a0rozumiem, dlaczego PiS nie\u00a0mo\u017ce Donaldowi Tuskowi wybaczy\u0107 spotkania 15 lat temu, gdy nie\u00a0by\u0142o wojny, a\u00a0teraz, kiedy jest reset Trumpa z\u00a0Putinem, to\u00a0m\u00f3wicie &#8222;okej&#8221; \u2013\u00a0grzmia\u0142a Dobrosz-Oracz. &#13;\n<\/p>\n<p>Starcie dziennikarki TVP z\u00a0senatorem PiS. &#8222;Wy\u0142\u0105cz\u0119 pani ten mikrofon&#8221;<\/p>\n<p>&#13;<br \/>\n\u2013 Donald Trump powiedzia\u0142 w\u00a0rozmowie z\u00a0Angel\u0105 Merkel, \u017ce\u00a0je\u017celi Unia Europejska, r\u00f3wnie\u017c Niemcy oczekuj\u0105 tego, \u017ce\u00a0b\u0119d\u0105 gwarancje bezpiecze\u0144stwa dla\u00a0Europy, to\u00a0musz\u0105 wi\u0119cej wydawa\u0107 na\u00a0armi\u0119 \u2013\u00a0przekonywa\u0142 Skurkiewicz. \u2013\u00a0Angela Merkel ju\u017c dawno nie\u00a0rz\u0105dzi \u2013\u00a0wtr\u0105ci\u0142a dziennikarka. \u2013\u00a0Niech pani si\u0119 nie\u00a0zachowuje jakby pani mia\u0142a orzeszek w\u00a0g\u0142owie, a\u00a0nie m\u00f3zg \u2013\u00a0powiedzia\u0142 senator. &#13;\n<\/p>\n<p>&#13;<br \/>\nPo chwili <a href=\"https:\/\/dorzeczy.pl\/opinie\/818189\/niecodzienny-incydent-miedzy-dziennikarka-tvp-a-senatorem-pis.html\" rel=\"nofollow noopener\" target=\"_blank\">wyci\u0105gn\u0105\u0142 r\u0119k\u0119 w\u00a0kierunku mikroportu<\/a> dziennikarki, przypi\u0119tego do\u00a0kurtki. \u2013\u00a0Wy\u0142\u0105cz\u0119 pani ten mikrofon \u2013\u00a0stwierdzi\u0142. \u2013\u00a0Prosz\u0119 mnie nie\u00a0dotyka\u0107. Prosz\u0119 nie\u00a0narusza\u0107 mojej nietykalno\u015bci osobistej \u2013\u00a0zareagowa\u0142a Dobrosz-Oracz. \u2013\u00a0O\u00a0matko, pani przegina teraz \u2013\u00a0odpowiedzia\u0142 Skurkiewicz. \u2013\u00a0Nie, to\u00a0pan przegi\u0105\u0142 \u2014\u00a0zako\u0144czy\u0142a rozmow\u0119 reporterka TVP Info. \u2013\u00a0No, to\u00a0cze\u015b\u0107! \u2013\u00a0rzuci\u0142 w\u00a0jej stron\u0119 polityk PiS. &#13;\n<\/p>\n<p>Jest komentarz Skurkiewicza. &#8222;Dzisiaj rano dzwoni\u0142em&#8221;<\/p>\n<p>&#13;<br \/>\nSytuacja wywo\u0142a\u0142a burz\u0119 w\u00a0mediach spo\u0142eczno\u015bciowych. Europose\u0142 Koalicji Obywatelskiej Krzysztof Brejza poinformowa\u0142, \u017ce\u00a0skieruje zawiadomienie do\u00a0Komisji Etyki Poselskiej &#8222;w\u00a0sprawie skandalicznego zachowania W. Skurkiewicza&#8221;. &#8222;Nie ma\u00a0zgody na\u00a0takie chamstwo&#8221; \u2013\u00a0stwierdzi\u0142. &#13;\n<\/p>\n<p>&#13;<br \/>\ntwitter&#13;\n<\/p>\n<p>&#13;<br \/>\nTymczasem w\u00a0rozmowie z\u00a0Onetem senator PiS przekaza\u0142, \u017ce\u00a0pr\u00f3bowa\u0142 skontaktowa\u0107 si\u0119 z\u00a0Justyn\u0105 Dobrosz-Oracz. \u2013\u00a0Wykona\u0142em telefon do\u00a0pani redaktor, nie\u00a0odebra\u0142a, wi\u0119c czekam, \u017ce\u00a0b\u0119dzie mo\u017cliwo\u015b\u0107 nawi\u0105zania kontaktu. Dzisiaj rano dzwoni\u0142em. B\u0119d\u0119 w\u00a0Sejmie, to\u00a0b\u0119d\u0119 z\u00a0pani\u0105 redaktor rozmawia\u0107 \u2013\u00a0oznajmi\u0142. &#13;\n<\/p>\n<p>&#13;<br \/>\nZapytany o\u00a0wyja\u015bnienie swojego zachowania, Skurkiewicz stwierdzi\u0142, \u017ce\u00a0&#8222;m\u00f3g\u0142by to\u00a0zrobi\u0107, ale\u00a0pod warunkiem ods\u0142uchania ca\u0142ej, 20-minutowej rozmowy z\u00a0dziennikark\u0105&#8221;. Zapytany o\u00a0szczeg\u00f3\u0142y, odpar\u0142: \u2013\u00a0Zostawmy to. Wszystko ju\u017c wyja\u015bni\u0142em. &#13;\n<\/p>\n<p>&#13;<br \/>\nCzytaj te\u017c:<br \/><a href=\"https:\/\/dorzeczy.pl\/opinie\/815558\/berkowicz-starl-sie-z-dziennikarzami-tvn24-i-tvp-czemu-pan-obraza.html\" rel=\"follow nofollow noopener\" data-schema=\"DORZECZY\" data-image=\"https:\/\/img.dorzeczy.pl\/_thumb\/92\/88\/fb0ce528a59ec00e7aea1d2f88e0.jpeg\" target=\"_blank\">Berkowicz star\u0142 si\u0119 z\u00a0dziennikarzami. &#8222;Z\u00a0jakiej pan jest stacji? A, oczywi\u015bcie TVN24&#8221;<\/a>&#13;<\/p>\n","protected":false},"excerpt":{"rendered":"&#13; W Sejmie dosz\u0142o do\u00a0niecodziennego incydentu. Senator PiS pr\u00f3bowa\u0142 wy\u0142\u0105czy\u0107 mikrofon dziennikarce TVP Info Justynie Dobrosz-Oracz. &#13; &#13;&hellip;\n","protected":false},"author":2,"featured_media":144962,"comment_status":"","ping_status":"","sticky":false,"template":"","format":"standard","meta":{"footnotes":""},"categories":[12],"tags":[32,33,662,29370,98,29372,36,37,27,49,34,35,28,31,25,102,42,38,40,39,41,29371,29305,29,30,26],"class_list":{"0":"post-144961","1":"post","2":"type-post","3":"status-publish","4":"format-standard","5":"has-post-thumbnail","7":"category-polska","8":"tag-breaking-news","9":"tag-breakingnews","10":"tag-dawid-sienkowski","11":"tag-dobrosz-oracz","12":"tag-dorzeczy","13":"tag-dziennikarka-tvp","14":"tag-featured-news","15":"tag-featurednews","16":"tag-headlines","17":"tag-kraj","18":"tag-latest-news","19":"tag-latestnews","20":"tag-naglowki","21":"tag-najwazniejsze-artykuly","22":"tag-news","23":"tag-opinie","24":"tag-pl","25":"tag-poland","26":"tag-polish","27":"tag-polska","28":"tag-polski","29":"tag-senator-pis","30":"tag-skurkiewicz","31":"tag-top-stories","32":"tag-topstories","33":"tag-wiadomosci"},"share_on_mastodon":{"url":"https:\/\/pubeurope.com\/@pl\/115701221036559145","error":""},"_links":{"self":[{"href":"https:\/\/www.europesays.com\/pl\/wp-json\/wp\/v2\/posts\/144961","targetHints":{"allow":["GET"]}}],"collection":[{"href":"https:\/\/www.europesays.com\/pl\/wp-json\/wp\/v2\/posts"}],"about":[{"href":"https:\/\/www.europesays.com\/pl\/wp-json\/wp\/v2\/types\/post"}],"author":[{"embeddable":true,"href":"https:\/\/www.europesays.com\/pl\/wp-json\/wp\/v2\/users\/2"}],"replies":[{"embeddable":true,"href":"https:\/\/www.europesays.com\/pl\/wp-json\/wp\/v2\/comments?post=144961"}],"version-history":[{"count":0,"href":"https:\/\/www.europesays.com\/pl\/wp-json\/wp\/v2\/posts\/144961\/revisions"}],"wp:featuredmedia":[{"embeddable":true,"href":"https:\/\/www.europesays.com\/pl\/wp-json\/wp\/v2\/media\/144962"}],"wp:attachment":[{"href":"https:\/\/www.europesays.com\/pl\/wp-json\/wp\/v2\/media?parent=144961"}],"wp:term":[{"taxonomy":"category","embeddable":true,"href":"https:\/\/www.europesays.com\/pl\/wp-json\/wp\/v2\/categories?post=144961"},{"taxonomy":"post_tag","embeddable":true,"href":"https:\/\/www.europesays.com\/pl\/wp-json\/wp\/v2\/tags?post=144961"}],"curies":[{"name":"wp","href":"https:\/\/api.w.org\/{rel}","templated":true}]}}