{"id":144984,"date":"2025-12-11T13:54:11","date_gmt":"2025-12-11T13:54:11","guid":{"rendered":"https:\/\/www.europesays.com\/pl\/144984\/"},"modified":"2025-12-11T13:54:11","modified_gmt":"2025-12-11T13:54:11","slug":"wroci-pobor-do-wojska-nawrocki-zabral-glos","status":"publish","type":"post","link":"https:\/\/www.europesays.com\/pl\/144984\/","title":{"rendered":"Wr\u00f3ci pob\u00f3r do wojska? Nawrocki zabra\u0142 g\u0142os"},"content":{"rendered":"\n<p>&#13;<br \/>\nW audycji RMF FM S\u0142awomir Cenckiewicz by\u0142 pytany, czy\u00a0aktualnie jest dobry moment na\u00a0przywr\u00f3cenie poboru lub\u00a0jakie\u015b formy zasadniczej s\u0142u\u017cby wojskowej. Pob\u00f3r do\u00a0wojska zosta\u0142 zawieszony 1\u00a0stycznia 2010\u00a0r. Od\u00a0tego czasu armia jest w\u00a0pe\u0142ni zawodowa. Ostatni pob\u00f3r odby\u0142 si\u0119 w\u00a02008\u00a0r. Zwolnienie ostatnich poborowych mia\u0142o miejsce w\u00a0sierpniu 2009\u00a0r. &#13;\n<\/p>\n<p>&#13;<br \/>\n\u2013 Jest dobra okazja do\u00a0tego, \u017ceby ci, kt\u00f3rzy zawiesili <a href=\"https:\/\/dorzeczy.pl\/opinie\/812889\/pobor-do-wojska-czy-powinien-zostac-przywrocony.html\" rel=\"nofollow noopener\" target=\"_blank\">pob\u00f3r wojskowy<\/a>, go\u00a0odwiesili \u2013\u00a0stwierdzi\u0142 szef Biura Bezpiecze\u0144stwa Narodowego. \u2013\u00a0To\u00a0jest w\u00a0mojej g\u0142owie cz\u0119\u015b\u0107 szerszego planu, pomys\u0142u. My\u00a0musimy zacz\u0105\u0107 m\u00f3wi\u0107 o\u00a0zagro\u017ceniach wprost, r\u00f3wnie\u017c przez przygotowanie spo\u0142ecze\u0144stwa do\u00a0tych zagro\u017ce\u0144. Musimy odwiesi\u0107 zasadnicz\u0105 s\u0142u\u017cb\u0119 wojskow\u0105 \u2013\u00a0powiedzia\u0142 szef BBN. &#13;\n<\/p>\n<p>Nawrocki o\u00a0przywr\u00f3ceniu poboru<\/p>\n<p>&#13;<br \/>\nPytany o\u00a0wypowied\u017a Cenckiewicza, prezydent Nawrocki podkre\u015bli\u0142, \u017ce\u00a0obecny model, w\u00a0kt\u00f3rym funkcjonuje dobrowolna s\u0142u\u017cba zasadnicza, spe\u0142nia swoje zadanie. Ch\u0119tnych do\u00a0wst\u0105pienia do\u00a0armii nie\u00a0brakuje. Z\u00a0tego powodu dyskusje o\u00a0przywr\u00f3ceniu przymusowego poboru nie\u00a0s\u0105 na\u00a0razie zasadne. &#13;\n<\/p>\n<p>&#13;<br \/>\n\u2013 Nie\u00a0mamy z\u00a0ch\u0119tnymi do\u00a0Wojska Polskiego du\u017cego problemu w\u00a0dniu dzisiejszym. Jest wielu ch\u0119tnych polskich patriot\u00f3w, kt\u00f3rzy chc\u0105 w\u00a0tym formacie dobrowolnej s\u0142u\u017cby zasadniczej podj\u0105\u0107 si\u0119 szkolenia wojskowego\u2013 powiedzia\u0142 na\u00a0konferencji prasowej z\u00a0prezydentem \u0141otwy w\u00a0Rydze. &#13;\n<\/p>\n<p>&#13;<br \/>\nJednocze\u015bnie prezydent nie\u00a0wykluczy\u0142, \u017ce\u00a0w\u00a0przysz\u0142o\u015bci potrzeba b\u0119dzie zmiany zasad rekrutacji wojska. &#13;\n<\/p>\n<p>&#13;<br \/>\n\u2013 Dzisiaj do\u00a0momentu, w\u00a0kt\u00f3rym jest wi\u0119cej ch\u0119tnych, aby\u00a0bra\u0107 udzia\u0142 w\u00a0szkoleniu w\u00a0dobrowolnej s\u0142u\u017cbie zasadniczej, czy\u00a0s\u0142u\u017cy\u0107 w\u00a0Wojskach Obrony Terytorialnej wykonujemy swoje obowi\u0105zki jako pa\u0144stwo polskie. Ja bym oczywi\u015bcie tego nie\u00a0wyklucza\u0142, nie\u00a0wiem, jak to\u00a0b\u0119dzie wygl\u0105da\u0142o w\u00a0kolejnych latach, ale\u00a0w\u00a0dniu dzisiejszym uznaj\u0119, \u017ce\u00a0dobrowolna s\u0142u\u017cba zasadnicza i\u00a0Wojska Obrony Terytorialnej wype\u0142ni\u0105 ten zakres obowi\u0105zk\u00f3w \u2013\u00a0powiedzia\u0142. &#13;\n<\/p>\n<p>&#13;<br \/>\nCzytaj te\u017c:<br \/><a href=\"https:\/\/dorzeczy.pl\/opinie\/818195\/weto-do-ustawy-lancuchowej-oto-co-sadza-polacy.html\" rel=\"follow nofollow noopener\" data-schema=\"DORZECZY\" data-image=\"https:\/\/img.dorzeczy.pl\/_thumb\/d4\/9c\/0990508ed68579fb5f2182315661.jpeg\" target=\"_blank\">G\u0142o\u015bna decyzja Nawrockiego. Oto co\u00a0s\u0105dz\u0105 Polacy<\/a>Czytaj te\u017c:<br \/><a href=\"https:\/\/dorzeczy.pl\/kraj\/818156\/zelenski-przybedzie-do-warszawy-przyjal-zaproszenie-nawrockiego.html\" rel=\"follow nofollow noopener\" data-schema=\"DORZECZY\" data-image=\"https:\/\/img.dorzeczy.pl\/_thumb\/ba\/53\/9bbd9a3d4881f8aae7d13f44ed29.jpeg\" target=\"_blank\">Ze\u0142enski odpowiedzia\u0142 na\u00a0zaproszenie Nawrockiego. Jest potwierdzenie<\/a>&#13;<\/p>\n","protected":false},"excerpt":{"rendered":"&#13; W audycji RMF FM S\u0142awomir Cenckiewicz by\u0142 pytany, czy\u00a0aktualnie jest dobry moment na\u00a0przywr\u00f3cenie poboru lub\u00a0jakie\u015b formy zasadniczej&hellip;\n","protected":false},"author":2,"featured_media":144985,"comment_status":"","ping_status":"","sticky":false,"template":"","format":"standard","meta":{"footnotes":""},"categories":[12],"tags":[32,33,3910,98,36,37,27,49,34,35,601,28,31,1315,25,102,42,7222,38,40,39,41,29,30,26,161],"class_list":{"0":"post-144984","1":"post","2":"type-post","3":"status-publish","4":"format-standard","5":"has-post-thumbnail","7":"category-polska","8":"tag-breaking-news","9":"tag-breakingnews","10":"tag-cenckiewicz","11":"tag-dorzeczy","12":"tag-featured-news","13":"tag-featurednews","14":"tag-headlines","15":"tag-kraj","16":"tag-latest-news","17":"tag-latestnews","18":"tag-marcin-bugaj","19":"tag-naglowki","20":"tag-najwazniejsze-artykuly","21":"tag-nawrocki","22":"tag-news","23":"tag-opinie","24":"tag-pl","25":"tag-pobor","26":"tag-poland","27":"tag-polish","28":"tag-polska","29":"tag-polski","30":"tag-top-stories","31":"tag-topstories","32":"tag-wiadomosci","33":"tag-wojsko"},"share_on_mastodon":{"url":"https:\/\/pubeurope.com\/@pl\/115701276167845625","error":""},"_links":{"self":[{"href":"https:\/\/www.europesays.com\/pl\/wp-json\/wp\/v2\/posts\/144984","targetHints":{"allow":["GET"]}}],"collection":[{"href":"https:\/\/www.europesays.com\/pl\/wp-json\/wp\/v2\/posts"}],"about":[{"href":"https:\/\/www.europesays.com\/pl\/wp-json\/wp\/v2\/types\/post"}],"author":[{"embeddable":true,"href":"https:\/\/www.europesays.com\/pl\/wp-json\/wp\/v2\/users\/2"}],"replies":[{"embeddable":true,"href":"https:\/\/www.europesays.com\/pl\/wp-json\/wp\/v2\/comments?post=144984"}],"version-history":[{"count":0,"href":"https:\/\/www.europesays.com\/pl\/wp-json\/wp\/v2\/posts\/144984\/revisions"}],"wp:featuredmedia":[{"embeddable":true,"href":"https:\/\/www.europesays.com\/pl\/wp-json\/wp\/v2\/media\/144985"}],"wp:attachment":[{"href":"https:\/\/www.europesays.com\/pl\/wp-json\/wp\/v2\/media?parent=144984"}],"wp:term":[{"taxonomy":"category","embeddable":true,"href":"https:\/\/www.europesays.com\/pl\/wp-json\/wp\/v2\/categories?post=144984"},{"taxonomy":"post_tag","embeddable":true,"href":"https:\/\/www.europesays.com\/pl\/wp-json\/wp\/v2\/tags?post=144984"}],"curies":[{"name":"wp","href":"https:\/\/api.w.org\/{rel}","templated":true}]}}