{"id":145006,"date":"2025-12-11T14:07:05","date_gmt":"2025-12-11T14:07:05","guid":{"rendered":"https:\/\/www.europesays.com\/pl\/145006\/"},"modified":"2025-12-11T14:07:05","modified_gmt":"2025-12-11T14:07:05","slug":"nato-ostrzega-trzeba-dzialac-juz-teraz-wp-wiadomosci","status":"publish","type":"post","link":"https:\/\/www.europesays.com\/pl\/145006\/","title":{"rendered":"NATO ostrzega. &quot;Trzeba dzia\u0142a\u0107 ju\u017c teraz&quot; &#8211; WP Wiadomo\u015bci"},"content":{"rendered":"<ol>\n<li><a href=\"https:\/\/news.google.com\/rss\/articles\/CBMiiAFBVV95cUxOeTEtQUIxLVE3MUVaY1hLcG9fakdDWl85NWcxM2VlSzd0WTBtdUFmWkZScWl5Y0EtcHdEbGlBcGthSUI4VFdqNi1MUXJubDdjV0p1VEdsUWY5cEF3cmdKcFBfSUZmRGV4enk1VFpIMk53SFVUMjU1WEJpdUF2SjVGaE1vMzYxUDE4?oc=5\" target=\"_blank\" rel=\"nofollow noopener\">NATO ostrzega. &#8222;Trzeba dzia\u0142a\u0107 ju\u017c teraz&#8221;<\/a>&nbsp;&nbsp;WP Wiadomo\u015bci<\/li>\n<li><a href=\"https:\/\/news.google.com\/rss\/articles\/CBMisAFBVV95cUxQOUg5eDJaNnZjMWRqZ09qUTZvSVBBNU9ES0NTalhZc0tGeThuc0dZaVVTZ3BfOUV4c2xTZ195Y2xEOU5WeHk5X2FTS01jT0JyWjl1QnVDMjhCdXRmeTAta1o5NDBkT2o5Q1pobmNFMXpaVHlqX1U2TmVSbVVyTHZnNmhZc2VJY245WjlBY09FTWV3dWxXZ1FaTlBZNWFsOWp0b0JLQ3lVNmtzaXV0WGhrSw?oc=5\" target=\"_blank\" rel=\"nofollow noopener\">Szef NATO ostrzega przed eskalacj\u0105 wojny. &#8222;Jeste\u015bmy kolejnym celem Rosji&#8221;<\/a>&nbsp;&nbsp;Onet Wiadomo\u015bci<\/li>\n<li><a href=\"https:\/\/news.google.com\/rss\/articles\/CBMi3AFBVV95cUxOTDhWX0pnV015aEhWYnFnVUtJODRrNXZWR2JDVnNHZXpHQm1mbnhyY3VaWkV0U0VMY1RiT21BMWxzSmJIdE1ocGtEUnBBem44VlZqd1lXYk02d3dwUjJBNG1reXZ3YWxLNjJTb3ZIRTJsWTl2VVA1cjBiS2tLOFRXVU5TUk5VS0JzR3Jsb3VUN2pGQXJpbVlNZ1cyUFdVVTZPWGVrRm1LNE5wTm5jRk1ZaFE5VEpUU0UzYXhSbnIzNm1BYU5uc3ZFQTJSZ1kyemNpRnkyMEVkVzNveU5F?oc=5\" target=\"_blank\" rel=\"nofollow noopener\">Szef NATO ostrzega przed wojn\u0105 na &#8222;skal\u0119 por\u00f3wnywaln\u0105 z t\u0105, jak\u0105 prze\u017cyli nasi dziadkowie&#8221;<\/a>&nbsp;&nbsp;TVN24<\/li>\n<li><a href=\"https:\/\/news.google.com\/rss\/articles\/CBMiyAFBVV95cUxQODJ4ZjBZeExWa1hXYjZtUFVsd1d4OVFpS1FfbmlMY1VxdVpTNFNlQ3daQmJXRDZtS1dFUEdFcERONDMzaWF2NUd6MXpLUGc0NzJkRkpXbVFCUEduOWpkOXMteTJEOV9FV2VGZnpaYzhUdVZXa05tbTMxc216SHVfZTQwb1V6RW9FMmFoQ2FxTjhHT3hrd0t5Uk5paGg1RVVsdU5nSkw0bGJzSGExNnN3NnBjYm5zSXRITU5KWUtOYUpfX2w4N2EtVg?oc=5\" target=\"_blank\" rel=\"nofollow noopener\">ONZ: Szczerski: je\u015bli chcemy trwa\u0142ego pokoju, nie mo\u017cemy zgadza\u0107 si\u0119 na rosyjskie warunki<\/a>&nbsp;&nbsp;wnp.pl<\/li>\n<li><a href=\"https:\/\/news.google.com\/rss\/articles\/CBMimwFBVV95cUxOVDFBdGJ2S19aLTdJMGVLa3R2ZGgySkRQN1J1MHIyR3VuMHdkR0xTbktmZ3o0YkJJVmdKN1Vrb2EwSWNtaGlRbXNlRldueUdtMGFOcVBnLW9WaVViWG1pV05Gc3IzMl9jZ0ZNam0zRGJUMjBzTXdDak82bl9SeVhDb2JYSVZaZ2otY2UtQW9YUzBqU0IzWDBnNG1Xaw?oc=5\" target=\"_blank\" rel=\"nofollow noopener\">&#8222;Jeste\u015bmy kolejnym celem Rosji&#8221;. Szef NATO bije na alarm<\/a>&nbsp;&nbsp;Polskie Radio 24<\/li>\n<\/ol>\n","protected":false},"excerpt":{"rendered":"NATO ostrzega. &#8222;Trzeba dzia\u0142a\u0107 ju\u017c teraz&#8221;&nbsp;&nbsp;WP Wiadomo\u015bci Szef NATO ostrzega przed eskalacj\u0105 wojny. &#8222;Jeste\u015bmy kolejnym celem Rosji&#8221;&nbsp;&nbsp;Onet Wiadomo\u015bci&hellip;\n","protected":false},"author":2,"featured_media":145007,"comment_status":"","ping_status":"","sticky":false,"template":"","format":"standard","meta":{"footnotes":""},"categories":[14],"tags":[32,33,27,34,35,28,31,25,40,41,80,29,30,26,82,83,84],"class_list":{"0":"post-145006","1":"post","2":"type-post","3":"status-publish","4":"format-standard","5":"has-post-thumbnail","7":"category-swiat","8":"tag-breaking-news","9":"tag-breakingnews","10":"tag-headlines","11":"tag-latest-news","12":"tag-latestnews","13":"tag-naglowki","14":"tag-najwazniejsze-artykuly","15":"tag-news","16":"tag-polish","17":"tag-polski","18":"tag-swiat","19":"tag-top-stories","20":"tag-topstories","21":"tag-wiadomosci","22":"tag-world","23":"tag-world-news","24":"tag-worldnews"},"share_on_mastodon":{"url":"https:\/\/pubeurope.com\/@pl\/115701327035760384","error":""},"_links":{"self":[{"href":"https:\/\/www.europesays.com\/pl\/wp-json\/wp\/v2\/posts\/145006","targetHints":{"allow":["GET"]}}],"collection":[{"href":"https:\/\/www.europesays.com\/pl\/wp-json\/wp\/v2\/posts"}],"about":[{"href":"https:\/\/www.europesays.com\/pl\/wp-json\/wp\/v2\/types\/post"}],"author":[{"embeddable":true,"href":"https:\/\/www.europesays.com\/pl\/wp-json\/wp\/v2\/users\/2"}],"replies":[{"embeddable":true,"href":"https:\/\/www.europesays.com\/pl\/wp-json\/wp\/v2\/comments?post=145006"}],"version-history":[{"count":0,"href":"https:\/\/www.europesays.com\/pl\/wp-json\/wp\/v2\/posts\/145006\/revisions"}],"wp:featuredmedia":[{"embeddable":true,"href":"https:\/\/www.europesays.com\/pl\/wp-json\/wp\/v2\/media\/145007"}],"wp:attachment":[{"href":"https:\/\/www.europesays.com\/pl\/wp-json\/wp\/v2\/media?parent=145006"}],"wp:term":[{"taxonomy":"category","embeddable":true,"href":"https:\/\/www.europesays.com\/pl\/wp-json\/wp\/v2\/categories?post=145006"},{"taxonomy":"post_tag","embeddable":true,"href":"https:\/\/www.europesays.com\/pl\/wp-json\/wp\/v2\/tags?post=145006"}],"curies":[{"name":"wp","href":"https:\/\/api.w.org\/{rel}","templated":true}]}}