{"id":145023,"date":"2025-12-11T14:23:06","date_gmt":"2025-12-11T14:23:06","guid":{"rendered":"https:\/\/www.europesays.com\/pl\/145023\/"},"modified":"2025-12-11T14:23:06","modified_gmt":"2025-12-11T14:23:06","slug":"80-letni-syn-tomaszewskiego-wzial-slub-jego-brata-widzowie-dobrze-znaja-2","status":"publish","type":"post","link":"https:\/\/www.europesays.com\/pl\/145023\/","title":{"rendered":"80-letni syn Tomaszewskiego wzi\u0105\u0142 \u015blub. Jego brata widzowie dobrze znaj\u0105"},"content":{"rendered":"<p class=\"ods-c-paragraph \">W \u015brod\u0119, 10 grudnia, Krzysztof Logan Tomaszewski poinformowa\u0142 za po\u015brednictwem medi\u00f3w spo\u0142eczno\u015bciowych, \u017ce wzi\u0105\u0142 \u015blub. Syn legendarnego komentatora sportowego po raz trzeci powiedzia\u0142 &#8222;tak&#8221;. Na Facebooku <a href=\"https:\/\/www.onet.pl\/styl-zycia\/plejada\/80-letni-syn-bohdana-tomaszewskiego-ozenil-sie-to-jego-trzeci-slub\/dm4f6f0,0898b825\" id=\"a5a99575-6029-4e84-90af-e854568bd6be\" rel=\"nofollow noopener\" target=\"_blank\">opublikowa\u0142 nagranie z ceremonii<\/a>, na kt\u00f3rym wida\u0107 moment sk\u0142adania przysi\u0119gi ma\u0142\u017ce\u0144skiej.<\/p>\n<blockquote class=\"ods-o-quota\">\n<p class=\"ods-o-quota__paragraph\">Pobrali\u015bmy si\u0119 z mi\u0142o\u015bci po 8 miesi\u0105cach znajomo\u015bci. 6 grudnia, w Miko\u0142ajki, w Konstancinie. (\u2026) Dzi\u0119kuj\u0119 z duszy i serca wszystkim, kt\u00f3rzy nie wylewaj\u0105 \u017c\u00f3\u0142ci, lecz \u017cycz\u0105 nam mi\u0142o\u015bci i szcz\u0119\u015bcia. Mi\u0142o\u015b\u0107 to najwi\u0119ksza elektrownia atomowa \u015bwiata. Kto tego nie prze\u017cy\u0142, nie pojmie, \u017ce mo\u017cna kocha\u0107 naprawd\u0119. A wiek nie ma znaczenia<\/p>\n<\/blockquote>\n<p class=\"ods-c-paragraph \">\u2014 podkre\u015bli\u0142 80-latek.<\/p>\n<p>Dalszy ci\u0105g artyku\u0142u pod materia\u0142em wideo<\/p>\n<p> Kiedy Krzysztof Logan Tomaszewski wzi\u0105\u0142 \u015blub? <\/p>\n<p> Ile ma lat Krzysztof Logan Tomaszewski? <\/p>\n<p> Jak nazywa si\u0119 przyrodni brat Krzysztofa Logana Tomaszewskiego? <\/p>\n<p> Gdzie mieszka Krzysztof Logan Tomaszewski? <\/p>\n<p>  Krzysztof Logan Tomaszewski prywatnie<\/p>\n<p class=\"ods-c-paragraph \">Krzysztof Logan Tomaszewski przyszed\u0142 na \u015bwiat 18 grudnia 1944 r. w Piotrkowie Trybunalskim. Jest synem jednego z najwybitniejszych komentator\u00f3w sportowych w historii polskiej telewizji, Bohdana Tomaszewskiego. Po maturze \u2014 r\u00f3wnolegle ucz\u0119szczaj\u0105c do Liceum Plastycznego \u2014 kilkakrotnie pr\u00f3bowa\u0142 dosta\u0107 si\u0119 do \u0142\u00f3dzkiej szko\u0142y filmowej, ostatecznie ko\u0144cz\u0105c zaocznie Wydzia\u0142 Realizacji Telewizyjnej i Filmowej. Pracowa\u0142 jako reporter Programu III Polskiego Radia, wsp\u00f3\u0142prowadzi\u0142 te\u017c audycje w &#8222;Studiu Rytm&#8221;. W drugiej po\u0142owie lat 70. wyje\u017cd\u017ca\u0142 zarobkowo do Szwecji, a w 1977 r. zadebiutowa\u0142 jako autor tekst\u00f3w piosenek. <\/p>\n<p class=\"ods-c-paragraph \">Po katastrofie w Czarnobylu wyemigrowa\u0142 najpierw do Rzymu, potem do Montrealu, gdzie podejmowa\u0142 r\u00f3\u017cne prace, tworzy\u0142 mi\u0119dzy innymi polonijn\u0105 pras\u0119. W 1991 r. otrzyma\u0142 obywatelstwo kanadyjskie i wr\u00f3ci\u0142 do Polski, zak\u0142adaj\u0105c w\u0142asne wydawnictwo Logan. Jest autorem ksi\u0105\u017cek, w tym wielu o swoim zmar\u0142ym w 2015 r. ojcu, organizowa\u0142 wystawy malarskie i wydawa\u0142 projekty muzyczne. <\/p>\n<p class=\"ods-c-paragraph \">Od lat mieszka w Konstancinie-Jeziornie, jest ojcem Karoliny z poprzedniego ma\u0142\u017ce\u0144stwa, a pseudonimu &#8222;Logan&#8221; u\u017cywa, by podkre\u015bli\u0107 swoj\u0105 niezale\u017cno\u015b\u0107 tw\u00f3rcz\u0105. Warto doda\u0107, \u017ce ma tak\u017ce przyrodniego brata Tomasza \u2014 syna Bohdana Tomaszewskiego z drugiego ma\u0142\u017ce\u0144stwa \u2014 kt\u00f3ry podobnie jak ich ojciec zwi\u0105za\u0142 si\u0119 ze sportem i od lat komentuje mecze tenisowe na sportowych antenach Polsatu.<\/p>\n<p>   <img decoding=\"async\" src=\"https:\/\/www.europesays.com\/pl\/wp-content\/uploads\/2025\/12\/hxFk9lBaHR0cHM6Ly9vY2RuLmV1L3B1bHNjbXMvTURBXy83OGE1MjQxZTdmYWI0OGM1NDBiM2ZkYjBkOTE4YmE2Ny5qcGeRlQLNA.jpeg\" height=\"529\" width=\"940\" alt=\"Tomasz Tomaszewski\" loading=\"lazy\" class=\"ods-c-image__img ods-c-image__img--vertical\"\/><\/p>\n<p>Tomasz TomaszewskiTRICOLORS\/EAST NEWS \/ East News<\/p>\n<p class=\"ods-c-paragraph \">Dzi\u0119kujemy, \u017ce przeczyta\u0142a\u015b\/e\u015b nasz artyku\u0142 do ko\u0144ca. W serwisie Plejada.pl ka\u017cdego dnia piszemy o najwa\u017cniejszych wydarzeniach show-biznesowych. B\u0105d\u017a na bie\u017c\u0105co! <a rel=\"nofollow noopener\" href=\"https:\/\/profile.google.com\/cp\/Cg0vZy8xMWJ6X19wdHBx\" id=\"610666c8-103c-414d-80fe-f69a70609bde\" target=\"_blank\">Obserwuj<\/a> Plejad\u0119 w Google. Odwied\u017a nas tak\u017ce na <a rel=\"nofollow noopener\" href=\"https:\/\/www.facebook.com\/plejadapl\" id=\"50cb649e-509c-4675-9b73-bac72b61cb87\" target=\"_blank\">Facebooku<\/a>, <a rel=\"nofollow noopener\" href=\"https:\/\/www.instagram.com\/plejadapl\/\" id=\"8fe7f4ec-8b8f-483d-881d-1b4264cd90e2\" target=\"_blank\">Instagramie<\/a>, <a rel=\"nofollow noopener\" href=\"https:\/\/www.youtube.com\/c\/plejada\" id=\"75dd759f-6895-466e-8c85-367d85ca8160\" target=\"_blank\">YouTubie<\/a> oraz <a rel=\"nofollow noopener\" href=\"https:\/\/www.tiktok.com\/@plejada_pl\" id=\"3e855297-7110-49a8-a9ef-0e66fdbdc870\" target=\"_blank\">TikToku<\/a>.<\/p>\n<p class=\"ods-c-paragraph \">Chcesz podzieli\u0107 si\u0119 ciekawym newsem lub zaproponowa\u0107 temat? Skontaktuj si\u0119 z nami, pisz\u0105c maila na adres: <a rel=\"nofollow noopener\" href=\"https:\/\/plejada.pl\/newsy\/80-letni-syn-tomaszewskiego-wzial-slub-jego-brata-widzowie-dobrze-znaja\/mailto:plejada@redakcjaonet.pl\" id=\"20c79921-a463-45d9-b8e8-372f379107b2\" target=\"_blank\">plejada@redakcjaon<\/a><a rel=\"nofollow noopener\" href=\"https:\/\/et.pl\/\" id=\"b3ab42c3-723d-4156-876a-30dbd6ca39ab\" target=\"_blank\">et.pl<\/a>.<\/p>\n<p><script async src=\"\/\/www.instagram.com\/embed.js\"><\/script><script async src=\"\/\/www.tiktok.com\/embed.js\"><\/script><\/p>\n","protected":false},"excerpt":{"rendered":"W \u015brod\u0119, 10 grudnia, Krzysztof Logan Tomaszewski poinformowa\u0142 za po\u015brednictwem medi\u00f3w spo\u0142eczno\u015bciowych, \u017ce wzi\u0105\u0142 \u015blub. Syn legendarnego komentatora&hellip;\n","protected":false},"author":2,"featured_media":145024,"comment_status":"","ping_status":"","sticky":false,"template":"","format":"standard","meta":{"footnotes":""},"categories":[5],"tags":[29147,32,33,36,37,27,34,35,28,31,48,25,125,46,42,38,40,39,41,25199,47,29,30,26],"class_list":{"0":"post-145023","1":"post","2":"type-post","3":"status-publish","4":"format-standard","5":"has-post-thumbnail","7":"category-naglowki","8":"tag-bohdan_tomaszewski","9":"tag-breaking-news","10":"tag-breakingnews","11":"tag-featured-news","12":"tag-featurednews","13":"tag-headlines","14":"tag-latest-news","15":"tag-latestnews","16":"tag-naglowki","17":"tag-najwazniejsze-artykuly","18":"tag-nat_styl","19":"tag-news","20":"tag-newsy","21":"tag-omp","22":"tag-pl","23":"tag-poland","24":"tag-polish","25":"tag-polska","26":"tag-polski","27":"tag-rebrand_ai_tst1","28":"tag-screening_general","29":"tag-top-stories","30":"tag-topstories","31":"tag-wiadomosci"},"share_on_mastodon":{"url":"","error":""},"_links":{"self":[{"href":"https:\/\/www.europesays.com\/pl\/wp-json\/wp\/v2\/posts\/145023","targetHints":{"allow":["GET"]}}],"collection":[{"href":"https:\/\/www.europesays.com\/pl\/wp-json\/wp\/v2\/posts"}],"about":[{"href":"https:\/\/www.europesays.com\/pl\/wp-json\/wp\/v2\/types\/post"}],"author":[{"embeddable":true,"href":"https:\/\/www.europesays.com\/pl\/wp-json\/wp\/v2\/users\/2"}],"replies":[{"embeddable":true,"href":"https:\/\/www.europesays.com\/pl\/wp-json\/wp\/v2\/comments?post=145023"}],"version-history":[{"count":0,"href":"https:\/\/www.europesays.com\/pl\/wp-json\/wp\/v2\/posts\/145023\/revisions"}],"wp:featuredmedia":[{"embeddable":true,"href":"https:\/\/www.europesays.com\/pl\/wp-json\/wp\/v2\/media\/145024"}],"wp:attachment":[{"href":"https:\/\/www.europesays.com\/pl\/wp-json\/wp\/v2\/media?parent=145023"}],"wp:term":[{"taxonomy":"category","embeddable":true,"href":"https:\/\/www.europesays.com\/pl\/wp-json\/wp\/v2\/categories?post=145023"},{"taxonomy":"post_tag","embeddable":true,"href":"https:\/\/www.europesays.com\/pl\/wp-json\/wp\/v2\/tags?post=145023"}],"curies":[{"name":"wp","href":"https:\/\/api.w.org\/{rel}","templated":true}]}}