{"id":145055,"date":"2025-12-11T14:43:07","date_gmt":"2025-12-11T14:43:07","guid":{"rendered":"https:\/\/www.europesays.com\/pl\/145055\/"},"modified":"2025-12-11T14:43:07","modified_gmt":"2025-12-11T14:43:07","slug":"zwrot-w-sprawie-slow-senyszyn-o-zolnierzach-wykletych","status":"publish","type":"post","link":"https:\/\/www.europesays.com\/pl\/145055\/","title":{"rendered":"Zwrot w sprawie s\u0142\u00f3w Senyszyn o \u017bo\u0142nierzach Wykl\u0119tych"},"content":{"rendered":"\n<p>&#13;<br \/>\nSprawa ma\u00a0zwi\u0105zek z\u00a0wypowiedzi\u0105 Senyszyn z\u00a02019 roku. Polityk zamie\u015bci\u0142a w\u00a0sieci wpis, w\u00a0kt\u00f3rym stwierdzi\u0142a, \u017ce\u00a0\u017bo\u0142nierze Wykl\u0119ci to\u00a0&#8222;nie \u017co\u0142nierze, a\u00a0bandy wyrzutk\u00f3w spo\u0142ecznych, nierob\u00f3w i\u00a0frustrat\u00f3w czekaj\u0105cych na\u00a0III\u00a0W\u015a. Zamordowali 5\u00a0tys. cywil\u00f3w, w\u00a0tym 187 dzieci, grabili, gwa\u0142cili, torturowali, zastraszali Polak\u00f3w odbudowuj\u0105cych kraj. Ich \u015bwi\u0119to to\u00a0jawna kpina z\u00a0obywateli RP. B\u0119dzie zniesione&#8221;. &#13;\n<\/p>\n<p>&#13;<br \/>\n<a href=\"https:\/\/dorzeczy.pl\/obserwator-mediow\/114365\/pozwali-senyszyn-za-slowa-o-zolnierzach-wykletych.html\" rel=\"nofollow noopener\" target=\"_blank\">Pozew s\u0105dowy<\/a> dotyczy\u0142 naruszenia d\u00f3br osobistych. Wnioskodawcy domagali si\u0119 od\u00a0polityk usuni\u0119cia rzeczonych wpis\u00f3w (\u0142\u0105cznie by\u0142o ich 13) oraz\u00a0umieszczenia przeprosin na\u00a0jej profilu na\u00a0Twitterze (obecnie X). \u017b\u0105dali tak\u017ce, by\u00a0wp\u0142aci\u0142a 100 tys. zado\u015b\u0107uczynienia na\u00a0rzecz Stowarzyszenia Rodzin \u017bW. &#13;\n<\/p>\n<p>&#13;<br \/>\nWarto doda\u0107, \u017ce\u00a0wcze\u015bniej kilkukrotnie podejmowane by\u0142y pr\u00f3by poci\u0105gni\u0119cia Senyszyn do\u00a0odpowiedzialno\u015bci za\u00a0s\u0142owa o\u00a0\u017bo\u0142nierzach Wykl\u0119tych. Prokuratura uznawa\u0142a jednak, \u017ce\u00a0szkodliwo\u015b\u0107 spo\u0142eczna czynu jest niska i\u00a0nie wszcz\u0119\u0142a post\u0119powania. &#13;\n<\/p>\n<p>Sukces Ordo Iuris<\/p>\n<p>&#13;<br \/>\nPozew w\u00a0sprawie s\u0142\u00f3w Senyszyn z\u0142o\u017cy\u0142 tak\u017ce Instytut Ordo Iuris. We\u00a0wrze\u015bniu 2023\u00a0r. S\u0105d Okr\u0119gowy w\u00a0Gda\u0144sku oddali\u0142 w\u00a0ca\u0142o\u015bci pow\u00f3dztwo. S\u0119dzia oceni\u0142, \u017ce\u00a0wypowied\u017a polityk nale\u017cy traktowa\u0107 jako ocenn\u0105, a\u00a0nie jako stwierdzenie o\u00a0faktach podlegaj\u0105ce kategorycznej weryfikacji &#8222;prawda\u2013fa\u0142sz\u201d. S\u0105d stwierdzi\u0142 r\u00f3wnie\u017c, \u017ce\u00a0wpis pozwanej mie\u015bci\u0142 si\u0119 w\u00a0granicach dozwolonej krytyki i\u00a0by\u0142 uzasadniony interesem spo\u0142ecznym. &#13;\n<\/p>\n<p>&#13;<br \/>\nOI z\u0142o\u017cy\u0142o odwo\u0142anie od\u00a0wyroku, kt\u00f3re S\u0105d Apelacyjny w\u00a0Gda\u0144sku w\u0142a\u015bnie rozpatrzy\u0142 pozytywnie. Zgodnie z\u00a0wyrokiem S\u0105d Okr\u0119gowy ponowne musi rozpatrzy\u0107 ca\u0142\u0105 spraw\u0119. Zdaniem S\u0105du Apelacyjnego, s\u0105d pierwszej instancji pope\u0142ni\u0142 b\u0142\u0119dy w\u00a0sporz\u0105dzaniu uzasadnienia wyroku oraz\u00a0pomin\u0105\u0142 przedk\u0142adane przez Ordo Iuris dowody dotycz\u0105ce reakcji spo\u0142ecznej na\u00a0wyrok. Uzasadnienie orzeczenia nie\u00a0zawiera\u0142o r\u00f3wnie\u017c koniecznych ustale\u0144 faktycznych w\u00a0sprawie. &#13;\n<\/p>\n<p>&#13;<br \/>\nPrawnicy instytutu wskazywali, \u017ce\u00a0SO pope\u0142ni\u0142 b\u0142\u0119dy proceduralne oraz\u00a0pomin\u0105\u0142 szereg istotnych okoliczno\u015bci &#13;\n<\/p>\n<p>&#13;<br \/>\nCzytaj te\u017c:<br \/><a href=\"https:\/\/dorzeczy.pl\/opinie\/807897\/joanna-senyszyn-krytykuje-wybor-czarzastego-porownala-go-do-dudy.html\" rel=\"follow nofollow noopener\" data-schema=\"DORZECZY\" data-image=\"https:\/\/img.dorzeczy.pl\/_thumb\/e3\/b2\/5f4a2c4fe5be0e6503322190a8xx.jpeg\" target=\"_blank\">Senyszyn nie\u00a0gryz\u0142a si\u0119 w\u00a0j\u0119zyk: Czarzasty b\u0119dzie Dud\u0105 Tuska<\/a>Czytaj te\u017c:<br \/><a href=\"https:\/\/rozrywka.dorzeczy.pl\/show-biznes\/783549\/senyszyn-uderza-w-prezydenta-poszlo-o-edukacje-zdrowotna.html\" rel=\"follow nofollow noopener\" data-schema=\"DORZECZY\" data-image=\"https:\/\/img.dorzeczy.pl\/_thumb\/1b\/a1\/013f601355c7f1558da5b91265ec.jpeg\" target=\"_blank\">Senyszyn kpi z\u00a0decyzji prezydenta. M\u00f3wi o\u00a0&#8222;uzale\u017cnieniu od\u00a0snus\u00f3w&#8221;<\/a>&#13;<\/p>\n","protected":false},"excerpt":{"rendered":"&#13; Sprawa ma\u00a0zwi\u0105zek z\u00a0wypowiedzi\u0105 Senyszyn z\u00a02019 roku. Polityk zamie\u015bci\u0142a w\u00a0sieci wpis, w\u00a0kt\u00f3rym stwierdzi\u0142a, \u017ce\u00a0\u017bo\u0142nierze Wykl\u0119ci to\u00a0&#8222;nie \u017co\u0142nierze, a\u00a0bandy&hellip;\n","protected":false},"author":2,"featured_media":145056,"comment_status":"","ping_status":"","sticky":false,"template":"","format":"standard","meta":{"footnotes":""},"categories":[12],"tags":[18880,32,33,98,36,37,27,49,34,35,601,28,31,25,102,42,38,40,39,41,29378,20073,29,30,26,29379],"class_list":{"0":"post-145055","1":"post","2":"type-post","3":"status-publish","4":"format-standard","5":"has-post-thumbnail","7":"category-polska","8":"tag-apelacja","9":"tag-breaking-news","10":"tag-breakingnews","11":"tag-dorzeczy","12":"tag-featured-news","13":"tag-featurednews","14":"tag-headlines","15":"tag-kraj","16":"tag-latest-news","17":"tag-latestnews","18":"tag-marcin-bugaj","19":"tag-naglowki","20":"tag-najwazniejsze-artykuly","21":"tag-news","22":"tag-opinie","23":"tag-pl","24":"tag-poland","25":"tag-polish","26":"tag-polska","27":"tag-polski","28":"tag-senyszyn","29":"tag-sprawa","30":"tag-top-stories","31":"tag-topstories","32":"tag-wiadomosci","33":"tag-zolnierzach-wykletych"},"share_on_mastodon":{"url":"https:\/\/pubeurope.com\/@pl\/115701468808777125","error":""},"_links":{"self":[{"href":"https:\/\/www.europesays.com\/pl\/wp-json\/wp\/v2\/posts\/145055","targetHints":{"allow":["GET"]}}],"collection":[{"href":"https:\/\/www.europesays.com\/pl\/wp-json\/wp\/v2\/posts"}],"about":[{"href":"https:\/\/www.europesays.com\/pl\/wp-json\/wp\/v2\/types\/post"}],"author":[{"embeddable":true,"href":"https:\/\/www.europesays.com\/pl\/wp-json\/wp\/v2\/users\/2"}],"replies":[{"embeddable":true,"href":"https:\/\/www.europesays.com\/pl\/wp-json\/wp\/v2\/comments?post=145055"}],"version-history":[{"count":0,"href":"https:\/\/www.europesays.com\/pl\/wp-json\/wp\/v2\/posts\/145055\/revisions"}],"wp:featuredmedia":[{"embeddable":true,"href":"https:\/\/www.europesays.com\/pl\/wp-json\/wp\/v2\/media\/145056"}],"wp:attachment":[{"href":"https:\/\/www.europesays.com\/pl\/wp-json\/wp\/v2\/media?parent=145055"}],"wp:term":[{"taxonomy":"category","embeddable":true,"href":"https:\/\/www.europesays.com\/pl\/wp-json\/wp\/v2\/categories?post=145055"},{"taxonomy":"post_tag","embeddable":true,"href":"https:\/\/www.europesays.com\/pl\/wp-json\/wp\/v2\/tags?post=145055"}],"curies":[{"name":"wp","href":"https:\/\/api.w.org\/{rel}","templated":true}]}}