{"id":145217,"date":"2025-12-11T16:38:07","date_gmt":"2025-12-11T16:38:07","guid":{"rendered":"https:\/\/www.europesays.com\/pl\/145217\/"},"modified":"2025-12-11T16:38:07","modified_gmt":"2025-12-11T16:38:07","slug":"corka-beyonce-na-meczu-nba-trudno-uwierzyc-ile-ma-lat","status":"publish","type":"post","link":"https:\/\/www.europesays.com\/pl\/145217\/","title":{"rendered":"C\u00f3rka Beyonce na meczu NBA. Trudno uwierzy\u0107, ile ma lat!"},"content":{"rendered":"<p>Blue Ivy Carter od najm\u0142odszych lat przyci\u0105ga uwag\u0119 medi\u00f3w. Wszystko oczywi\u015bcie za spraw\u0105 tego, \u017ce jej rodzicami s\u0105 ikony muzyki. Pocz\u0105tkowo Beyonce oraz Jay-Z strzegli prywatno\u015bci swojej pierworodnej i\u00a0rzadko pokazywali si\u0119 z\u00a0ni\u0105 publicznie. Wszystko zmieni\u0142o si\u0119 jakie\u015b dwa lata temu, gdy nastolatka zacz\u0119\u0142a <a href=\"https:\/\/www.pudelek.pl\/fani-beyonce-sa-rozczarowani-nieobecnoscia-blue-ivy-na-scenie-w-warszawie-maja-na-ten-temat-pewna-teorie-6914185943116448a\" rel=\"noopener noreferrer nofollow\" target=\"_blank\">stopniowo pojawia\u0107 si\u0119 na scenie u\u00a0boku znanej mamy.<\/a><\/p>\n<p>W zesz\u0142ym roku Blue na dobre do\u0142\u0105czy\u0142a do koncertowej ekipy rodzicielki. Ewidentnie pasjonuj\u0105ca si\u0119 ta\u0144cem nastolatka z\u00a0ka\u017cdym wyj\u015bciem na scen\u0119 prezentowa\u0142a coraz to bardziej profesjonalne pl\u0105sy, a\u00a0na TikToku mo\u017cna znale\u017a\u0107 ca\u0142e mn\u00f3stwo jej choreografii wykonywanych podczas wyst\u0119p\u00f3w Beyonce. Dziewczyna coraz cz\u0119\u015bciej towarzyszy te\u017c rodzicom podczas wszelakiej ma\u015bci event\u00f3w. Za ka\u017cdym razem uwag\u0119 zwracaj\u0105 jej mocny makija\u017c i\u00a0<a href=\"https:\/\/www.pudelek.pl\/blue-ivy-carter-wspierala-beyonce-podczas-rozdania-grammy-stylizacja-13-latki-oburzyla-internautow-wyglada-jakby-miala-40-lat-7121268672154400a\" rel=\"noopener noreferrer nofollow\" target=\"_blank\">&#8222;doros\u0142e&#8221; stylizacje.<\/a><\/p>\n<p>W \u015brod\u0119 zarejestrowano kolejne publiczne wyj\u015bcie 13-latki. Tym razem &#8222;przy\u0142apano&#8221; j\u0105 na meczu <a href=\"https:\/\/www.pudelek.pl\/tag\/nba\/\" rel=\"noopener noreferrer nofollow\" target=\"_blank\">NBA<\/a>, na kt\u00f3ry wybra\u0142a si\u0119 razem <a href=\"https:\/\/www.pudelek.pl\/oskarzony-o-napasc-seksualna-na-13-latce-jay-z-martwi-sie-ze-afera-odbije-sie-na-jego-corce-ja-i-zona-bedziemy-musieli-jej-wyjasnic-7101412047956608a\" rel=\"noopener noreferrer nofollow\" target=\"_blank\">z\u00a0tat\u0105.<\/a> Na starcie Los Angeles Lakers z\u00a0San Antonio Spurs Ivy przyodzia\u0142a oryginalny &#8222;look&#8221;, na kt\u00f3ry sk\u0142ada\u0142y si\u0119 szerokie jeansy z\u00a0kieszeniami, oversizowa kurtka motocyklowa i\u00a0bordowe botki na koturnie. W oczy rzuca\u0142y si\u0119 te\u017c srebrna torebka, bi\u017cuteria, d\u0142ugie paznokcie i\u00a0makija\u017c. W pewnym momencie nastolatka zainspirowa\u0142a si\u0119 ojcem i\u00a0za\u0142o\u017cy\u0142a na nos ciemne okulary.<\/p>\n<p>Zobaczcie najnowsze zdj\u0119cia Blue. Do kt\u00f3rego z\u00a0rodzic\u00f3w jest bardziej podobna?<\/p>\n","protected":false},"excerpt":{"rendered":"Blue Ivy Carter od najm\u0142odszych lat przyci\u0105ga uwag\u0119 medi\u00f3w. Wszystko oczywi\u015bcie za spraw\u0105 tego, \u017ce jej rodzicami s\u0105&hellip;\n","protected":false},"author":2,"featured_media":145218,"comment_status":"","ping_status":"","sticky":false,"template":"","format":"standard","meta":{"footnotes":""},"categories":[22],"tags":[122,42,38,40,39,41,123],"class_list":{"0":"post-145217","1":"post","2":"type-post","3":"status-publish","4":"format-standard","5":"has-post-thumbnail","7":"category-rozrywka","8":"tag-entertainment","9":"tag-pl","10":"tag-poland","11":"tag-polish","12":"tag-polska","13":"tag-polski","14":"tag-rozrywka"},"share_on_mastodon":{"url":"https:\/\/pubeurope.com\/@pl\/115701920919006723","error":""},"_links":{"self":[{"href":"https:\/\/www.europesays.com\/pl\/wp-json\/wp\/v2\/posts\/145217","targetHints":{"allow":["GET"]}}],"collection":[{"href":"https:\/\/www.europesays.com\/pl\/wp-json\/wp\/v2\/posts"}],"about":[{"href":"https:\/\/www.europesays.com\/pl\/wp-json\/wp\/v2\/types\/post"}],"author":[{"embeddable":true,"href":"https:\/\/www.europesays.com\/pl\/wp-json\/wp\/v2\/users\/2"}],"replies":[{"embeddable":true,"href":"https:\/\/www.europesays.com\/pl\/wp-json\/wp\/v2\/comments?post=145217"}],"version-history":[{"count":0,"href":"https:\/\/www.europesays.com\/pl\/wp-json\/wp\/v2\/posts\/145217\/revisions"}],"wp:featuredmedia":[{"embeddable":true,"href":"https:\/\/www.europesays.com\/pl\/wp-json\/wp\/v2\/media\/145218"}],"wp:attachment":[{"href":"https:\/\/www.europesays.com\/pl\/wp-json\/wp\/v2\/media?parent=145217"}],"wp:term":[{"taxonomy":"category","embeddable":true,"href":"https:\/\/www.europesays.com\/pl\/wp-json\/wp\/v2\/categories?post=145217"},{"taxonomy":"post_tag","embeddable":true,"href":"https:\/\/www.europesays.com\/pl\/wp-json\/wp\/v2\/tags?post=145217"}],"curies":[{"name":"wp","href":"https:\/\/api.w.org\/{rel}","templated":true}]}}