{"id":145321,"date":"2025-12-11T17:35:17","date_gmt":"2025-12-11T17:35:17","guid":{"rendered":"https:\/\/www.europesays.com\/pl\/145321\/"},"modified":"2025-12-11T17:35:17","modified_gmt":"2025-12-11T17:35:17","slug":"polskie-ceny-redmi-note-15-pro-4g-5g-oraz-redmi-note-15-pro","status":"publish","type":"post","link":"https:\/\/www.europesays.com\/pl\/145321\/","title":{"rendered":"Polskie ceny Redmi Note 15 Pro 4G\/5G oraz Redmi Note 15 Pro+"},"content":{"rendered":"<p class=\"lead\">Oto i s\u0105 polskie ceny nowych smartfon\u00f3w Redmi Note 15 Pro 4G, Redmi Note 15 Pro 5G oraz Redmi Note 15 Pro+. W\u0142a\u015bnie poznali\u015bmy oficjalne kwoty premierowe poszczeg\u00f3lnych Xiaomi za po\u015brednictwem oficjalnej strony. Ile kosztuj\u0105 \u015bredniaki z aparatami 200 MP i bateriami 6500 mAh?<\/p>\n<p>Ni st\u0105d, ni zow\u0105d Xiaomi przedstawi\u0142o konkretne ceny nowej serii Redmi Note 15 Pro. M\u00f3wimy o oficjalnych kwotach w naszym kraju i to prosto od producenta, a nie ze \u017cadnego przecieku. Jak prezentuj\u0105 si\u0119 finanse \u015bwie\u017cych \u015bredniak\u00f3w w naszym kraju?<\/p>\n<p>Polskie ceny Redmi Note 15 Pro 4G\/5G oraz Redmi Note 15 Pro+<\/p>\n<p> <a href=\"https:\/\/i0.wp.com\/www.gsmmaniak.pl\/wp-content\/uploads\/gsmmaniak\/2025\/12\/pro.jpg?quality=100&amp;ssl=1\" rel=\"nofollow noopener\" border=\"0\" itemprop=\"url\" target=\"_blank\">   <img decoding=\"async\" class=\"\" data-attachment-id=\"1620659\" data-orig-file=\"https:\/\/www.gsmmaniak.pl\/wp-content\/uploads\/gsmmaniak\/2025\/12\/pro.jpg\" data-orig-size=\"1024,706\" data-comments-opened=\"1\" data-image-meta=\"[]\" data-image-title=\"pro+\" data-image-description=\"\" data-medium-file=\"https:\/\/www.gsmmaniak.pl\/wp-content\/uploads\/gsmmaniak\/2025\/12\/pro-medium.jpg\" data-large-file=\"https:\/\/www.gsmmaniak.pl\/wp-content\/uploads\/gsmmaniak\/2025\/12\/pro.jpg\" src=\"https:\/\/www.europesays.com\/pl\/wp-content\/uploads\/2025\/12\/pro.jpg\"  width=\"325\" height=\"224\" loading=\"lazy\" data-original-width=\"325\" data-original-height=\"224\" itemprop=\"http:\/\/schema.org\/image\" title=\"pro+\" alt=\"Redmi Note 15 Pro+\" style=\"width: 325px; height: 224px;\" \/> <\/a> <\/p>\n<p> Polska cena Redmi Note 15 Pro+ <\/p>\n<p> <a href=\"https:\/\/i0.wp.com\/www.gsmmaniak.pl\/wp-content\/uploads\/gsmmaniak\/2025\/12\/pro-5g.jpg?quality=100&amp;ssl=1\" rel=\"nofollow noopener\" border=\"0\" itemprop=\"url\" target=\"_blank\">   <img decoding=\"async\" class=\"\" data-attachment-id=\"1620660\" data-orig-file=\"https:\/\/www.gsmmaniak.pl\/wp-content\/uploads\/gsmmaniak\/2025\/12\/pro-5g.jpg\" data-orig-size=\"1024,677\" data-comments-opened=\"1\" data-image-meta=\"[]\" data-image-title=\"pro 5g\" data-image-description=\"\" data-medium-file=\"https:\/\/www.gsmmaniak.pl\/wp-content\/uploads\/gsmmaniak\/2025\/12\/pro-5g-medium.jpg\" data-large-file=\"https:\/\/www.gsmmaniak.pl\/wp-content\/uploads\/gsmmaniak\/2025\/12\/pro-5g.jpg\" src=\"https:\/\/www.europesays.com\/pl\/wp-content\/uploads\/2025\/12\/pro-5g.jpg\"  width=\"167\" height=\"110\" loading=\"lazy\" data-original-width=\"167\" data-original-height=\"110\" itemprop=\"http:\/\/schema.org\/image\" title=\"pro 5g\" alt=\"Redmi Note 15 Pro 5G\" style=\"width: 167px; height: 110px;\" \/> <\/a> <\/p>\n<p> Polska cena Redmi Note 15 Pro 5G <\/p>\n<p> <a href=\"https:\/\/i0.wp.com\/www.gsmmaniak.pl\/wp-content\/uploads\/gsmmaniak\/2025\/12\/pro-lte.jpg?quality=100&amp;ssl=1\" rel=\"nofollow noopener\" border=\"0\" itemprop=\"url\" target=\"_blank\">   <img decoding=\"async\" class=\"\" data-attachment-id=\"1620661\" data-orig-file=\"https:\/\/www.gsmmaniak.pl\/wp-content\/uploads\/gsmmaniak\/2025\/12\/pro-lte.jpg\" data-orig-size=\"1024,676\" data-comments-opened=\"1\" data-image-meta=\"[]\" data-image-title=\"pro lte\" data-image-description=\"\" data-medium-file=\"https:\/\/www.gsmmaniak.pl\/wp-content\/uploads\/gsmmaniak\/2025\/12\/pro-lte-medium.jpg\" data-large-file=\"https:\/\/www.gsmmaniak.pl\/wp-content\/uploads\/gsmmaniak\/2025\/12\/pro-lte.jpg\" src=\"https:\/\/www.europesays.com\/pl\/wp-content\/uploads\/2025\/12\/pro-lte.jpg\"  width=\"167\" height=\"110\" loading=\"lazy\" data-original-width=\"167\" data-original-height=\"110\" itemprop=\"http:\/\/schema.org\/image\" title=\"pro lte\" alt=\"Redmi Note 15 Pro 4G\" style=\"width: 167px; height: 110px;\" \/> <\/a> <\/p>\n<p> Polska cena Redmi Note 15 Pro 4G <\/p>\n<ul>\n<li>Redmi Note 15 Pro 4G (LTE) w wersji 8\/256 GB kosztuje <a href=\"https:\/\/mi-home.pl\/products\/redmi-note-15-pro-lte\" rel=\"nofollow noopener\" target=\"_blank\">1499 z\u0142otych<\/a>. Ten model wyst\u0119puje tylko w jednym wariancie pami\u0119ciowych.<\/li>\n<li>Redmi Note 15 Pro 5G w wersji 8\/256 GB kosztuje <a href=\"https:\/\/mi-home.pl\/products\/redmi-note-15-pro-5g\" rel=\"nofollow noopener\" target=\"_blank\">1699 z\u0142otych<\/a>. Ten model tak\u017ce wyst\u0119puje tylko w jednym wariancie pami\u0119ciowych i trzech wersjach kolorystycznych.<\/li>\n<li>Z kolei najmocniejszy Redmi Note 15 Pro+ z pami\u0119ci\u0105 8\/256 GB kosztuje ju\u017c <a href=\"https:\/\/mi-home.pl\/products\/redmi-note-15-pro-plus-5g\" rel=\"nofollow noopener\" target=\"_blank\">1999 z\u0142otych<\/a>. Pojawi\u0142 si\u0119 ponadto wariant 12\/256 GB i za niego przyjdzie zap\u0142aci\u0107 <a href=\"https:\/\/mi-home.pl\/products\/redmi-note-15-pro-plus-5g?variant=56340359053689\" rel=\"nofollow noopener\" target=\"_blank\">2299 z\u0142otych<\/a>.<\/li>\n<\/ul>\n<p>Co wyr\u00f3\u017cnia nowych przedstawicieli Xiaomi?<\/p>\n<p>Zacznijmy od g\u0142\u00f3wnego aparatu, bo ka\u017cdy z modeli posiada jednostk\u0119 200 MP wspieran\u0105 optyczn\u0105 stabilizacj\u0105 obrazu (OIS). Wspomniany sensor posiada fizyczny rozmiar 1\/1.4\u2033 oraz 4x zoom optyczny. Ca\u0142kiem przyjemnie za tak\u0105 kas\u0119.<\/p>\n<p><a href=\"https:\/\/www.gsmmaniak.pl\/wp-content\/uploads\/gsmmaniak\/2025\/12\/pro-lte.png\" rel=\"lightbox-post4 nofollow noopener\" target=\"_blank\"><img loading=\"lazy\" decoding=\"async\" aria-describedby=\"caption-attachment-1620663\" class=\"size-medium wp-image-1620663\" src=\"https:\/\/www.europesays.com\/pl\/wp-content\/uploads\/2025\/12\/pro-lte-medium.png\" alt=\"Redmi Note 15 Pro 4G\" width=\"500\" height=\"503\"   \/><\/a><\/p>\n<p id=\"caption-attachment-1620663\" class=\"wp-caption-text\">Redmi Note 15 Pro 4G \/ fot. Xiaomi<\/p>\n<p>Do tego dochodzi ca\u0142kiem pojemna bateria. Redmi Note 15 Pro 4G (LTE) oraz Redmi Note 15 Pro 5G korzystaj\u0105 z \u0142adowania przewodowego 45 W, cho\u0107 pojemno\u015b\u0107 ogniw delikatnie si\u0119 r\u00f3\u017cni. Pierwszy bowiem ma 6500 mAh. Drugi mo\u017ce pochwali\u0107 si\u0119 6580 mah.<\/p>\n<p><a href=\"https:\/\/www.gsmmaniak.pl\/wp-content\/uploads\/gsmmaniak\/2025\/12\/pro.png\" rel=\"lightbox-post4 nofollow noopener\" target=\"_blank\"><img loading=\"lazy\" decoding=\"async\" aria-describedby=\"caption-attachment-1620664\" class=\"size-medium wp-image-1620664\" src=\"https:\/\/www.europesays.com\/pl\/wp-content\/uploads\/2025\/12\/pro-medium.png\" alt=\"Redmi Note 15 Pro+\" width=\"500\" height=\"448\"   \/><\/a><\/p>\n<p id=\"caption-attachment-1620664\" class=\"wp-caption-text\">Redmi Note 15 Pro+ \/ fot. Xiaomi<\/p>\n<p>O ile d\u0142ugi czas pracy nie powinien stanowi\u0107 wyzwania, o tyle liczy\u0142em na co\u015b wi\u0119cej ani\u017celi 45 W. Takie warto\u015bci ju\u017c nie przystoj\u0105 \u015bredniakom (prawie) w 2026 roku. Warto zauwa\u017cy\u0107 jednak, \u017ce Redmi Note 15 Pro+ operuje \u0142adowaniem 100 W, zachowuj\u0105c 6500 mAh.<\/p>\n<p>\u0179r\u00f3d\u0142o: Xiaomi (<a href=\"https:\/\/mi-home.pl\/products\/redmi-note-15-pro-plus-5g?_pos=1&amp;_psq=redmi+note+15+pro&amp;_ss=e&amp;_v=1.0\" rel=\"nofollow noopener\" target=\"_blank\">1<\/a>, <a href=\"https:\/\/mi-home.pl\/products\/redmi-note-15-pro-lte?_pos=3&amp;_psq=redmi+note+15+pro&amp;_ss=e&amp;_v=1.0\" rel=\"nofollow noopener\" target=\"_blank\">2<\/a>, <a href=\"https:\/\/mi-home.pl\/products\/redmi-note-15-pro-5g?_pos=2&amp;_psq=redmi+note+15+pro&amp;_ss=e&amp;_v=1.0\" rel=\"nofollow noopener\" target=\"_blank\">3<\/a>)<\/p>\n<p><br class=\"clear\" \/><\/p>\n<p>Na stronie mog\u0105 wyst\u0119powa\u0107 linki afiliacyjne lub reklamowe.<\/p>\n","protected":false},"excerpt":{"rendered":"Oto i s\u0105 polskie ceny nowych smartfon\u00f3w Redmi Note 15 Pro 4G, Redmi Note 15 Pro 5G oraz&hellip;\n","protected":false},"author":2,"featured_media":145322,"comment_status":"","ping_status":"","sticky":false,"template":"","format":"standard","meta":{"footnotes":""},"categories":[20],"tags":[120,118,119,29399,42,38,40,39,41,28665,29396,29400,28666,29392,29397,29401,29393,29394,29398,29402,29395,116,114,115,29403,121,117],"class_list":{"0":"post-145321","1":"post","2":"type-post","3":"status-publish","4":"format-standard","5":"has-post-thumbnail","7":"category-nauka-i-technika","8":"tag-nauka","9":"tag-nauka-i-technika","10":"tag-naukatechnika","11":"tag-nowe-xiaomi","12":"tag-pl","13":"tag-poland","14":"tag-polish","15":"tag-polska","16":"tag-polski","17":"tag-redmi-note-15-pro-4g","18":"tag-redmi-note-15-pro-4g-aparat","19":"tag-redmi-note-15-pro-4g-bateria","20":"tag-redmi-note-15-pro-4g-cena","21":"tag-redmi-note-15-pro-5g","22":"tag-redmi-note-15-pro-5g-aparat","23":"tag-redmi-note-15-pro-5g-bateria","24":"tag-redmi-note-15-pro-5g-cena","25":"tag-redmi-note-15-pro","26":"tag-redmi-note-15-pro-aparat","27":"tag-redmi-note-15-pro-bateria","28":"tag-redmi-note-15-pro-cena","29":"tag-science","30":"tag-science-and-technology","31":"tag-sciencetechnology","32":"tag-smartfony-redmi","33":"tag-technika","34":"tag-technology"},"share_on_mastodon":{"url":"","error":"Validation failed: Text character limit of 500 exceeded"},"_links":{"self":[{"href":"https:\/\/www.europesays.com\/pl\/wp-json\/wp\/v2\/posts\/145321","targetHints":{"allow":["GET"]}}],"collection":[{"href":"https:\/\/www.europesays.com\/pl\/wp-json\/wp\/v2\/posts"}],"about":[{"href":"https:\/\/www.europesays.com\/pl\/wp-json\/wp\/v2\/types\/post"}],"author":[{"embeddable":true,"href":"https:\/\/www.europesays.com\/pl\/wp-json\/wp\/v2\/users\/2"}],"replies":[{"embeddable":true,"href":"https:\/\/www.europesays.com\/pl\/wp-json\/wp\/v2\/comments?post=145321"}],"version-history":[{"count":0,"href":"https:\/\/www.europesays.com\/pl\/wp-json\/wp\/v2\/posts\/145321\/revisions"}],"wp:featuredmedia":[{"embeddable":true,"href":"https:\/\/www.europesays.com\/pl\/wp-json\/wp\/v2\/media\/145322"}],"wp:attachment":[{"href":"https:\/\/www.europesays.com\/pl\/wp-json\/wp\/v2\/media?parent=145321"}],"wp:term":[{"taxonomy":"category","embeddable":true,"href":"https:\/\/www.europesays.com\/pl\/wp-json\/wp\/v2\/categories?post=145321"},{"taxonomy":"post_tag","embeddable":true,"href":"https:\/\/www.europesays.com\/pl\/wp-json\/wp\/v2\/tags?post=145321"}],"curies":[{"name":"wp","href":"https:\/\/api.w.org\/{rel}","templated":true}]}}