{"id":145327,"date":"2025-12-11T17:38:09","date_gmt":"2025-12-11T17:38:09","guid":{"rendered":"https:\/\/www.europesays.com\/pl\/145327\/"},"modified":"2025-12-11T17:38:09","modified_gmt":"2025-12-11T17:38:09","slug":"pobicie-kibicow-na-s8-wiceminister-komentuje-zelazna-konsekwencja","status":"publish","type":"post","link":"https:\/\/www.europesays.com\/pl\/145327\/","title":{"rendered":"Pobicie kibic\u00f3w na S8. Wiceminister komentuje. &#8222;\u017belazna konsekwencja&#8221;"},"content":{"rendered":"<p class=\"ods-c-paragraph \">&#8222;S\u0105 pierwsi zatrzymani w sprawie zablokowania ruchu na trasie S8 i pobicia hiszpa\u0144skich kibic\u00f3w. Policja z \u017celazn\u0105 konsekwencj\u0105 ustala pozosta\u0142ych uczestnik\u00f3w napa\u015bci&#8221; \u2014 napisa\u0142 w czwartek Czes\u0142aw Mroczek na platformie X.<\/p>\n<p>Dalszy ci\u0105g artyku\u0142u pod materia\u0142em wideo<\/p>\n<p> Ile os\u00f3b zosta\u0142o zatrzymanych w tej sprawie? <\/p>\n<p> Co si\u0119 wydarzy\u0142o na trasie S8? <\/p>\n<p> Jakie przedmioty zabezpieczyli policjanci? <\/p>\n<p> Kiedy mia\u0142o miejsce pobicie kibic\u00f3w? <\/p>\n<p>  Kibice z Hiszpanii zaatakowani w Polsce. Napastnicy zatrzymali autobusy na S8<\/p>\n<p class=\"ods-c-paragraph \">W czwartek o godz. 0:46 policjanci z Ostrowi Mazowieckiej dostali zg\u0142oszenie o zamaskowanej grupie os\u00f3b biegaj\u0105cych po trasie S8 w miejscowo\u015bci Prosienica.<\/p>\n<p class=\"ods-c-paragraph \">&#8222;Po pi\u0119ciu minutach na miejscu by\u0142 patrol policji, kt\u00f3ry zasta\u0142 dwa autokary z kibicami z Hiszpanii. Okaza\u0142o si\u0119, \u017ce przed jad\u0105ce autokary wyjecha\u0142y dwa samochody osobowe, blokuj\u0105c przejazd. Z pobliskiego lasu wybieg\u0142o kilkadziesi\u0105t os\u00f3b, cz\u0119\u015b\u0107 z nich by\u0142a zamaskowana. Dosz\u0142o do konfrontacji&#8221; \u2014 poinformowa\u0142a policja na X.<\/p>\n<p class=\"ods-c-paragraph \">Dzi\u0119ki przyjazdowi funkcjonariuszy uda\u0142o si\u0119 unikn\u0105\u0107 eskalacji. &#8222;Na miejscu rannym pomocy udzieli\u0142a za\u0142oga karetki pogotowia, a do szpitala trafi\u0142y trzy osoby. W wyniku penetracji terenu policjanci stwierdzili przeci\u0119t\u0105 siatk\u0119 odgradzaj\u0105c\u0105 drog\u0119 serwisow\u0105 od S8&#8221; \u2014 czytamy we wpisie.<\/p>\n<p class=\"ods-c-paragraph \">W pobli\u017cu policjanci zatrzymali dwa pojazdy oraz cztery osoby, w tym jedn\u0105 kobiet\u0119, wszyscy to mieszka\u0144cy Bia\u0142egostoku. \u0141\u0105cznie do sprawy zatrzymano siedem os\u00f3b. Funkcjonariusze zabezpieczyli m.in. kominiarki, pa\u0142ki teleskopowe i drewniane oraz no\u017cyce do ci\u0119cia metalu.<\/p>\n<p class=\"ods-c-paragraph \">&#8222;Policjanci zabezpieczaj\u0105 dowody, ustalaj\u0105 dok\u0142adny przebieg zdarzenia i jego uczestnik\u00f3w&#8221; \u2014 przekaza\u0142a radomska policja.<\/p>\n<p class=\"ods-c-paragraph \">W czwartek wieczorem w Bia\u0142ymstoku Jagiellonia Bia\u0142ystok zmierzy si\u0119 z hiszpa\u0144sk\u0105 Rayo Vallecano.<\/p>\n","protected":false},"excerpt":{"rendered":"&#8222;S\u0105 pierwsi zatrzymani w sprawie zablokowania ruchu na trasie S8 i pobicia hiszpa\u0144skich kibic\u00f3w. Policja z \u017celazn\u0105 konsekwencj\u0105&hellip;\n","protected":false},"author":2,"featured_media":145328,"comment_status":"","ping_status":"","sticky":false,"template":"","format":"standard","meta":{"footnotes":""},"categories":[12],"tags":[2151,32,33,2190,36,37,27,9880,49,34,35,28,31,48,25,46,42,3823,38,40,39,41,1855,47,29,30,26],"class_list":{"0":"post-145327","1":"post","2":"type-post","3":"status-publish","4":"format-standard","5":"has-post-thumbnail","7":"category-polska","8":"tag-bialystok","9":"tag-breaking-news","10":"tag-breakingnews","11":"tag-czeslaw_mroczek","12":"tag-featured-news","13":"tag-featurednews","14":"tag-headlines","15":"tag-kibice","16":"tag-kraj","17":"tag-latest-news","18":"tag-latestnews","19":"tag-naglowki","20":"tag-najwazniejsze-artykuly","21":"tag-nat_styl","22":"tag-news","23":"tag-omp","24":"tag-pl","25":"tag-pobicie","26":"tag-poland","27":"tag-polish","28":"tag-polska","29":"tag-polski","30":"tag-s8","31":"tag-screening_general","32":"tag-top-stories","33":"tag-topstories","34":"tag-wiadomosci"},"share_on_mastodon":{"url":"","error":""},"_links":{"self":[{"href":"https:\/\/www.europesays.com\/pl\/wp-json\/wp\/v2\/posts\/145327","targetHints":{"allow":["GET"]}}],"collection":[{"href":"https:\/\/www.europesays.com\/pl\/wp-json\/wp\/v2\/posts"}],"about":[{"href":"https:\/\/www.europesays.com\/pl\/wp-json\/wp\/v2\/types\/post"}],"author":[{"embeddable":true,"href":"https:\/\/www.europesays.com\/pl\/wp-json\/wp\/v2\/users\/2"}],"replies":[{"embeddable":true,"href":"https:\/\/www.europesays.com\/pl\/wp-json\/wp\/v2\/comments?post=145327"}],"version-history":[{"count":0,"href":"https:\/\/www.europesays.com\/pl\/wp-json\/wp\/v2\/posts\/145327\/revisions"}],"wp:featuredmedia":[{"embeddable":true,"href":"https:\/\/www.europesays.com\/pl\/wp-json\/wp\/v2\/media\/145328"}],"wp:attachment":[{"href":"https:\/\/www.europesays.com\/pl\/wp-json\/wp\/v2\/media?parent=145327"}],"wp:term":[{"taxonomy":"category","embeddable":true,"href":"https:\/\/www.europesays.com\/pl\/wp-json\/wp\/v2\/categories?post=145327"},{"taxonomy":"post_tag","embeddable":true,"href":"https:\/\/www.europesays.com\/pl\/wp-json\/wp\/v2\/tags?post=145327"}],"curies":[{"name":"wp","href":"https:\/\/api.w.org\/{rel}","templated":true}]}}