{"id":145421,"date":"2025-12-11T18:30:33","date_gmt":"2025-12-11T18:30:33","guid":{"rendered":"https:\/\/www.europesays.com\/pl\/145421\/"},"modified":"2025-12-11T18:30:33","modified_gmt":"2025-12-11T18:30:33","slug":"rolnik-szuka-zony-traci-widzow-co-z-kolejnym-sezonem-programu","status":"publish","type":"post","link":"https:\/\/www.europesays.com\/pl\/145421\/","title":{"rendered":"&#8222;Rolnik szuka \u017cony&#8221; traci widz\u00f3w. Co z kolejnym sezonem programu?"},"content":{"rendered":"<p class=\"ods-c-paragraph \">Za nami ju\u017c 12. edycja programu &#8222;<a href=\"https:\/\/plejada.pl\/temat\/rolnik-szuka-zony-program-tv\/28kezq1\" id=\"840a9b52-773f-4d41-bf01-5500dfa40ae2\" rel=\"nofollow noopener\" target=\"_blank\">Rolnik szuka \u017cony<\/a>&#8221; \u2014 na pocz\u0105tku grudnia fani randkowego show dowiedzieli si\u0119, kt\u00f3re pary przetrwa\u0142y pr\u00f3b\u0119 czasu i nadal s\u0105 razem. Okazuje si\u0119, \u017ce tegoroczna seria przynios\u0142a szcz\u0119\u015bcie Basi, Gabrielowi i Arkadiuszowi, kt\u00f3rzy podczas fina\u0142owego odcinka wyznali, \u017ce ich relacje s\u0105 na etapie dalszego rozwoju. Szcz\u0119\u015bcia w programie nie uda\u0142o si\u0119 znale\u017a\u0107 Rolandowi i Krzysztofowi, jednak ten drugi podczas ostatniego odcinka wyzna\u0142, \u017ce cho\u0107 nie wysz\u0142o mu z Agnieszk\u0105, jest obecnie zakochany.<\/p>\n<p>Dalszy ci\u0105g artyku\u0142u pod materia\u0142em wideo<\/p>\n<p> Jak wiele widz\u00f3w straci\u0142 program w por\u00f3wnaniu z ubieg\u0142ym rokiem? <\/p>\n<p> Kto znalaz\u0142 szcz\u0119\u015bcie w 12. edycji programu? <\/p>\n<p> Jakie by\u0142y wyniki ogl\u0105dalno\u015bci 12. edycji programu? <\/p>\n<p> Czy b\u0119d\u0105 kolejne edycje programu 'Rolnik szuka \u017cony&#8217;? <\/p>\n<p>     Czarne chmury nad programem &#8222;Rolnik szuka \u017cony&#8221;<\/p>\n<p class=\"ods-c-paragraph \">Gdy w 2014 r. program &#8222;Rolnik szuka \u017cony&#8221; zadebiutowa\u0142 na antenie Telewizji Polskiej, widzowie niemal\u017ce od razu zachwycili si\u0119 nowym, nieznanym formatem. Przez ostatnie 10 lat wyniki ogl\u0105dalno\u015bci bi\u0142y rekordy, a produkcja cieszy\u0142a si\u0119 gigantyczn\u0105 popularno\u015bci\u0105. Randkowy show nadal pozostaje jednym z najch\u0119tniej ogl\u0105danych tego typu program\u00f3w, a ogl\u0105dalno\u015b\u0107 ka\u017cdego kolejnego odcinka wci\u0105\u017c liczona jest w milionach.<\/p>\n<p class=\"ods-c-paragraph \">Mimo tego okazuje si\u0119, \u017ce wyniki wcale nie s\u0105 optymistyczne, a 12. edycja hitu &#8222;Rolnik szuka \u017cony&#8221; odnotowa\u0142a znaczne straty. Wed\u0142ug danych przekazanych &#8222;Wirtualnym mediom&#8221; przez Nielsen Audience Measurement, tej jesieni program obejrza\u0142o 1,8 mln widz\u00f3w, podczas gdy rok temu przyci\u0105gn\u0105\u0142 przed ekrany 1,87 mln ludzi. Oznacza to, \u017ce spadek w ogl\u0105dalno\u015bci wynosi a\u017c 70 tys.<\/p>\n<p><img decoding=\"async\" src=\"https:\/\/www.europesays.com\/pl\/wp-content\/uploads\/2025\/12\/ob5k9lBaHR0cHM6Ly9vY2RuLmV1L3B1bHNjbXMvTURBXy8yZGM5MmRmNmFmNTQ4OTQ0MDllZTAyNzJmMTcyM2M1MS5qcGeRlQLNB.jpeg\" height=\"705\" width=\"940\" alt=\"Marta Manowska i bohaterowie 12. edycji programu &quot;Rolnik szuka \u017cony&quot;\" loading=\"lazy\" class=\"ods-c-image__img ods-c-image__img--viewport-width\"\/><\/p>\n<p>Marta Manowska i bohaterowie 12. edycji programu &#8222;Rolnik szuka \u017cony&#8221;Piotr Matey \/ TVP<\/p>\n<p> <img decoding=\"async\" src=\"https:\/\/www.europesays.com\/pl\/wp-content\/uploads\/2025\/12\/ohCk9lBaHR0cHM6Ly9vY2RuLmV1L3B1bHNjbXMvTURBXy9lY2U1NTJlODQ2ZTZmY2Y0ODE5M2QxMTM2YTNlNTQ4Mi5qcGeRlQLNB.jpeg\" height=\"627\" width=\"940\" alt=\"Gabriel, Krzysztof, Barbara, Arkadiusz, Roland z 12. edycji &quot;Rolnik szuka \u017cony&quot;\" loading=\"lazy\" class=\"ods-c-image__img ods-c-image__img--viewport-width\"\/><\/p>\n<p>Gabriel, Krzysztof, Barbara, Arkadiusz, Roland z 12. edycji &#8222;Rolnik szuka \u017cony&#8221;Jacek Kurnikowski \/ AKPA<\/p>\n<p> <img decoding=\"async\" src=\"https:\/\/www.europesays.com\/pl\/wp-content\/uploads\/2025\/12\/pu7k9lBaHR0cHM6Ly9vY2RuLmV1L3B1bHNjbXMvTURBXy83ODJiNDBkMjM5YTc3YjI0ZDkzMjJhYjRkOTJhNThjNS5wbmeRlQLNB.jpeg\" height=\"523\" width=\"940\" alt=\"Kadr z programu &quot;Rolnik szuka \u017cony&quot;\" loading=\"lazy\" class=\"ods-c-image__img ods-c-image__img--viewport-width\"\/><\/p>\n<p>Kadr z programu &#8222;Rolnik szuka \u017cony&#8221;Rolnik szuka \u017cony TVP \/ TVP<\/p>\n<p class=\"ods-c-paragraph \">Najch\u0119tniej ogl\u0105danym odcinkiem 12. edycji programu &#8222;Rolnik szuka \u017cony&#8221; by\u0142 ten, podczas kt\u00f3rego uczestnicy udali si\u0119 na rewizyty do swoich wybrank\u00f3w. <\/p>\n<p class=\"ods-c-paragraph \">Pomimo niepokoj\u0105cych wynik\u00f3w, fani produkcji nie maj\u0105 si\u0119 czego obawia\u0107. W fina\u0142owym odcinku 12. edycji programu &#8222;Rolnik szuka \u017cony&#8221; Marta Manowska zach\u0119ci\u0142a potencjalnych uczestnik\u00f3w do wysy\u0142ania zg\u0142osze\u0144 i zaprosi\u0142a na kolejny sezon randkowego show.<\/p>\n<p class=\"ods-c-paragraph \">Dwie ostatnie edycje programu &#8222;Rolnik szuka \u017cony&#8221; to jedyne, kt\u00f3rych \u015brednia ogl\u0105dalno\u015b\u0107 zosta\u0142a oszacowana na mniej ni\u017c 2 mln. Ka\u017cd\u0105 poprzedni\u0105 seri\u0119 hitu zobaczy\u0142o od 2,5 mln do 4,5 mln widz\u00f3w.<\/p>\n<p class=\"ods-c-paragraph \">Dzi\u0119kujemy, \u017ce przeczyta\u0142a\u015b\/e\u015b nasz artyku\u0142 do ko\u0144ca. W serwisie Plejada.pl ka\u017cdego dnia piszemy o najwa\u017cniejszych wydarzeniach show-biznesowych. B\u0105d\u017a na bie\u017c\u0105co! <a rel=\"nofollow noopener\" href=\"https:\/\/profile.google.com\/cp\/Cg0vZy8xMWJ6X19wdHBx\" id=\"7e7a7620-2aaa-4ceb-bb4b-e2b865be9299\" target=\"_blank\">Obserwuj<\/a> Plejad\u0119 w Google. Odwied\u017a nas tak\u017ce na <a rel=\"nofollow noopener\" href=\"https:\/\/www.facebook.com\/plejadapl\" id=\"65df7ceb-526d-4bf9-8674-9f009417ebd3\" target=\"_blank\">Facebooku<\/a>, <a rel=\"nofollow noopener\" href=\"https:\/\/www.instagram.com\/plejadapl\/\" id=\"6284345a-87ae-482f-8389-6a391254edf0\" target=\"_blank\">Instagramie<\/a>, <a rel=\"nofollow noopener\" href=\"https:\/\/www.youtube.com\/c\/plejada\" id=\"5495aaf0-6f42-4444-a1e8-f5a48cbdd90d\" target=\"_blank\">YouTubie<\/a> oraz <a rel=\"nofollow noopener\" href=\"https:\/\/www.tiktok.com\/@plejada_pl\" id=\"72e23893-1d29-450b-aea0-cf9fdf3cd804\" target=\"_blank\">TikToku<\/a>.<\/p>\n<p class=\"ods-c-paragraph \">Chcesz podzieli\u0107 si\u0119 ciekawym newsem lub zaproponowa\u0107 temat? Skontaktuj si\u0119 z nami, pisz\u0105c maila na adres: <a rel=\"nofollow noopener\" href=\"https:\/\/plejada.pl\/newsy\/rolnik-szuka-zony-traci-widzow-co-z-kolejnym-sezonem-programu\/mailto:plejada@redakcjaonet.pl\" id=\"7f087a8a-b689-4104-80fa-fcdf34adaf4a\" target=\"_blank\">plejada@redakcjaon<\/a><a href=\"https:\/\/et.pl\" id=\"93af454f-eb2a-4644-bcc3-2b4fec926040\" rel=\"nofollow noopener\" target=\"_blank\">et.pl<\/a>.<\/p>\n<p><script async src=\"\/\/www.instagram.com\/embed.js\"><\/script><script async src=\"\/\/www.tiktok.com\/embed.js\"><\/script><\/p>\n","protected":false},"excerpt":{"rendered":"Za nami ju\u017c 12. edycja programu &#8222;Rolnik szuka \u017cony&#8221; \u2014 na pocz\u0105tku grudnia fani randkowego show dowiedzieli si\u0119,&hellip;\n","protected":false},"author":2,"featured_media":145422,"comment_status":"","ping_status":"","sticky":false,"template":"","format":"standard","meta":{"footnotes":""},"categories":[22],"tags":[122,48,125,46,42,38,40,39,41,25865,10296,123,47],"class_list":{"0":"post-145421","1":"post","2":"type-post","3":"status-publish","4":"format-standard","5":"has-post-thumbnail","7":"category-rozrywka","8":"tag-entertainment","9":"tag-nat_styl","10":"tag-newsy","11":"tag-omp","12":"tag-pl","13":"tag-poland","14":"tag-polish","15":"tag-polska","16":"tag-polski","17":"tag-rebrand_ai_tst0","18":"tag-rolnik_szuka_zony","19":"tag-rozrywka","20":"tag-screening_general"},"share_on_mastodon":{"url":"https:\/\/pubeurope.com\/@pl\/115702361627916715","error":""},"_links":{"self":[{"href":"https:\/\/www.europesays.com\/pl\/wp-json\/wp\/v2\/posts\/145421","targetHints":{"allow":["GET"]}}],"collection":[{"href":"https:\/\/www.europesays.com\/pl\/wp-json\/wp\/v2\/posts"}],"about":[{"href":"https:\/\/www.europesays.com\/pl\/wp-json\/wp\/v2\/types\/post"}],"author":[{"embeddable":true,"href":"https:\/\/www.europesays.com\/pl\/wp-json\/wp\/v2\/users\/2"}],"replies":[{"embeddable":true,"href":"https:\/\/www.europesays.com\/pl\/wp-json\/wp\/v2\/comments?post=145421"}],"version-history":[{"count":0,"href":"https:\/\/www.europesays.com\/pl\/wp-json\/wp\/v2\/posts\/145421\/revisions"}],"wp:featuredmedia":[{"embeddable":true,"href":"https:\/\/www.europesays.com\/pl\/wp-json\/wp\/v2\/media\/145422"}],"wp:attachment":[{"href":"https:\/\/www.europesays.com\/pl\/wp-json\/wp\/v2\/media?parent=145421"}],"wp:term":[{"taxonomy":"category","embeddable":true,"href":"https:\/\/www.europesays.com\/pl\/wp-json\/wp\/v2\/categories?post=145421"},{"taxonomy":"post_tag","embeddable":true,"href":"https:\/\/www.europesays.com\/pl\/wp-json\/wp\/v2\/tags?post=145421"}],"curies":[{"name":"wp","href":"https:\/\/api.w.org\/{rel}","templated":true}]}}