{"id":145480,"date":"2025-12-11T19:02:14","date_gmt":"2025-12-11T19:02:14","guid":{"rendered":"https:\/\/www.europesays.com\/pl\/145480\/"},"modified":"2025-12-11T19:02:14","modified_gmt":"2025-12-11T19:02:14","slug":"syn-europoslanki-ko-zostal-potracony-kierowca-uciekl-z-miejsca-wypadku","status":"publish","type":"post","link":"https:\/\/www.europesays.com\/pl\/145480\/","title":{"rendered":"Syn europos\u0142anki KO zosta\u0142 potr\u0105cony. Kierowca uciek\u0142 z miejsca wypadku"},"content":{"rendered":"<p class=\"ods-c-paragraph \">Do gro\u017anego zdarzenia dosz\u0142o w \u015brod\u0119 blisko domu samorz\u0105dowca, na al. Sp\u00f3\u0142dzielczo\u015bci Pracy w Lublinie. Policja ustali\u0142a, \u017ce na skrzy\u017cowaniu z ul. Zwi\u0105zkow\u0105 samoch\u00f3d osobowy wjecha\u0142 w syna Marty Wcis\u0142o, Konrada.<\/p>\n<p>Dalszy ci\u0105g artyku\u0142u pod materia\u0142em wideo<\/p>\n<p> Kiedy dosz\u0142o do potr\u0105cenia? <\/p>\n<p> Gdzie mia\u0142o miejsce zdarzenie? <\/p>\n<p> Kto by\u0142 sprawc\u0105 potr\u0105cenia? <\/p>\n<p> Jakie obra\u017cenia odni\u00f3s\u0142 poszkodowany? <\/p>\n<p class=\"ods-c-paragraph \">Miejski radny mia\u0142 w tym czasie by\u0107 w drodze do sklepu. Po potr\u0105ceniu kierowca nie udzieli\u0142 mu pomocy i uciek\u0142 z miejsca wypadku. Onet nieoficjalnie ustali\u0142, \u017ce za kierownic\u0105 siedzia\u0142 pracownik jednej z popularnych aplikacji przewozowych.<\/p>\n<p class=\"ods-c-paragraph \">Policja szybko ustali\u0142a dane kierowcy i zatrzyma\u0142a 21-letniego mieszka\u0144ca Lublina, kt\u00f3ry mia\u0142 prowadzi\u0107 samoch\u00f3d. By\u0142 trze\u017awy. W czwartek b\u0119d\u0105 prowadzone z nim czynno\u015bci.<\/p>\n<p class=\"ods-c-paragraph \">Poszkodowany zosta\u0142 przetransportowany do szpitala i by\u0142 przytomny, dozna\u0142 jednak obra\u017ce\u0144 cia\u0142a. Wed\u0142ug naszych ustale\u0144 urazy odniesione przez radnego nie s\u0105 powa\u017cne. Policja prowadzi czynno\u015bci, kt\u00f3re maj\u0105 na celu ustalenie i zatrzymanie sprawcy. Zabezpieczono m.in. nagrania z kamer monitoringu.<\/p>\n","protected":false},"excerpt":{"rendered":"Do gro\u017anego zdarzenia dosz\u0142o w \u015brod\u0119 blisko domu samorz\u0105dowca, na al. Sp\u00f3\u0142dzielczo\u015bci Pracy w Lublinie. Policja ustali\u0142a, \u017ce&hellip;\n","protected":false},"author":2,"featured_media":145481,"comment_status":"","ping_status":"","sticky":false,"template":"","format":"standard","meta":{"footnotes":""},"categories":[12],"tags":[9100,32,33,36,37,27,7210,34,35,1081,12140,28,31,48,25,46,42,38,414,40,39,41,1627,47,29,30,18429,26],"class_list":{"0":"post-145480","1":"post","2":"type-post","3":"status-publish","4":"format-standard","5":"has-post-thumbnail","7":"category-polska","8":"tag-bolt","9":"tag-breaking-news","10":"tag-breakingnews","11":"tag-featured-news","12":"tag-featurednews","13":"tag-headlines","14":"tag-koalicja_obywatelska","15":"tag-latest-news","16":"tag-latestnews","17":"tag-lublin","18":"tag-marta_wcislo","19":"tag-naglowki","20":"tag-najwazniejsze-artykuly","21":"tag-nat_styl","22":"tag-news","23":"tag-omp","24":"tag-pl","25":"tag-poland","26":"tag-policja","27":"tag-polish","28":"tag-polska","29":"tag-polski","30":"tag-prokuratura","31":"tag-screening_general","32":"tag-top-stories","33":"tag-topstories","34":"tag-uber","35":"tag-wiadomosci"},"share_on_mastodon":{"url":"https:\/\/pubeurope.com\/@pl\/115702487197228216","error":""},"_links":{"self":[{"href":"https:\/\/www.europesays.com\/pl\/wp-json\/wp\/v2\/posts\/145480","targetHints":{"allow":["GET"]}}],"collection":[{"href":"https:\/\/www.europesays.com\/pl\/wp-json\/wp\/v2\/posts"}],"about":[{"href":"https:\/\/www.europesays.com\/pl\/wp-json\/wp\/v2\/types\/post"}],"author":[{"embeddable":true,"href":"https:\/\/www.europesays.com\/pl\/wp-json\/wp\/v2\/users\/2"}],"replies":[{"embeddable":true,"href":"https:\/\/www.europesays.com\/pl\/wp-json\/wp\/v2\/comments?post=145480"}],"version-history":[{"count":0,"href":"https:\/\/www.europesays.com\/pl\/wp-json\/wp\/v2\/posts\/145480\/revisions"}],"wp:featuredmedia":[{"embeddable":true,"href":"https:\/\/www.europesays.com\/pl\/wp-json\/wp\/v2\/media\/145481"}],"wp:attachment":[{"href":"https:\/\/www.europesays.com\/pl\/wp-json\/wp\/v2\/media?parent=145480"}],"wp:term":[{"taxonomy":"category","embeddable":true,"href":"https:\/\/www.europesays.com\/pl\/wp-json\/wp\/v2\/categories?post=145480"},{"taxonomy":"post_tag","embeddable":true,"href":"https:\/\/www.europesays.com\/pl\/wp-json\/wp\/v2\/tags?post=145480"}],"curies":[{"name":"wp","href":"https:\/\/api.w.org\/{rel}","templated":true}]}}