{"id":145525,"date":"2025-12-11T19:29:09","date_gmt":"2025-12-11T19:29:09","guid":{"rendered":"https:\/\/www.europesays.com\/pl\/145525\/"},"modified":"2025-12-11T19:29:09","modified_gmt":"2025-12-11T19:29:09","slug":"zelenski-reaguje-na-propozycje-usa-w-sprawie-donbasu-ma-pytania","status":"publish","type":"post","link":"https:\/\/www.europesays.com\/pl\/145525\/","title":{"rendered":"Ze\u0142enski reaguje na propozycj\u0119 USA w sprawie Donbasu. Ma pytania"},"content":{"rendered":"<p class=\"ods-c-paragraph \">Wed\u0142ug prezydenta Ukrainy, stanowisko USA zak\u0142ada wycofanie ukrai\u0144skich si\u0142 zbrojnych z Donbasu przy jednoczesnym niewchodzeniu wojsk rosyjskich na ten teren. <a href=\"https:\/\/wiadomosci.onet.pl\/swiat\/wolodymyr-zelenski-o-nowych-propozycjach-usa-przekazal-szczegoly\/3qxddzp\" id=\"bd911b4f-8d45-4095-93e5-b80257030410\" rel=\"nofollow noopener\" target=\"_blank\">Na zdemilitaryzowanym obszarze mia\u0142aby powsta\u0107 wolna strefa ekonomiczna<\/a>.<\/p>\n<p class=\"ods-c-paragraph \">Prezydent zaznaczy\u0142, \u017ce ta koncepcja budzi wiele pyta\u0144. Nie wiadomo, jak mia\u0142yby wygl\u0105da\u0107 mechanizmy kontrolne oraz kto monitorowa\u0142by stref\u0119. Ze\u0142enski poruszy\u0142 tak\u017ce kwesti\u0119 zagro\u017cenia infiltracj\u0105 ze strony tzw. zielonych ludzik\u00f3w \u2014 podaje RBK-Ukraina.<\/p>\n<p>Dalszy ci\u0105g artyku\u0142u pod materia\u0142em wideo<\/p>\n<p> Co s\u0105dzi Ze\u0142enski o propozycji USA dotycz\u0105cej Donbasu? <\/p>\n<p> Jakie pytania budzi koncepcja wycofania wojsk? <\/p>\n<p> Jak nar\u00f3d ukrai\u0144ski ma odpowiedzie\u0107 na propozycj\u0119? <\/p>\n<p> Jakie miasta kontroluje Ukraina w Donbasie? <\/p>\n<p>  Wo\u0142odymyr Ze\u0142enski o propozycji USA w sprawie Donbasu   <\/p>\n<p class=\"ods-c-paragraph \">Odnosz\u0105c si\u0119 do ameryka\u0144skiej propozycji, prezydent podkre\u015bli\u0142, \u017ce kluczowe znaczenie w kwestii Donbasu ma opinia samych obywateli kraju. \u2014 Wierz\u0119, \u017ce nar\u00f3d ukrai\u0144ski odpowie na to pytanie. Albo poprzez wybory, albo referendum, ale musi by\u0107 stanowisko narodu ukrai\u0144skiego \u2014 zaznaczy\u0142 prezydent.<\/p>\n<p class=\"ods-c-paragraph \">\u2014 Nasze stanowisko jest takie: sprawiedliwie jest sta\u0107 tam, gdzie stoimy, czyli na linii frontu \u2014 m\u00f3wi\u0142 Ze\u0142enski dziennikarzom. Zaznaczy\u0142, \u017ce proponowane rozwi\u0105zanie nie le\u017cy w interesie Ukrainy, kt\u00f3ra <a href=\"https:\/\/www.onet.pl\/informacje\/belsatpl\/ft-ujawnia-szczegoly-planu-trumpa-co-z-wojskami-w-donbasie\/ffgv8yg,0666d3f1\" id=\"b6b77182-d183-4096-93bf-b64eb23e312f\" rel=\"nofollow noopener\" target=\"_blank\">kontroluje cz\u0119\u015b\u0107 Donbasu<\/a>, w tym du\u017ce miasta Kramatorsk i S\u0142owia\u0144sk. Wed\u0142ug prezydenta wiele ma zale\u017ce\u0107 od armii. \u2014 Co mog\u0105 utrzyma\u0107 wojska ukrai\u0144skie, jak mog\u0105 si\u0119 broni\u0107, gdzie mog\u0105 zniszczy\u0107 okupanta. To wp\u0142ywa na ca\u0142\u0105 sytuacj\u0119 dyplomatyczn\u0105 \u2014 podsumowa\u0142 Ze\u0142enski w RBK-Ukraina.<\/p>\n","protected":false},"excerpt":{"rendered":"Wed\u0142ug prezydenta Ukrainy, stanowisko USA zak\u0142ada wycofanie ukrai\u0144skich si\u0142 zbrojnych z Donbasu przy jednoczesnym niewchodzeniu wojsk rosyjskich na&hellip;\n","protected":false},"author":2,"featured_media":145526,"comment_status":"","ping_status":"","sticky":false,"template":"","format":"standard","meta":{"footnotes":""},"categories":[14],"tags":[32,33,27,34,35,28,31,48,25,1702,46,40,41,87,47,80,29,30,415,26,309,82,83,84],"class_list":{"0":"post-145525","1":"post","2":"type-post","3":"status-publish","4":"format-standard","5":"has-post-thumbnail","7":"category-swiat","8":"tag-breaking-news","9":"tag-breakingnews","10":"tag-headlines","11":"tag-latest-news","12":"tag-latestnews","13":"tag-naglowki","14":"tag-najwazniejsze-artykuly","15":"tag-nat_styl","16":"tag-news","17":"tag-obwod_doniecki","18":"tag-omp","19":"tag-polish","20":"tag-polski","21":"tag-rosja","22":"tag-screening_general","23":"tag-swiat","24":"tag-top-stories","25":"tag-topstories","26":"tag-ukraina","27":"tag-wiadomosci","28":"tag-wolodymyr_zelenski","29":"tag-world","30":"tag-world-news","31":"tag-worldnews"},"share_on_mastodon":{"url":"https:\/\/pubeurope.com\/@pl\/115702593380198753","error":""},"_links":{"self":[{"href":"https:\/\/www.europesays.com\/pl\/wp-json\/wp\/v2\/posts\/145525","targetHints":{"allow":["GET"]}}],"collection":[{"href":"https:\/\/www.europesays.com\/pl\/wp-json\/wp\/v2\/posts"}],"about":[{"href":"https:\/\/www.europesays.com\/pl\/wp-json\/wp\/v2\/types\/post"}],"author":[{"embeddable":true,"href":"https:\/\/www.europesays.com\/pl\/wp-json\/wp\/v2\/users\/2"}],"replies":[{"embeddable":true,"href":"https:\/\/www.europesays.com\/pl\/wp-json\/wp\/v2\/comments?post=145525"}],"version-history":[{"count":0,"href":"https:\/\/www.europesays.com\/pl\/wp-json\/wp\/v2\/posts\/145525\/revisions"}],"wp:featuredmedia":[{"embeddable":true,"href":"https:\/\/www.europesays.com\/pl\/wp-json\/wp\/v2\/media\/145526"}],"wp:attachment":[{"href":"https:\/\/www.europesays.com\/pl\/wp-json\/wp\/v2\/media?parent=145525"}],"wp:term":[{"taxonomy":"category","embeddable":true,"href":"https:\/\/www.europesays.com\/pl\/wp-json\/wp\/v2\/categories?post=145525"},{"taxonomy":"post_tag","embeddable":true,"href":"https:\/\/www.europesays.com\/pl\/wp-json\/wp\/v2\/tags?post=145525"}],"curies":[{"name":"wp","href":"https:\/\/api.w.org\/{rel}","templated":true}]}}