{"id":145549,"date":"2025-12-11T19:43:09","date_gmt":"2025-12-11T19:43:09","guid":{"rendered":"https:\/\/www.europesays.com\/pl\/145549\/"},"modified":"2025-12-11T19:43:09","modified_gmt":"2025-12-11T19:43:09","slug":"zelenski-reaguje-na-propozycje-usa-w-sprawie-donbasu-to-wplywa-na-cala-sytuacje-dyplomatyczna-onet-pl","status":"publish","type":"post","link":"https:\/\/www.europesays.com\/pl\/145549\/","title":{"rendered":"Ze\u0142enski reaguje na propozycj\u0119 USA w sprawie Donbasu. &quot;To wp\u0142ywa na ca\u0142\u0105 sytuacj\u0119 dyplomatyczn\u0105&quot; &#8211; onet.pl"},"content":{"rendered":"<ol>\n<li><a href=\"https:\/\/news.google.com\/rss\/articles\/CBMixAFBVV95cUxOemZxa0xaRkhvVGVhYTlNZGVNclFqdGtxZ1ZxNEl0VWNqUURORFB6Ym5MREhXNElIaGMxc25vejQ4V19MRXhpOGNBVlJHcGRoNXZDdlZnUlUxdWd6UEE4Qk1ZZ0NzQkF1VmlUUXh3UTJPcU1SNU9NR0MwN21fODk5RGxzVzRtdVZ4Z2lMWUt3VDNJTDBpZlZoVnJSMVBfT0RSY1J1TnQ3MXNja3gwQWhfNXdsUU9GdGZkejE4cy1adU9EWUJf?oc=5\" target=\"_blank\" rel=\"nofollow noopener\">Ze\u0142enski reaguje na propozycj\u0119 USA w sprawie Donbasu. &#8222;To wp\u0142ywa na ca\u0142\u0105 sytuacj\u0119 dyplomatyczn\u0105&#8221;<\/a>&nbsp;&nbsp;onet.pl<\/li>\n<li><a href=\"https:\/\/news.google.com\/rss\/articles\/CBMirgFBVV95cUxPcnduR0FjNjVHb1hkT0FnVFNmVnFkdml0a2hqN0VORkZEVzdCRS1LYjZHRnVPNHZBM0hQTEM4R3NYMnVzUzh6eUdSWEU4LVRQNDJUNllDOExuLVUzNXNqVHFneWEwQnpqZ2xKbHE2R1E1MGN6eTFxU0ZFSHFXNTBFR3JkeXFlb0FvSk9mc2x4QWhDTUxoM3pwaGZNVTkyWGNaVDdma2tQSWhnenZlWFE?oc=5\" target=\"_blank\" rel=\"nofollow noopener\">Doradca Ze\u0142enskiego o negocjacjach pokojowych. Wspomnia\u0142 te\u017c o Polsce<\/a>&nbsp;&nbsp;Onet Wiadomo\u015bci<\/li>\n<li><a href=\"https:\/\/news.google.com\/rss\/articles\/CBMikwFBVV95cUxPNlE1azNsRG03alJjdU1HYTZ4amlJc2VQaXdlY2hoMkg1QlVOOGNIdjItaGxJc09Zc1lubVRXXzN3YmMzUFc0aG1uTWhPQU5qbWNrRkNLUldZYmI1VXFIV3ItT09NZFNWbi1fdmFNTV9HVXE0R1hZVExtbzdRWHlMWTNPU0U0YUVXQ09xTDlDYUROYjA?oc=5\" target=\"_blank\" rel=\"nofollow noopener\">Ze\u0142enski wskazuje warunki. &#8222;Rosja si\u0119 nie zgodzi&#8221;<\/a>&nbsp;&nbsp;WP Wiadomo\u015bci<\/li>\n<li><a href=\"https:\/\/news.google.com\/rss\/articles\/CBMidkFVX3lxTFA0S0o0b3BBT0hlNFI1S0hkNW1LQ2M1TUI2SS1jOFBYZ2NtTGwzdkRicmRoRDdTdXlqRWtlempCSHdoSUhQdXQzb1ZpSmNTUjlHaVZDY2tESzdoYzNVTzRFV1E2SmV3bV9uS2sweDRub0RpR0RUUlE?oc=5\" target=\"_blank\" rel=\"nofollow noopener\">Europa z\u0142o\u017cy\u0142a Trumpowi propozycj\u0119<\/a>&nbsp;&nbsp;TVN24<\/li>\n<li><a href=\"https:\/\/news.google.com\/rss\/articles\/CBMikwFBVV95cUxOYjl4RXlwTnpSRjVHZklvVnhXc2k2NEJERHpCZUl2QVoyOEVXUl8yR193enJ3SndYZnJuWnZfZExWbWJFTEJRSV8yemNJR3Z6N0tQZ0VCV29sRnY4TjhfZFVWNHlIc3RBb05GZ0U4N2RteDFuaF9vQ2N2eUdsTUlrRUxnVlNLMzByOWo3NThmRWlBMnc?oc=5\" target=\"_blank\" rel=\"nofollow noopener\">Nowy plan pokojowy trafi\u0142 do USA. Kij\u00f3w proponuje referendum<\/a>&nbsp;&nbsp;PolsatNews.pl<\/li>\n<\/ol>\n","protected":false},"excerpt":{"rendered":"Ze\u0142enski reaguje na propozycj\u0119 USA w sprawie Donbasu. &#8222;To wp\u0142ywa na ca\u0142\u0105 sytuacj\u0119 dyplomatyczn\u0105&#8221;&nbsp;&nbsp;onet.pl Doradca Ze\u0142enskiego o negocjacjach&hellip;\n","protected":false},"author":2,"featured_media":145550,"comment_status":"","ping_status":"","sticky":false,"template":"","format":"standard","meta":{"footnotes":""},"categories":[14],"tags":[32,33,27,67,34,35,28,31,53,25,1702,52,68,51,55,40,41,62,47,80,29,30,390,65,50,26,309,82,83,84],"class_list":{"0":"post-145549","1":"post","2":"type-post","3":"status-publish","4":"format-standard","5":"has-post-thumbnail","7":"category-swiat","8":"tag-breaking-news","9":"tag-breakingnews","10":"tag-headlines","11":"tag-intextvideo_splayer","12":"tag-latest-news","13":"tag-latestnews","14":"tag-naglowki","15":"tag-najwazniejsze-artykuly","16":"tag-new_header","17":"tag-news","18":"tag-obwod_doniecki","19":"tag-onet3","20":"tag-onet3d","21":"tag-onet3d_2i","22":"tag-phx","23":"tag-polish","24":"tag-polski","25":"tag-rosja_kraj_rosjanin_rosjanie_rosjanka_rosjanki","26":"tag-screening_general","27":"tag-swiat","28":"tag-top-stories","29":"tag-topstories","30":"tag-ukraina_ukrainiec_ukrainka_ukraincy_ukrainki","31":"tag-update_me","32":"tag-v2021","33":"tag-wiadomosci","34":"tag-wolodymyr_zelenski","35":"tag-world","36":"tag-world-news","37":"tag-worldnews"},"share_on_mastodon":{"url":"","error":"Validation failed: Text character limit of 500 exceeded"},"_links":{"self":[{"href":"https:\/\/www.europesays.com\/pl\/wp-json\/wp\/v2\/posts\/145549","targetHints":{"allow":["GET"]}}],"collection":[{"href":"https:\/\/www.europesays.com\/pl\/wp-json\/wp\/v2\/posts"}],"about":[{"href":"https:\/\/www.europesays.com\/pl\/wp-json\/wp\/v2\/types\/post"}],"author":[{"embeddable":true,"href":"https:\/\/www.europesays.com\/pl\/wp-json\/wp\/v2\/users\/2"}],"replies":[{"embeddable":true,"href":"https:\/\/www.europesays.com\/pl\/wp-json\/wp\/v2\/comments?post=145549"}],"version-history":[{"count":0,"href":"https:\/\/www.europesays.com\/pl\/wp-json\/wp\/v2\/posts\/145549\/revisions"}],"wp:featuredmedia":[{"embeddable":true,"href":"https:\/\/www.europesays.com\/pl\/wp-json\/wp\/v2\/media\/145550"}],"wp:attachment":[{"href":"https:\/\/www.europesays.com\/pl\/wp-json\/wp\/v2\/media?parent=145549"}],"wp:term":[{"taxonomy":"category","embeddable":true,"href":"https:\/\/www.europesays.com\/pl\/wp-json\/wp\/v2\/categories?post=145549"},{"taxonomy":"post_tag","embeddable":true,"href":"https:\/\/www.europesays.com\/pl\/wp-json\/wp\/v2\/tags?post=145549"}],"curies":[{"name":"wp","href":"https:\/\/api.w.org\/{rel}","templated":true}]}}