{"id":145559,"date":"2025-12-11T19:52:18","date_gmt":"2025-12-11T19:52:18","guid":{"rendered":"https:\/\/www.europesays.com\/pl\/145559\/"},"modified":"2025-12-11T19:52:18","modified_gmt":"2025-12-11T19:52:18","slug":"atak-nozownika-w-myslenicach-napastnik-nie-zyje-onet-pl","status":"publish","type":"post","link":"https:\/\/www.europesays.com\/pl\/145559\/","title":{"rendered":"Atak no\u017cownika w My\u015blenicach. Napastnik nie \u017cyje &#8211; onet.pl"},"content":{"rendered":"<ol>\n<li><a href=\"https:\/\/news.google.com\/rss\/articles\/CBMiqgFBVV95cUxNSTk1dk8xM1lBYzJhSTY1N25wb3pjQ2RhdkdLTTI3NVRFWDlFbm1lbzFTX3NBalFWbnZuRjh2RjRrdnRDVzNUT0dacko4VFFKMEd0enY0LXF1WU1OeGZFWDAzRkZRcjBzeG9rTWxkZlVmbV9VVGhIa2ZieS1NejNEZ1gtYnZPTGJvRWVzazNVMXJXaFE3Zm9wYlhTVVgzclRzNlMwR3Y4R2IxZw?oc=5\" target=\"_blank\" rel=\"nofollow noopener\">Atak no\u017cownika w My\u015blenicach. Napastnik nie \u017cyje<\/a>&nbsp;&nbsp;onet.pl<\/li>\n<li><a href=\"https:\/\/news.google.com\/rss\/articles\/CBMiugFBVV95cUxNeDFnUkw2OHROa0h1YWRsdHJuUkNUcFhROG9vUHQxWk9NTHRjSHZWcUZFckZuUkFwODdYUmIxdHl6c2xyMEY1eWFHdVM3WElTVDltZl8xYk5DNEt2WVg2Y1Q5YU9RX0s2aGVuSXJ5Y3p5UzlLbHEzV0hFR01pSUxrNU53RGdOSzM5RjJnUElHWkQ2bUlRaFRkYXBDemJFS0VuLUNudHdGZk9QczBPdnA3aDN0QTJoeENMNWc?oc=5\" target=\"_blank\" rel=\"nofollow noopener\">Zaatakowa\u0142 pracownik\u00f3w firmy. Zgin\u0105\u0142 od strza\u0142\u00f3w z policyjnej broni. Nowe informacje<\/a>&nbsp;&nbsp;TVN24<\/li>\n<li><a href=\"https:\/\/news.google.com\/rss\/articles\/CBMiugFBVV95cUxQVzFFNnNCdHJTLU9ncjRRR295VnR6Ql8xQWFPQWpsbkVFU3RoNHFBcnlKZ09OTENKamJvUkx0cDNqeFB4aTk5OFI0Qk1BbUVUbGg1ZVIzRnNCSDBROV9hRWliZHdVaEhJQTlmaFJvRWFja2dQMFpDd3VndFlwTmhhdXNRSUxyNDJsSmIzc2ZDX3dkb0NaSG9iZ1M3Q05oMHdmZVZ6TlB0UlNaRjU1NGJpV3lhclBKUkJhNWc?oc=5\" target=\"_blank\" rel=\"nofollow noopener\">Policjant odda\u0142 \u015bmiertelny strza\u0142 po ataku no\u017cownika. \u015aledczy maj\u0105 nagranie<\/a>&nbsp;&nbsp;Onet Wiadomo\u015bci<\/li>\n<li><a href=\"https:\/\/news.google.com\/rss\/articles\/CBMiuwFBVV95cUxOdzNuV2c1a2E4ZnVPNC1QSFpYYU5XOHp2N1J1d2x1NG9yM1FxSzZzbHNrSTlHYllOWDk0Y1VsekNrVUdITUxkUmJaOWJFSDZXaEtIN0FkOGJzSF9ZTzc2NE1xdFBob2JENy1EMW9KZW5ycUVja2swMG0yaXZ1dnZNVU1YQ0dDRllad3Z5NVJyWGlUQXZSdXlXTm1jdmVlNXdyWHlITkdmSTJJdkhQT2FwS0dnOHFMbl93NERB?oc=5\" target=\"_blank\" rel=\"nofollow noopener\">Tragedia w My\u015blenicach. Najpierw zaatakowa\u0142 kijem bejsbolowym, potem d\u017aga\u0142 no\u017cem<\/a>&nbsp;&nbsp;Fakt<\/li>\n<li><a href=\"https:\/\/news.google.com\/rss\/articles\/CBMiuwFBVV95cUxPTXRqSjNETTh3YXNHYzM3R1VCeFVPejNueFRpS3RYaTd5QTM5TFlJN28wVFpadlRzb0RwZy1uVmlzWXRhbkd2MG5YbmluVFAxUU1ONGJPRWlZQ2Y0OWJsS2YtYjFTUS1sdHJldlJsNzRhTG1jZ1NieGtwZE5Wc1F3b2FCdU42Qkg3NXdEbHpPRm1OWjJNU1owUjY3Zk9aUzBOR3RhZWZ5eXJlUnFkeVNmUEVEd3ZLdWxzamtN?oc=5\" target=\"_blank\" rel=\"nofollow noopener\">Briefieng prasowy w sprawie wczorajszych wydarze\u0144 do jakich dosz\u0142o na terenie My\u015blenic<\/a>&nbsp;&nbsp;Gov.pl<\/li>\n<\/ol>\n","protected":false},"excerpt":{"rendered":"Atak no\u017cownika w My\u015blenicach. Napastnik nie \u017cyje&nbsp;&nbsp;onet.pl Zaatakowa\u0142 pracownik\u00f3w firmy. Zgin\u0105\u0142 od strza\u0142\u00f3w z policyjnej broni. Nowe informacje&nbsp;&nbsp;TVN24&hellip;\n","protected":false},"author":2,"featured_media":27058,"comment_status":"","ping_status":"","sticky":false,"template":"","format":"standard","meta":{"footnotes":"","_share_on_mastodon":"0"},"categories":[5],"tags":[7985,32,33,36,37,27,34,35,2160,28,31,53,25,52,68,51,55,42,38,40,39,41,47,29,30,65,50,26],"class_list":["post-145559","post","type-post","status-publish","format-standard","has-post-thumbnail","category-naglowki","tag-atak_nozownika","tag-breaking-news","tag-breakingnews","tag-featured-news","tag-featurednews","tag-headlines","tag-latest-news","tag-latestnews","tag-myslenice","tag-naglowki","tag-najwazniejsze-artykuly","tag-new_header","tag-news","tag-onet3","tag-onet3d","tag-onet3d_2i","tag-phx","tag-pl","tag-poland","tag-polish","tag-polska","tag-polski","tag-screening_general","tag-top-stories","tag-topstories","tag-update_me","tag-v2021","tag-wiadomosci"],"share_on_mastodon":{"url":"https:\/\/pubeurope.com\/@pl\/115702683635015820","error":""},"_links":{"self":[{"href":"https:\/\/www.europesays.com\/pl\/wp-json\/wp\/v2\/posts\/145559","targetHints":{"allow":["GET"]}}],"collection":[{"href":"https:\/\/www.europesays.com\/pl\/wp-json\/wp\/v2\/posts"}],"about":[{"href":"https:\/\/www.europesays.com\/pl\/wp-json\/wp\/v2\/types\/post"}],"author":[{"embeddable":true,"href":"https:\/\/www.europesays.com\/pl\/wp-json\/wp\/v2\/users\/2"}],"replies":[{"embeddable":true,"href":"https:\/\/www.europesays.com\/pl\/wp-json\/wp\/v2\/comments?post=145559"}],"version-history":[{"count":0,"href":"https:\/\/www.europesays.com\/pl\/wp-json\/wp\/v2\/posts\/145559\/revisions"}],"wp:featuredmedia":[{"embeddable":true,"href":"https:\/\/www.europesays.com\/pl\/wp-json\/wp\/v2\/media\/27058"}],"wp:attachment":[{"href":"https:\/\/www.europesays.com\/pl\/wp-json\/wp\/v2\/media?parent=145559"}],"wp:term":[{"taxonomy":"category","embeddable":true,"href":"https:\/\/www.europesays.com\/pl\/wp-json\/wp\/v2\/categories?post=145559"},{"taxonomy":"post_tag","embeddable":true,"href":"https:\/\/www.europesays.com\/pl\/wp-json\/wp\/v2\/tags?post=145559"}],"curies":[{"name":"wp","href":"https:\/\/api.w.org\/{rel}","templated":true}]}}