{"id":145578,"date":"2025-12-11T20:08:14","date_gmt":"2025-12-11T20:08:14","guid":{"rendered":"https:\/\/www.europesays.com\/pl\/145578\/"},"modified":"2025-12-11T20:08:14","modified_gmt":"2025-12-11T20:08:14","slug":"tyle-wynosi-roznica-wieku-miedzy-paulina-krupinska-a-sebastianem-karpielem-bulecka","status":"publish","type":"post","link":"https:\/\/www.europesays.com\/pl\/145578\/","title":{"rendered":"Tyle wynosi r\u00f3\u017cnica wieku mi\u0119dzy Paulin\u0105 Krupi\u0144sk\u0105 a Sebastianem Karpielem-Bu\u0142eck\u0105"},"content":{"rendered":"<p class=\"Paragraph_desktopParagraph__U31Gm\"><a href=\"https:\/\/plejada.pl\/temat\/paulina-krupinska\" id=\"f7358171-175e-4879-a678-652214903fab\" rel=\"nofollow noopener\" target=\"_blank\">Paulina Krupi\u0144ska<\/a> i Sebastian Karpiel-Bu\u0142ecka zwi\u0105zali si\u0119 w 2014 r., a cztery lata p\u00f3\u017aniej powiedzieli sobie &#8222;tak&#8221; podczas ceremonii \u015blubnej. Od tego czasu s\u0105 nieroz\u0142\u0105czni, cho\u0107 oboje podchodz\u0105 do \u017cycia prywatnego z du\u017c\u0105 rezerw\u0105. Paulina Krupi\u0144ska sporadycznie dzieli si\u0119 wsp\u00f3lnymi zdj\u0119ciami w mediach spo\u0142eczno\u015bciowych, a <a href=\"https:\/\/plejada.pl\/temat\/sebastian-karpiel-bulecka-piosenkarz-muzyk-sprzypek\" id=\"6e8030a1-0968-48f6-a977-8dfb1adcb8e8\" rel=\"nofollow noopener\" target=\"_blank\">Sebastian Karpiel-Bu\u0142ecka<\/a> jeszcze bardziej unika publicznego okazywania uczu\u0107. Jednak, jak podkre\u015blaj\u0105, wzajemne wsparcie jest dla nich kluczowe. Przyk\u0142adem mo\u017ce by\u0107 sytuacja, gdy muzyk stan\u0105\u0142 w obronie \u017cony, kiedy ta pad\u0142a ofiar\u0105 internetowego hejtu.<\/p>\n<ul class=\"OchatFollowUps_wrapper__1ry7X\">\n<li class=\"OchatFollowUps_item__Dhyly OchatFollowUps_itemDesktop__R6aBv\">Jaki jest zwi\u0105zek mi\u0119dzy Paulin\u0105 Krupi\u0144sk\u0105 a Sebastianem Karpielem-Bu\u0142eck\u0105?<\/li>\n<li class=\"OchatFollowUps_item__Dhyly OchatFollowUps_itemDesktop__R6aBv\">Ile lat r\u00f3\u017cnicy dzieli Paulin\u0119 Krupi\u0144sk\u0105 i Sebastiana Karpiela-Bu\u0142eck\u0119?<\/li>\n<li class=\"OchatFollowUps_item__Dhyly OchatFollowUps_itemDesktop__R6aBv\">Ile dzieci maj\u0105 Paulina Krupi\u0144ska i Sebastian Karpiel-Bu\u0142ecka?<\/li>\n<li class=\"OchatFollowUps_item__Dhyly OchatFollowUps_itemDesktop__R6aBv\">Kiedy Paulina Krupi\u0144ska i Sebastian Karpiel-Bu\u0142ecka wzi\u0119li \u015blub?<\/li>\n<\/ul>\n<p>Paulin\u0119 Krupi\u0144sk\u0105 i Sebastiana Karpiela-Bu\u0142eck\u0119 dzieli spora r\u00f3\u017cnica wieku. Mo\u017cna si\u0119 zdziwi\u0107 <\/p>\n<p class=\"Paragraph_desktopParagraph__U31Gm\">W jednym z wywiad\u00f3w Sebastian Karpiel-Bu\u0142ecka przyzna\u0142, \u017ce pocz\u0105tki ich zwi\u0105zku nie by\u0142y wolne od trudno\u015bci, szczeg\u00f3lnie w momencie, gdy zostali rodzicami. &#8222;Teraz si\u0119 zupe\u0142nie nie k\u0142\u00f3cimy. Jakby\u015b si\u0119 teraz mnie spyta\u0142, kiedy si\u0119 ostatni raz pok\u0142\u00f3ci\u0142em z \u017con\u0105, to z r\u0119k\u0105 na sercu bym ci powiedzia\u0142, \u017ce nie pami\u0119tam, bo nie wiem&#8221; \u2014 m\u00f3wi\u0142 muzyk.<\/p>\n<p class=\"Paragraph_desktopParagraph__U31Gm\">Co ciekawe, par\u0119 dzieli 11 lat r\u00f3\u017cnicy wieku. Sebastian Karpiel-Bu\u0142ecka, urodzony 14 maja 1976 r., ma obecnie 49 lat, natomiast Paulina Krupi\u0144ska, kt\u00f3ra przysz\u0142a na \u015bwiat 22 czerwca 1987 r., ma 38 lat.<\/p>\n<p class=\"Paragraph_desktopParagraph__U31Gm\">Para wychowuje dwoje dzieci \u2014 c\u00f3rk\u0119 Antonin\u0119, urodzon\u0105 w 2015 roku, oraz syna J\u0119drzeja, kt\u00f3ry przyszed\u0142 na \u015bwiat dwa lata p\u00f3\u017aniej. Niedawno Paulina Krupi\u0144ska poruszy\u0142a temat trzeciego dziecka, publikuj\u0105c na InstaStories zdj\u0119cie z male\u0144k\u0105 c\u00f3rk\u0105 swojej przyjaci\u00f3\u0142ki. &#8222;Kocham takie maluszki! Mo\u017ce jeszcze jedno?&#8221; \u2014 napisa\u0142a. Jej s\u0142owa wywo\u0142a\u0142y natychmiastow\u0105 reakcj\u0119 internaut\u00f3w. Jedna z u\u017cytkowniczek ironicznie skomentowa\u0142a: &#8222;Pomy\u015bla\u0142a ka\u017cda matka, a potem strzeli\u0142a sobie li\u015bcia&#8221;. Krupi\u0144ska odpowiedzia\u0142a z humorem, wspominaj\u0105c o trudach wychowywania dzieci. &#8222;O tak! Po czasie sp\u0119dzonym na nauce z moimi dzie\u0107mi. Szybko si\u0119 otrz\u0105sn\u0119\u0142am&#8221; \u2014 napisa\u0142a.<\/p>\n<p><img decoding=\"async\" class=\"Image_image__0tuHp Image_autoHeight__f2n87 \" height=\"587\" width=\"391\" src=\"https:\/\/www.europesays.com\/pl\/wp-content\/uploads\/2025\/11\/sgik9kpTURBXy9mZjhlMjEzMDAxODA0ZjYyYzFmMmI0MGIxZjBiZDAxZC5qcGeSlQLNA6wAwsOVAgDNAkvCw94AA6EwAaExAaEzw.jpeg\" alt=\"Paulina Krupi\u0144ska i Sebastian Karpiel-Bu\u0142ecka\" loading=\"lazy\" \/>Andras Szilagyi \/ MW Media<\/p>\n<p>Paulina Krupi\u0144ska i Sebastian Karpiel-Bu\u0142ecka<\/p>\n<p class=\"Paragraph_desktopParagraph__U31Gm\">Dzi\u0119kujemy, \u017ce przeczyta\u0142a\u015b\/e\u015b nasz artyku\u0142 do ko\u0144ca. W serwisie Plejada.pl ka\u017cdego dnia piszemy o najwa\u017cniejszych wydarzeniach show-biznesowych. B\u0105d\u017a na bie\u017c\u0105co! <a rel=\"nofollow noopener\" href=\"https:\/\/profile.google.com\/cp\/Cg0vZy8xMWJ6X19wdHBx\" id=\"5bf2082c-9d5d-4d79-a747-aa0156946c83\" target=\"_blank\">Obserwuj<\/a> Plejad\u0119 w Wiadomo\u015bciach Google. Odwied\u017a nas tak\u017ce na <a rel=\"nofollow noopener\" href=\"https:\/\/www.facebook.com\/plejadapl\" id=\"3aa3dc96-67d4-4159-8901-9ef45f3ef789\" target=\"_blank\">Facebooku<\/a>, <a rel=\"nofollow noopener\" href=\"https:\/\/www.instagram.com\/plejadapl\/\" id=\"91f740c2-4d28-49cc-ac60-dc7811a7eff4\" target=\"_blank\">Instagramie<\/a>, <a rel=\"nofollow noopener\" href=\"https:\/\/www.youtube.com\/c\/plejada\" id=\"52da3243-111a-4e78-a310-be2c15d5781e\" target=\"_blank\">YouTube<\/a> oraz <a rel=\"nofollow noopener\" href=\"https:\/\/www.tiktok.com\/@plejada_pl\" id=\"0a0bbafa-390b-4cfd-b6d0-3c7df941e691\" target=\"_blank\">TikToku<\/a>.<\/p>\n<p class=\"Paragraph_desktopParagraph__U31Gm\">Chcesz podzieli\u0107 si\u0119 ciekawym newsem lub zaproponowa\u0107 temat? Skontaktuj si\u0119 z nami, pisz\u0105c e-maila na adres: <a href=\"https:\/\/www.onet.pl\/styl-zycia\/plejada\/tyle-wynosi-roznica-wieku-miedzy-paulina-krupinska-a-sebastianem-karpielem-bulecka\/mailto:plejada@redakcjaonet.pl\" id=\"cf137b42-7e4a-4f57-805d-e4c2c50ce959\" rel=\"nofollow noopener\" target=\"_blank\">plejada@redakcjaonet.pl<\/a>.<\/p>\n<p><script async src=\"\/\/www.instagram.com\/embed.js\"><\/script><script async src=\"\/\/www.tiktok.com\/embed.js\"><\/script><\/p>\n","protected":false},"excerpt":{"rendered":"Paulina Krupi\u0144ska i Sebastian Karpiel-Bu\u0142ecka zwi\u0105zali si\u0119 w 2014 r., a cztery lata p\u00f3\u017aniej powiedzieli sobie &#8222;tak&#8221; podczas&hellip;\n","protected":false},"author":2,"featured_media":145579,"comment_status":"","ping_status":"","sticky":false,"template":"","format":"standard","meta":{"footnotes":""},"categories":[22],"tags":[122,67,53,52,68,51,2236,55,42,38,40,39,41,123,47,17184,25524,196,65,50],"class_list":{"0":"post-145578","1":"post","2":"type-post","3":"status-publish","4":"format-standard","5":"has-post-thumbnail","7":"category-rozrywka","8":"tag-entertainment","9":"tag-intextvideo_splayer","10":"tag-new_header","11":"tag-onet3","12":"tag-onet3d","13":"tag-onet3d_2i","14":"tag-paulina_krupinska","15":"tag-phx","16":"tag-pl","17":"tag-poland","18":"tag-polish","19":"tag-polska","20":"tag-polski","21":"tag-rozrywka","22":"tag-screening_general","23":"tag-sebastian_karpiel_bulecka","24":"tag-sebastian_karpiel_bulecka_piosenkarz_muzyk_sprzypek","25":"tag-styl_zycia","26":"tag-update_me","27":"tag-v2021"},"share_on_mastodon":{"url":"https:\/\/pubeurope.com\/@pl\/115702746758181316","error":""},"_links":{"self":[{"href":"https:\/\/www.europesays.com\/pl\/wp-json\/wp\/v2\/posts\/145578","targetHints":{"allow":["GET"]}}],"collection":[{"href":"https:\/\/www.europesays.com\/pl\/wp-json\/wp\/v2\/posts"}],"about":[{"href":"https:\/\/www.europesays.com\/pl\/wp-json\/wp\/v2\/types\/post"}],"author":[{"embeddable":true,"href":"https:\/\/www.europesays.com\/pl\/wp-json\/wp\/v2\/users\/2"}],"replies":[{"embeddable":true,"href":"https:\/\/www.europesays.com\/pl\/wp-json\/wp\/v2\/comments?post=145578"}],"version-history":[{"count":0,"href":"https:\/\/www.europesays.com\/pl\/wp-json\/wp\/v2\/posts\/145578\/revisions"}],"wp:featuredmedia":[{"embeddable":true,"href":"https:\/\/www.europesays.com\/pl\/wp-json\/wp\/v2\/media\/145579"}],"wp:attachment":[{"href":"https:\/\/www.europesays.com\/pl\/wp-json\/wp\/v2\/media?parent=145578"}],"wp:term":[{"taxonomy":"category","embeddable":true,"href":"https:\/\/www.europesays.com\/pl\/wp-json\/wp\/v2\/categories?post=145578"},{"taxonomy":"post_tag","embeddable":true,"href":"https:\/\/www.europesays.com\/pl\/wp-json\/wp\/v2\/tags?post=145578"}],"curies":[{"name":"wp","href":"https:\/\/api.w.org\/{rel}","templated":true}]}}