{"id":145629,"date":"2025-12-11T20:47:08","date_gmt":"2025-12-11T20:47:08","guid":{"rendered":"https:\/\/www.europesays.com\/pl\/145629\/"},"modified":"2025-12-11T20:47:08","modified_gmt":"2025-12-11T20:47:08","slug":"ostry-komentarz-radoslawa-sikorskiego-agentura-na-turbodoladowaniu-onet-wiadomosci","status":"publish","type":"post","link":"https:\/\/www.europesays.com\/pl\/145629\/","title":{"rendered":"Ostry komentarz Rados\u0142awa Sikorskiego. &quot;Agentura na turbodo\u0142adowaniu&quot; &#8211; Onet Wiadomo\u015bci"},"content":{"rendered":"<ol>\n<li><a href=\"https:\/\/news.google.com\/rss\/articles\/CBMiqgFBVV95cUxNY0ZmQlZtNlpLSjZ4WmdQVkxBT2VHVDZYN1lQdXk1a2w0b2ZfRUt4dk1lT2c3LU1vQS1WNDFEcXpjVXlLNC10and2cnFRZVU3VEEzSmJOV0RLMEM3YmEzdmdoT3Z1QmJBOG40cTFJX1ZFN01MSkdsVGg3Q0E0dnpSMnNQazVtSDJQZDREdXJLZE9qeThEb2tHcHhoX09keHh1R0RremZndHl5dw?oc=5\" target=\"_blank\" rel=\"nofollow noopener\">Ostry komentarz Rados\u0142awa Sikorskiego. &#8222;Agentura na turbodo\u0142adowaniu&#8221;<\/a>&nbsp;&nbsp;Onet Wiadomo\u015bci<\/li>\n<li><a href=\"https:\/\/news.google.com\/rss\/articles\/CBMitgFBVV95cUxOOVpaMC1wMnJvU3A3dkR5OVZjeENHeFl5UFhvV3pOVUZpLWpVbGlOQjBTMHB1cHowT1p5bll6RWZQLUVsQzdiVGRTODhTRG95akozcllmUEhhSWIxLU1LMzNLenN2VDl1b3pfclNOMjdhN3FXOU9oRUZMMU1kSXVpMWM3ZGN2Ry00bVhXTi1mY2czTmNIT2k4ZGF6UkV6MjlUN0U5X2x3NGdyR3hLRXNsbWkweVEzUQ?oc=5\" target=\"_blank\" rel=\"nofollow noopener\">&#8222;Agentura na turbodo\u0142adowaniu&#8221;. Sikorski ostro o nastrojach antyukrai\u0144skich<\/a>&nbsp;&nbsp;WP Wiadomo\u015bci<\/li>\n<li><a href=\"https:\/\/news.google.com\/rss\/articles\/CBMixgFBVV95cUxQRVlua3BEUVpxWFhOVnphSGNURHZQVXdxeGsxRTNTbmxZR2wtYkNQVU81cVk1MWdiYlFjbkdBd0U0aDBLamdVZDExVndLaTF4WHcwWm9nUFNkZi1OVWJDanR1VDdqd01IbGJial9aNUFzb0MyRG11SFFIWU9WWEhGbUlqdW5nZkhIVDF1THFRSHM4S1hiak5fdkNaR21LUFgzRm1FS1hDWFMyNFA5T1BCcTR1b21lenFDbDFrbjY0R1RsZGxLYnc?oc=5\" target=\"_blank\" rel=\"nofollow noopener\">Eksplozja antyukrai\u0144skich tre\u015bci w polskim internecie. Na czele profile Brauna<\/a>&nbsp;&nbsp;RMF24<\/li>\n<li><a href=\"https:\/\/news.google.com\/rss\/articles\/CBMi4gFBVV95cUxOaXRySWs1QVgwTWpsTzhUdEozckJScF9LNjRDME5PNUdzMUFIRndzX3RUTEZWcWw0bThseWhpMkZVRUlzWTJuZFVYV2JCelhWSTRuRnYzbUJWNDRtVUhQM2czTVBONXh3OGpBLXlNOEFiTjRhUmZIVHNJWmVncC1GUk90SGZ2b2NOS0dfSFh5N0pjOFhTMzlIeVh5dHRFYndrOWI4Y09zY1hGUm9MNWtJb1dtZW0tdFNUalVVbFZDTmVNbGVvN3NLOTFJSDBSOWRuSHNwQnhLNVlRUGxpRzRJQTF3?oc=5\" target=\"_blank\" rel=\"nofollow noopener\">Antyukrai\u0144ska dezinformacja w polskim internecie niemal si\u0119 podwoi\u0142a. Najnowszy raport Demagoga i IMM<\/a>&nbsp;&nbsp;IMM &#8211; monitoring medi\u00f3w<\/li>\n<li><a href=\"https:\/\/news.google.com\/rss\/articles\/CBMiqAFBVV95cUxQd2NZVVZLUkI3S1RxTmZaWDlSeFZJaVFkVHFBbmFFNEFwRV9Cb0ludzJiblk0aVdaR2t4eGUzbUQ1eUFOdzNmQmVrbzZjR0tnSTB6RnhlX3EtSDZzMUY4b2U5ZFNNMi1mTlRQWjR2dXlmMWYwTXhMWnpOQmNadVdiR3lTMThuVHRGUTZ1Rm1jTUtHT0xEX3kxSERNaWQ5bE1DVGlkWWVHSXg?oc=5\" target=\"_blank\" rel=\"nofollow noopener\">&#8217;Banderowska Ukraina&#8217;, NFZ i rzekome przywileje. Jak Braun, Berkowicz i Korwin przekuwaj\u0105 fake newsy w polityczne z\u0142oto<\/a>&nbsp;&nbsp;Wyborcza.biz<\/li>\n<\/ol>\n","protected":false},"excerpt":{"rendered":"Ostry komentarz Rados\u0142awa Sikorskiego. &#8222;Agentura na turbodo\u0142adowaniu&#8221;&nbsp;&nbsp;Onet Wiadomo\u015bci &#8222;Agentura na turbodo\u0142adowaniu&#8221;. Sikorski ostro o nastrojach antyukrai\u0144skich&nbsp;&nbsp;WP Wiadomo\u015bci Eksplozja&hellip;\n","protected":false},"author":2,"featured_media":145630,"comment_status":"","ping_status":"","sticky":false,"template":"","format":"standard","meta":{"footnotes":""},"categories":[12],"tags":[32,33,36,37,1008,27,1766,49,34,35,28,31,48,25,46,42,38,40,39,41,1118,47,29,30,415,26],"class_list":{"0":"post-145629","1":"post","2":"type-post","3":"status-publish","4":"format-standard","5":"has-post-thumbnail","7":"category-polska","8":"tag-breaking-news","9":"tag-breakingnews","10":"tag-featured-news","11":"tag-featurednews","12":"tag-grzegorz_braun","13":"tag-headlines","14":"tag-internet","15":"tag-kraj","16":"tag-latest-news","17":"tag-latestnews","18":"tag-naglowki","19":"tag-najwazniejsze-artykuly","20":"tag-nat_styl","21":"tag-news","22":"tag-omp","23":"tag-pl","24":"tag-poland","25":"tag-polish","26":"tag-polska","27":"tag-polski","28":"tag-radoslaw_sikorski","29":"tag-screening_general","30":"tag-top-stories","31":"tag-topstories","32":"tag-ukraina","33":"tag-wiadomosci"},"share_on_mastodon":{"url":"https:\/\/pubeurope.com\/@pl\/115702900064235289","error":""},"_links":{"self":[{"href":"https:\/\/www.europesays.com\/pl\/wp-json\/wp\/v2\/posts\/145629","targetHints":{"allow":["GET"]}}],"collection":[{"href":"https:\/\/www.europesays.com\/pl\/wp-json\/wp\/v2\/posts"}],"about":[{"href":"https:\/\/www.europesays.com\/pl\/wp-json\/wp\/v2\/types\/post"}],"author":[{"embeddable":true,"href":"https:\/\/www.europesays.com\/pl\/wp-json\/wp\/v2\/users\/2"}],"replies":[{"embeddable":true,"href":"https:\/\/www.europesays.com\/pl\/wp-json\/wp\/v2\/comments?post=145629"}],"version-history":[{"count":0,"href":"https:\/\/www.europesays.com\/pl\/wp-json\/wp\/v2\/posts\/145629\/revisions"}],"wp:featuredmedia":[{"embeddable":true,"href":"https:\/\/www.europesays.com\/pl\/wp-json\/wp\/v2\/media\/145630"}],"wp:attachment":[{"href":"https:\/\/www.europesays.com\/pl\/wp-json\/wp\/v2\/media?parent=145629"}],"wp:term":[{"taxonomy":"category","embeddable":true,"href":"https:\/\/www.europesays.com\/pl\/wp-json\/wp\/v2\/categories?post=145629"},{"taxonomy":"post_tag","embeddable":true,"href":"https:\/\/www.europesays.com\/pl\/wp-json\/wp\/v2\/tags?post=145629"}],"curies":[{"name":"wp","href":"https:\/\/api.w.org\/{rel}","templated":true}]}}