{"id":145637,"date":"2025-12-11T20:54:14","date_gmt":"2025-12-11T20:54:14","guid":{"rendered":"https:\/\/www.europesays.com\/pl\/145637\/"},"modified":"2025-12-11T20:54:14","modified_gmt":"2025-12-11T20:54:14","slug":"policjant-oddal-smiertelny-strzal-po-ataku-nozownika-prokuratura-ma-nagranie","status":"publish","type":"post","link":"https:\/\/www.europesays.com\/pl\/145637\/","title":{"rendered":"Policjant odda\u0142 \u015bmiertelny strza\u0142 po ataku no\u017cownika. Prokuratura ma nagranie"},"content":{"rendered":"<p class=\"ods-c-paragraph \">W \u015brod\u0119, 10 grudnia, ok. godz. 11.30, 23-letni mieszkaniec powiatu my\u015blenickiego wtargn\u0105\u0142 na parking jednej z lokalnych firm <a href=\"https:\/\/wiadomosci.onet.pl\/krakow\/atak-nozownika-w-myslenicach-napastnik-nie-zyje\/sbes6nv\" id=\"fa0004b0-c3f9-4a84-9cf5-1fc962ff0470\" rel=\"nofollow noopener\" target=\"_blank\">uzbrojony w n\u00f3\u017c i kij bejsbolowy<\/a>. Napastnik najpierw zaatakowa\u0142 jednego z pracownik\u00f3w przedsi\u0119biorstwa, a nast\u0119pnie zada\u0142 ochroniarzowi kilka cios\u00f3w no\u017cem w okolice szyi i klatki piersiowej. Po zdarzeniu uciek\u0142.<\/p>\n<p class=\"ods-c-paragraph \">M\u0119\u017cczyzn\u0119 niedaleko firmy zauwa\u017cyli wezwani na miejsce policjanci, kt\u00f3rzy podj\u0119li pr\u00f3b\u0119 jego zatrzymania. Jak ustali\u0142a prokuratura, napastnik nie reagowa\u0142 na polecenia funkcjonariuszy, a trzymaj\u0105c w r\u0119ku n\u00f3\u017c, mia\u0142 ruszy\u0107 w stron\u0119 jednego z nich.<\/p>\n<p>Dalszy ci\u0105g artyku\u0142u pod materia\u0142em wideo<\/p>\n<p> Kiedy mia\u0142o miejsce zdarzenie w My\u015blenicach? <\/p>\n<p> Ile razy no\u017cownik zosta\u0142 postrzelony? <\/p>\n<p> Kim by\u0142 napastnik? <\/p>\n<p> Czy istnieje nagranie z interwencji policji? <\/p>\n<p class=\"ods-c-paragraph \">Jak ustali\u0142a &#8222;Gazeta Wyborcza&#8221;, \u015bledczy dysponuj\u0105 nagraniem z tego zdarzenia, wykonanym przez jednego ze \u015bwiadk\u00f3w. Z materia\u0142u ma wynika\u0107, \u017ce m\u0119\u017cczyzna z no\u017cem by\u0142 wyra\u017anie pobudzony \u2014 biegn\u0105c w kierunku funkcjonariusza, odpowiada\u0142 na jego wezwania wulgaryzmami i przewr\u00f3ci\u0142 policjanta. W tej sytuacji pad\u0142y strza\u0142y. Napastnik zosta\u0142 trafiony czterokrotnie, a obra\u017cenia okaza\u0142y si\u0119 \u015bmiertelne.<\/p>\n<p class=\"ods-c-paragraph \">&#8222;Nagranie dowodzi, \u017ce dosz\u0142o do fizycznego, bezpo\u015brednio kontaktu napastnika z policjantem, kt\u00f3ry wysiad\u0142 z radiowozu i wzywa\u0142 go do odrzucenia no\u017ca&#8221; \u2014 przekaza\u0142a w rozmowie z gazet\u0105 Katarzyna Cis\u0142o z ma\u0142opolskiej policji.<\/p>\n<p class=\"ods-c-paragraph \">S\u0142owa te potwierdza tak\u017ce prokurator Oliwia Bo\u017cek-Michalec. &#8222;Z filmu wynika, \u017ce policjant u\u017cy\u0142 broni w obronie w\u0142asnej. To by\u0142 bezpo\u015bredni atak na niego&#8221; \u2014 wyja\u015bnia rzeczniczka Prokuratury Okr\u0119gowej w Krakowie.<\/p>\n<p>   Atak no\u017cownika w My\u015blenicach. Prokuratura bada spraw\u0119<\/p>\n<p class=\"ods-c-paragraph \">Prokuratura w My\u015blenicach prowadzi post\u0119powanie w celu ustalenia, czy podczas u\u017cycia broni przez policjanta zachowano wszystkie obowi\u0105zuj\u0105ce procedury. W spraw\u0119 zaanga\u017cowany jest tak\u017ce wydzia\u0142 wewn\u0119trzny policji.<\/p>\n<p class=\"ods-c-paragraph \">Wed\u0142ug informacji &#8222;Gazety Wyborczej&#8221; 23-letni napastnik by\u0142 by\u0142ym pracownikiem firmy \u2014 pracowa\u0142 tam przez kilka miesi\u0119cy, a nast\u0119pnie w pa\u017adzierniku ubieg\u0142ego roku odszed\u0142 na w\u0142asn\u0105 pro\u015bb\u0119. Motywy jego dzia\u0142ania wci\u0105\u017c pozostaj\u0105 nieznane.<\/p>\n<p class=\"ods-c-paragraph \">Co wi\u0119cej, jak poinformowa\u0142a Katarzyna Cis\u0142o, rzeczniczka ma\u0142opolskiej policji, osoby zaatakowane przez m\u0119\u017cczyzn\u0119 mia\u0142y by\u0107 zupe\u0142nie przypadkowe.<\/p>\n","protected":false},"excerpt":{"rendered":"W \u015brod\u0119, 10 grudnia, ok. godz. 11.30, 23-letni mieszkaniec powiatu my\u015blenickiego wtargn\u0105\u0142 na parking jednej z lokalnych firm&hellip;\n","protected":false},"author":2,"featured_media":145638,"comment_status":"","ping_status":"","sticky":false,"template":"","format":"standard","meta":{"footnotes":""},"categories":[12],"tags":[32,33,36,37,27,1304,34,35,2160,28,31,48,25,8342,46,42,38,414,40,39,41,47,511,29,30,26],"class_list":{"0":"post-145637","1":"post","2":"type-post","3":"status-publish","4":"format-standard","5":"has-post-thumbnail","7":"category-polska","8":"tag-breaking-news","9":"tag-breakingnews","10":"tag-featured-news","11":"tag-featurednews","12":"tag-headlines","13":"tag-krakow","14":"tag-latest-news","15":"tag-latestnews","16":"tag-myslenice","17":"tag-naglowki","18":"tag-najwazniejsze-artykuly","19":"tag-nat_styl","20":"tag-news","21":"tag-nozownik","22":"tag-omp","23":"tag-pl","24":"tag-poland","25":"tag-policja","26":"tag-polish","27":"tag-polska","28":"tag-polski","29":"tag-screening_general","30":"tag-smierc","31":"tag-top-stories","32":"tag-topstories","33":"tag-wiadomosci"},"share_on_mastodon":{"url":"https:\/\/pubeurope.com\/@pl\/115702927501857758","error":""},"_links":{"self":[{"href":"https:\/\/www.europesays.com\/pl\/wp-json\/wp\/v2\/posts\/145637","targetHints":{"allow":["GET"]}}],"collection":[{"href":"https:\/\/www.europesays.com\/pl\/wp-json\/wp\/v2\/posts"}],"about":[{"href":"https:\/\/www.europesays.com\/pl\/wp-json\/wp\/v2\/types\/post"}],"author":[{"embeddable":true,"href":"https:\/\/www.europesays.com\/pl\/wp-json\/wp\/v2\/users\/2"}],"replies":[{"embeddable":true,"href":"https:\/\/www.europesays.com\/pl\/wp-json\/wp\/v2\/comments?post=145637"}],"version-history":[{"count":0,"href":"https:\/\/www.europesays.com\/pl\/wp-json\/wp\/v2\/posts\/145637\/revisions"}],"wp:featuredmedia":[{"embeddable":true,"href":"https:\/\/www.europesays.com\/pl\/wp-json\/wp\/v2\/media\/145638"}],"wp:attachment":[{"href":"https:\/\/www.europesays.com\/pl\/wp-json\/wp\/v2\/media?parent=145637"}],"wp:term":[{"taxonomy":"category","embeddable":true,"href":"https:\/\/www.europesays.com\/pl\/wp-json\/wp\/v2\/categories?post=145637"},{"taxonomy":"post_tag","embeddable":true,"href":"https:\/\/www.europesays.com\/pl\/wp-json\/wp\/v2\/tags?post=145637"}],"curies":[{"name":"wp","href":"https:\/\/api.w.org\/{rel}","templated":true}]}}