{"id":145777,"date":"2025-12-11T22:51:10","date_gmt":"2025-12-11T22:51:10","guid":{"rendered":"https:\/\/www.europesays.com\/pl\/145777\/"},"modified":"2025-12-11T22:51:10","modified_gmt":"2025-12-11T22:51:10","slug":"zakonnice-znecaly-sie-nad-podopiecznymi-w-jordanowie-jest-wyrok","status":"publish","type":"post","link":"https:\/\/www.europesays.com\/pl\/145777\/","title":{"rendered":"Zakonnice zn\u0119ca\u0142y si\u0119 nad podopiecznymi w Jordanowie. Jest wyrok"},"content":{"rendered":"<ul class=\"UnorderedList_container__nmfSl\">\n<li class=\"UnorderedList_listElement__Py7xi\" data-id=\"ai-summary-link\">Du\u017co czytania, a ma\u0142o czasu? Sprawd\u017a\u00a0skr\u00f3t\u00a0artyku\u0142u<\/li>\n<\/ul>\n<p class=\"Paragraph_desktopParagraph__U31Gm\">O sprawie skazania dw\u00f3ch zakonnic z DPS w Jordanowie (woj. ma\u0142opolskie) poinformowa\u0142a w czwartek krakowska prokuratura okr\u0119gowa. Siostra zakonna Bo\u017cena K. zosta\u0142a uznana za winn\u0105 zn\u0119cania si\u0119 nad niepe\u0142nosprawnymi ma\u0142oletnimi oraz naruszenia nietykalno\u015bci cielesnej jednej z dziewcz\u0105t. S\u0105d wymierzy\u0142 jej kar\u0119 3 lat i 2 miesi\u0119cy pozbawienia wolno\u015bci. Kobieta otrzyma\u0142a tak\u017ce 5-letni zakaz pracy z ma\u0142oletnimi.<\/p>\n<p class=\"Paragraph_desktopParagraph__U31Gm\">Druga z oskar\u017conych zakonnic, Bronis\u0142awa G. zosta\u0142a skazana na 4 lata wi\u0119zienia. S\u0105d uzna\u0142, \u017ce by\u0142a dyrektorka DPS dopuszcza\u0142a si\u0119 przemocy wobec podopiecznych oraz utrudnia\u0142a post\u0119powanie karne. Mia\u0142a nak\u0142ania\u0107 inne osoby do sporz\u0105dzenia pisma o tre\u015bci dyktowanej na potrzeby organ\u00f3w \u015bcigania. Wobec niej r\u00f3wnie\u017c orzeczono 5-letni zakaz pracy z dzie\u0107mi.<\/p>\n<p class=\"Paragraph_desktopParagraph__U31Gm\">Na rzecz pokrzywdzonych zas\u0105dzono nawi\u0105zki w wysoko\u015bci od 1,5 tys. do 5 tys. z\u0142. Wyrok, kt\u00f3ry zapad\u0142 8 grudnia, nie jest prawomocny.<\/p>\n<p class=\"VideoPlayerText_videoPlayerText__iDwyz\">Dalszy ci\u0105g materia\u0142u pod wideo<\/p>\n<ul class=\"OchatFollowUps_wrapper__1ry7X\">\n<li class=\"OchatFollowUps_item__Dhyly OchatFollowUps_itemDesktop__R6aBv\">Jakie wyroki zosta\u0142y wydane dla zakonnic?<\/li>\n<li class=\"OchatFollowUps_item__Dhyly OchatFollowUps_itemDesktop__R6aBv\">Ile lat wi\u0119zienia otrzyma\u0142a Bo\u017cena K.?<\/li>\n<li class=\"OchatFollowUps_item__Dhyly OchatFollowUps_itemDesktop__R6aBv\">Jakie kary finansowe na\u0142o\u017cono na zakonnice?<\/li>\n<li class=\"OchatFollowUps_item__Dhyly OchatFollowUps_itemDesktop__R6aBv\">Czy wyrok jest prawomocny?<\/li>\n<\/ul>\n<p>Piek\u0142o u zakonnic w Jordanowie. Wstrz\u0105saj\u0105ce szczeg\u00f3\u0142y <\/p>\n<p class=\"Paragraph_desktopParagraph__U31Gm\">Rzeczniczka Prokuratury Okr\u0119gowej w Krakowie Oliwia Bo\u017cek-Michalec przekaza\u0142a, obie skazane by\u0142y zatrudnione w Domu Pomocy Spo\u0142ecznej w Jordanowie, gdzie mia\u0142y sprawowa\u0107 opiek\u0119 nad niepe\u0142nosprawnymi ma\u0142oletnimi mieszka\u0144cami o\u015brodka. Prokuratura Rejonowa w Suchej Beskidzkiej ustali\u0142a w toku \u015bledztwa, \u017ce <a href=\"https:\/\/wiadomosci.onet.pl\/krakow\/sledztwo-prokuratury-w-sprawie-dps-w-jordanowie-mocne-stwierdzenia\/s0mf2sd\" id=\"3e1d5693-fc8c-41b9-8a14-5306c764d5e9\" rel=\"nofollow noopener\" target=\"_blank\">zakonnice i cz\u0119\u015b\u0107 personelu DPS mia\u0142a wi\u0105za\u0107 podopiecznych do \u0142\u00f3\u017cek, zamyka\u0107 ich w klatkach, bi\u0107 oraz u\u017cywa\u0107 wobec nich wulgarnych s\u0142\u00f3w<\/a>.<\/p>\n<p class=\"Paragraph_desktopParagraph__U31Gm\">Wstrz\u0105saj\u0105ce nagrania i zdj\u0119cia z Jordanowskiego DPS prowadzonego przez siostry prezentki, czyli Zgromadzenia Panien Ofiarowania Naj\u015bwi\u0119tszej Maryi Panny, ujawni\u0142a w czerwcu 2022 r. Wirtualna Polska. Spraw\u0105 zaj\u0119\u0142a si\u0119 Prokuratura Rejonowa w Suchej Beskidzkiej, kt\u00f3ra wszcz\u0119\u0142a \u015bledztwo dotycz\u0105ce zn\u0119cania si\u0119 nad wychowankami.<\/p>\n<p class=\"Paragraph_desktopParagraph__U31Gm\">Na ujawnione informacje zareagowa\u0142 m.in. Rzecznik Praw Obywatelskich, kt\u00f3ry wszcz\u0105\u0142 post\u0119powanie z urz\u0119du w sprawie doniesie\u0144 o przemocy wobec podopiecznych. \u00d3wczesny wojewoda ma\u0142opolski \u0141ukasz Kmita okre\u015bli\u0142 opisane praktyki jako &#8222;szokuj\u0105ce&#8221; i wszcz\u0105\u0142 stosowne procedury. W 2022 r. w DPS w Jordanowie przebywa\u0142o 47 wychowank\u00f3w.<\/p>\n","protected":false},"excerpt":{"rendered":"Du\u017co czytania, a ma\u0142o czasu? Sprawd\u017a\u00a0skr\u00f3t\u00a0artyku\u0142u O sprawie skazania dw\u00f3ch zakonnic z DPS w Jordanowie (woj. ma\u0142opolskie) poinformowa\u0142a&hellip;\n","protected":false},"author":2,"featured_media":145778,"comment_status":"","ping_status":"","sticky":false,"template":"","format":"standard","meta":{"footnotes":""},"categories":[5],"tags":[32,33,36,37,27,67,29455,34,35,28,31,53,25,52,68,51,55,42,38,40,39,41,984,47,29,30,65,50,26,26611,17290],"class_list":{"0":"post-145777","1":"post","2":"type-post","3":"status-publish","4":"format-standard","5":"has-post-thumbnail","7":"category-naglowki","8":"tag-breaking-news","9":"tag-breakingnews","10":"tag-featured-news","11":"tag-featurednews","12":"tag-headlines","13":"tag-intextvideo_splayer","14":"tag-jordanow","15":"tag-latest-news","16":"tag-latestnews","17":"tag-naglowki","18":"tag-najwazniejsze-artykuly","19":"tag-new_header","20":"tag-news","21":"tag-onet3","22":"tag-onet3d","23":"tag-onet3d_2i","24":"tag-phx","25":"tag-pl","26":"tag-poland","27":"tag-polish","28":"tag-polska","29":"tag-polski","30":"tag-prawo_sady_sedziowie_sedzia_sad_sadownictwo_prawnik_prawnicy_prawniczka","31":"tag-screening_general","32":"tag-top-stories","33":"tag-topstories","34":"tag-update_me","35":"tag-v2021","36":"tag-wiadomosci","37":"tag-zakonnice","38":"tag-znecanie_sie"},"share_on_mastodon":{"url":"https:\/\/pubeurope.com\/@pl\/115703387605558745","error":""},"_links":{"self":[{"href":"https:\/\/www.europesays.com\/pl\/wp-json\/wp\/v2\/posts\/145777","targetHints":{"allow":["GET"]}}],"collection":[{"href":"https:\/\/www.europesays.com\/pl\/wp-json\/wp\/v2\/posts"}],"about":[{"href":"https:\/\/www.europesays.com\/pl\/wp-json\/wp\/v2\/types\/post"}],"author":[{"embeddable":true,"href":"https:\/\/www.europesays.com\/pl\/wp-json\/wp\/v2\/users\/2"}],"replies":[{"embeddable":true,"href":"https:\/\/www.europesays.com\/pl\/wp-json\/wp\/v2\/comments?post=145777"}],"version-history":[{"count":0,"href":"https:\/\/www.europesays.com\/pl\/wp-json\/wp\/v2\/posts\/145777\/revisions"}],"wp:featuredmedia":[{"embeddable":true,"href":"https:\/\/www.europesays.com\/pl\/wp-json\/wp\/v2\/media\/145778"}],"wp:attachment":[{"href":"https:\/\/www.europesays.com\/pl\/wp-json\/wp\/v2\/media?parent=145777"}],"wp:term":[{"taxonomy":"category","embeddable":true,"href":"https:\/\/www.europesays.com\/pl\/wp-json\/wp\/v2\/categories?post=145777"},{"taxonomy":"post_tag","embeddable":true,"href":"https:\/\/www.europesays.com\/pl\/wp-json\/wp\/v2\/tags?post=145777"}],"curies":[{"name":"wp","href":"https:\/\/api.w.org\/{rel}","templated":true}]}}