{"id":145836,"date":"2025-12-11T23:54:23","date_gmt":"2025-12-11T23:54:23","guid":{"rendered":"https:\/\/www.europesays.com\/pl\/145836\/"},"modified":"2025-12-11T23:54:23","modified_gmt":"2025-12-11T23:54:23","slug":"dziennikarka-tvp-starla-sie-z-senatorem-pis-prosze-mnie-nie-dotykac","status":"publish","type":"post","link":"https:\/\/www.europesays.com\/pl\/145836\/","title":{"rendered":"Dziennikarka TVP star\u0142a si\u0119 z senatorem PiS. &#8222;Prosz\u0119 mnie nie dotyka\u0107&#8221;"},"content":{"rendered":"<p class=\"ods-c-paragraph \">Wszystko zacz\u0119\u0142o si\u0119 od pytania o nieobecno\u015b\u0107 Polski przy stole rozm\u00f3w dotycz\u0105cych plan\u00f3w pokojowych dla Ukrainy. Justyna Dobrosz-Oracz wskaza\u0142a, \u017ce \u2014 jej zdaniem \u2014 prezydent <a href=\"https:\/\/plejada.pl\/temat\/karol-nawrocki-prezydent\/nzlwdg6\" id=\"d1444969-4f52-4c56-a78e-ff15aef20707\" rel=\"nofollow noopener\" target=\"_blank\">Karol Nawrocki<\/a> m\u00f3g\u0142by wykorzysta\u0107 swoje relacje z Donaldem Trumpem, by zwi\u0119kszy\u0107 polski wp\u0142yw na stanowisko USA wobec Rosji.<\/p>\n<p class=\"ods-c-paragraph \">Senator Wojciech Skurkiewicz natychmiast odpar\u0142, \u017ce dziennikarka &#8222;myli poj\u0119cia&#8221;, mieszaj\u0105c ze sob\u0105 kwesti\u0119 koalicji pa\u0144stw zaanga\u017cowanych w pomoc dla Ukrainy oraz bilateraln\u0105 wsp\u00f3\u0142prac\u0119 dyplomatyczn\u0105. Gdy reporterka dopytywa\u0142a o szczeg\u00f3\u0142y, polityk zacz\u0105\u0142 broni\u0107 stanowiska Donalda Trumpa, co wyra\u017anie spot\u0119gowa\u0142o napi\u0119cie.<\/p>\n<p>Dalszy ci\u0105g artyku\u0142u pod materia\u0142em wideo<\/p>\n<p> Co wywo\u0142a\u0142o napi\u0119cie mi\u0119dzy dziennikark\u0105 a senatorem? <\/p>\n<p> Jakie oskar\u017cenia pad\u0142y z ust Justyny Dobrosz-Oracz? <\/p>\n<p> Co senator Skurkiewicz chcia\u0142 zrobi\u0107 z mikrofonem dziennikarki? <\/p>\n<p> Jak zareagowa\u0142a Justyna Dobrosz-Oracz na pr\u00f3b\u0119 wy\u0142\u0105czenia mikrofonu? <\/p>\n<p>  Awantura w Sejmie. Starcie reporterki TVP z senatorem PiS<\/p>\n<p class=\"ods-c-paragraph \">W pewnym momencie rozmowa przybra\u0142a zdecydowanie ostrzejszy ton. \u2014 Niech pani nie zachowuje si\u0119, jakby mia\u0142a pani orzeszek w g\u0142owie, a nie m\u00f3zg \u2014 rzuci\u0142 senator.<\/p>\n<p class=\"ods-c-paragraph \"><a href=\"https:\/\/plejada.pl\/temat\/justyna-dobrosz-oracz\/qevcnxs\" id=\"3f62eee4-c26b-4e4a-a012-f81b756fd96b\" rel=\"nofollow noopener\" target=\"_blank\">Justyna Dobrosz-Oracz<\/a> nie pozosta\u0142a d\u0142u\u017cna. Wytkn\u0119\u0142a politykowi PiS ignorowanie fakt\u00f3w i zarzuci\u0142a manipulacj\u0119 informacjami, co tylko podgrza\u0142o atmosfer\u0119.<\/p>\n<p class=\"ods-c-paragraph \">Punktem kulminacyjnym by\u0142o zachowanie senatora, kt\u00f3ry \u2014 jak wida\u0107 na powy\u017cszym nagraniu \u2014 si\u0119gn\u0105\u0142 do mikrofonu trzymanego przez reporterk\u0119, pr\u00f3buj\u0105c go wy\u0142\u0105czy\u0107. Dziennikarka natychmiast zaprotestowa\u0142a.<\/p>\n<blockquote class=\"ods-o-quota\">\n<p class=\"ods-o-quota__paragraph\">Prosz\u0119 mnie nie dotyka\u0107! To jest d\u017awi\u0119k grany! Prosz\u0119 nie narusza\u0107 mojej nietykalno\u015bci osobistej!<\/p>\n<\/blockquote>\n<p class=\"ods-c-paragraph \">\u2014 podkre\u015bli\u0142a prowadz\u0105ca program &#8222;Bez trybu&#8221;.<\/p>\n<blockquote class=\"ods-o-quota\"><\/blockquote>\n<p class=\"ods-c-paragraph \">\u2014 odpowiedzia\u0142 Skurkiewicz.<\/p>\n<blockquote class=\"ods-o-quota\"><\/blockquote>\n<p class=\"ods-c-paragraph \">\u2014 odpar\u0142a Dobrosz-Oracz, po czym zako\u0144czy\u0142a rozmow\u0119.<\/p>\n<p><img decoding=\"async\" src=\"https:\/\/www.europesays.com\/pl\/wp-content\/uploads\/2025\/12\/HGrk9lBaHR0cHM6Ly9vY2RuLmV1L3B1bHNjbXMvTURBXy80M2UxZTdjNjlhODNhNzNiMzU4ZmIzODgzMzU1N2RmNi5wbmeRlQLNB.jpeg\" height=\"484\" width=\"702\" alt=\"Justyna Dobrosz-Oracz i Wojciech Skurkiewicz\" loading=\"lazy\" class=\"ods-c-image__img ods-c-image__img--viewport-width\"\/><\/p>\n<p>Justyna Dobrosz-Oracz i Wojciech Skurkiewiczscreen, x.com\/@tvp_info \/ TVP<\/p>\n<p class=\"ods-c-paragraph \">Dzi\u0119kujemy, \u017ce przeczyta\u0142a\u015b\/e\u015b nasz artyku\u0142 do ko\u0144ca. W serwisie Plejada.pl ka\u017cdego dnia piszemy o najwa\u017cniejszych wydarzeniach show-biznesowych. B\u0105d\u017a na bie\u017c\u0105co! <a rel=\"nofollow noopener\" href=\"https:\/\/profile.google.com\/cp\/Cg0vZy8xMWJ6X19wdHBx\" id=\"d645b7bc-ab2b-4601-b6a0-6c871ace5db7\" target=\"_blank\">Obserwuj<\/a> Plejad\u0119 w Google. Odwied\u017a nas tak\u017ce na <a rel=\"nofollow noopener\" href=\"https:\/\/www.facebook.com\/plejadapl\" id=\"1be09b7a-295c-4eb8-abe4-70ed51c85b6f\" target=\"_blank\">Facebooku<\/a>, <a rel=\"nofollow noopener\" href=\"https:\/\/www.instagram.com\/plejadapl\/\" id=\"df095bc4-c588-4710-a4d7-03a1e088972c\" target=\"_blank\">Instagramie<\/a>, <a rel=\"nofollow noopener\" href=\"https:\/\/www.youtube.com\/c\/plejada\" id=\"3e04341b-32ff-4f52-94db-1639de64fde0\" target=\"_blank\">YouTubie<\/a> oraz <a rel=\"nofollow noopener\" href=\"https:\/\/www.tiktok.com\/@plejada_pl\" id=\"5124003d-6762-4038-bf8d-a25dec30459a\" target=\"_blank\">TikToku<\/a>.<\/p>\n<p class=\"ods-c-paragraph \">Chcesz podzieli\u0107 si\u0119 ciekawym newsem lub zaproponowa\u0107 temat? Skontaktuj si\u0119 z nami, pisz\u0105c maila na adres: <a rel=\"nofollow noopener\" href=\"https:\/\/plejada.pl\/newsy\/dziennikarka-tvp-starla-sie-z-senatorem-pis-prosze-mnie-nie-dotykac\/mailto:plejada@redakcjaonet.pl\" id=\"b4ce1baf-863e-4a9e-8a83-2e9373655d95\" target=\"_blank\">plejada@redakcjaon<\/a><a rel=\"nofollow noopener\" href=\"https:\/\/et.pl\/\" id=\"33c326a7-1a4d-43ed-8806-84d7de5655fd\" target=\"_blank\">et.pl<\/a>.<\/p>\n<p><script async src=\"\/\/www.instagram.com\/embed.js\"><\/script><script async src=\"\/\/www.tiktok.com\/embed.js\"><\/script><\/p>\n","protected":false},"excerpt":{"rendered":"Wszystko zacz\u0119\u0142o si\u0119 od pytania o nieobecno\u015b\u0107 Polski przy stole rozm\u00f3w dotycz\u0105cych plan\u00f3w pokojowych dla Ukrainy. Justyna Dobrosz-Oracz&hellip;\n","protected":false},"author":2,"featured_media":145837,"comment_status":"","ping_status":"","sticky":false,"template":"","format":"standard","meta":{"footnotes":""},"categories":[5],"tags":[32,33,36,37,27,9537,34,35,28,31,48,25,125,46,42,38,40,39,41,25865,47,29,30,506,26],"class_list":{"0":"post-145836","1":"post","2":"type-post","3":"status-publish","4":"format-standard","5":"has-post-thumbnail","7":"category-naglowki","8":"tag-breaking-news","9":"tag-breakingnews","10":"tag-featured-news","11":"tag-featurednews","12":"tag-headlines","13":"tag-justyna_dobrosz_oracz","14":"tag-latest-news","15":"tag-latestnews","16":"tag-naglowki","17":"tag-najwazniejsze-artykuly","18":"tag-nat_styl","19":"tag-news","20":"tag-newsy","21":"tag-omp","22":"tag-pl","23":"tag-poland","24":"tag-polish","25":"tag-polska","26":"tag-polski","27":"tag-rebrand_ai_tst0","28":"tag-screening_general","29":"tag-top-stories","30":"tag-topstories","31":"tag-tvp","32":"tag-wiadomosci"},"share_on_mastodon":{"url":"https:\/\/pubeurope.com\/@pl\/115703635539505584","error":""},"_links":{"self":[{"href":"https:\/\/www.europesays.com\/pl\/wp-json\/wp\/v2\/posts\/145836","targetHints":{"allow":["GET"]}}],"collection":[{"href":"https:\/\/www.europesays.com\/pl\/wp-json\/wp\/v2\/posts"}],"about":[{"href":"https:\/\/www.europesays.com\/pl\/wp-json\/wp\/v2\/types\/post"}],"author":[{"embeddable":true,"href":"https:\/\/www.europesays.com\/pl\/wp-json\/wp\/v2\/users\/2"}],"replies":[{"embeddable":true,"href":"https:\/\/www.europesays.com\/pl\/wp-json\/wp\/v2\/comments?post=145836"}],"version-history":[{"count":0,"href":"https:\/\/www.europesays.com\/pl\/wp-json\/wp\/v2\/posts\/145836\/revisions"}],"wp:featuredmedia":[{"embeddable":true,"href":"https:\/\/www.europesays.com\/pl\/wp-json\/wp\/v2\/media\/145837"}],"wp:attachment":[{"href":"https:\/\/www.europesays.com\/pl\/wp-json\/wp\/v2\/media?parent=145836"}],"wp:term":[{"taxonomy":"category","embeddable":true,"href":"https:\/\/www.europesays.com\/pl\/wp-json\/wp\/v2\/categories?post=145836"},{"taxonomy":"post_tag","embeddable":true,"href":"https:\/\/www.europesays.com\/pl\/wp-json\/wp\/v2\/tags?post=145836"}],"curies":[{"name":"wp","href":"https:\/\/api.w.org\/{rel}","templated":true}]}}