{"id":145856,"date":"2025-12-12T00:17:08","date_gmt":"2025-12-12T00:17:08","guid":{"rendered":"https:\/\/www.europesays.com\/pl\/145856\/"},"modified":"2025-12-12T00:17:08","modified_gmt":"2025-12-12T00:17:08","slug":"krzysztof-zalewski-wzywa-do-bojkotu-eurowizji-apeluje-do-tvp","status":"publish","type":"post","link":"https:\/\/www.europesays.com\/pl\/145856\/","title":{"rendered":"Krzysztof Zalewski wzywa do bojkotu Eurowizji. Apeluje do TVP"},"content":{"rendered":"<p class=\"ods-c-paragraph \">Telewizja Polska potwierdzi\u0142a, \u017ce Polska we\u017amie udzia\u0142 w 70. Konkursie Piosenki Eurowizji. Decyzja zapad\u0142a mimo narastaj\u0105cych napi\u0119\u0107 zwi\u0105zanych z dopuszczeniem Izraela do jubileuszowej edycji, co doprowadzi\u0142o do wycofania si\u0119 kilku kraj\u00f3w \u2014 Holandii, Hiszpanii, Islandii, Irlandii oraz S\u0142owenii. <\/p>\n<blockquote class=\"ods-o-quota\">\n<p class=\"ods-o-quota__paragraph\">Jeste\u015bmy \u015bwiadomi skali napi\u0119\u0107, kt\u00f3re towarzysz\u0105 najbli\u017cszej edycji. Rozumiemy emocje i niepokoje. Wierzymy jednak, \u017ce Eurowizja ma jeszcze szans\u0119 na to, by ponownie sta\u0107 si\u0119 przestrzeni\u0105, kt\u00f3r\u0105 wype\u0142nia muzyka. I tylko muzyka. My t\u0119 szans\u0119 dajemy, tak jak przewa\u017caj\u0105ca wi\u0119kszo\u015b\u0107 cz\u0142onk\u00f3w EBU<\/p>\n<\/blockquote>\n<p class=\"ods-c-paragraph \">\u2014 <a href=\"https:\/\/plejada.pl\/newsy\/tvp-zabrala-glos-w-sprawie-eurowizji-2026-wiemy-co-z-udzialem-polski\/r4yc9re\" id=\"0452f57e-8911-4e5d-84e0-7a09dab5685c\" rel=\"nofollow noopener\" target=\"_blank\">czytamy w komunikacie TVP<\/a>.<\/p>\n<p>Dalszy ci\u0105g artyku\u0142u pod materia\u0142em wideo<\/p>\n<p> Dlaczego Krzysztof Zalewski wzywa do bojkotu Eurowizji? <\/p>\n<p> Jakie kraje og\u0142osi\u0142y bojkot Eurowizji? <\/p>\n<p> Kiedy odb\u0119dzie si\u0119 Eurowizja 2026? <\/p>\n<p> Kiedy poznamy polskiego reprezentanta na Eurowizj\u0119? <\/p>\n<p>  Krzysztof Zalewski wzywa do bojkotu Eurowizji<\/p>\n<p class=\"ods-c-paragraph \">Decyzja TVP nie spotka\u0142a si\u0119 jednak z powszechn\u0105 akceptacj\u0105. W gronie os\u00f3b otwarcie krytykuj\u0105cych pozostanie Polski w konkursie znale\u017ali si\u0119 <a href=\"https:\/\/plejada.pl\/temat\/krzysztof-zalewski\/65rfyn3\" id=\"d1b5cb38-beea-444a-99c5-f8edb2bdb7f6\" rel=\"nofollow noopener\" target=\"_blank\">Krzysztof Zalewski<\/a> i Julia Kaffka, kt\u00f3rzy w mediach spo\u0142eczno\u015bciowych wezwali publicznego nadawc\u0119 do bojkotu Eurowizji 2026.<\/p>\n<p class=\"ods-c-paragraph \">&#8222;TVP og\u0142osi\u0142o dzi\u015b, \u017ce cho\u0107 jest \u015bwiadome skali napi\u0119\u0107, to Polska wystartuje w Eurowizji, do kt\u00f3rej dopuszczono Izrael. Tymczasem bojkot konkursu og\u0142osi\u0142y ju\u017c Hiszpania, Islandia, Holandia, Irlandia i S\u0142owenia. Telewizja Polska, mo\u017ce ogarniecie si\u0119 teraz, a nie b\u0119dziemy tego ci\u0105gn\u0105\u0107?&#8221; \u2014 napisa\u0142a Kaffka. <\/p>\n<blockquote class=\"ods-o-quota\">\n<p class=\"ods-o-quota__paragraph\">Do\u0142\u0105czajcie do oddolnego bojkotu! Wczoraj z Krzysztofem Zalewskim obdzwaniali\u015bmy wszystko i wszystkich \u2014 rzecznikowi nagrali\u015bmy si\u0119 na skrzynk\u0119, bo niestety nie odebra\u0142<\/p>\n<\/blockquote>\n<p class=\"ods-c-paragraph \">\u2014 doda\u0142a, zamieszczaj\u0105c r\u00f3wnie\u017c numery telefon\u00f3w do Telewizji Polskiej, by u\u0142atwi\u0107 innym do\u0142\u0105czenie do protestu.<\/p>\n<p class=\"ods-c-paragraph \">Eurowizja 2026 odb\u0119dzie si\u0119 12, 14 i 16 maja 2026 r. w Wiedniu. Polskiego reprezentanta poznamy 14 lutego podczas krajowych preselekcji.<\/p>\n<p class=\"ods-c-paragraph \">Dzi\u0119kujemy, \u017ce przeczyta\u0142a\u015b\/e\u015b nasz artyku\u0142 do ko\u0144ca. W serwisie Plejada.pl ka\u017cdego dnia piszemy o najwa\u017cniejszych wydarzeniach show-biznesowych. B\u0105d\u017a na bie\u017c\u0105co! <a rel=\"nofollow noopener\" href=\"https:\/\/profile.google.com\/cp\/Cg0vZy8xMWJ6X19wdHBx\" id=\"77dd22cf-e4e5-4c0a-b465-5570a8ab92a1\" target=\"_blank\">Obserwuj<\/a> Plejad\u0119 w Google. Odwied\u017a nas tak\u017ce na <a rel=\"nofollow noopener\" href=\"https:\/\/www.facebook.com\/plejadapl\" id=\"a0ab1a5e-a71c-4eab-bc17-94b1b9330a0c\" target=\"_blank\">Facebooku<\/a>, <a rel=\"nofollow noopener\" href=\"https:\/\/www.instagram.com\/plejadapl\/\" id=\"b25c79ce-c078-4f87-9d93-e3cc5b5df21b\" target=\"_blank\">Instagramie<\/a>, <a rel=\"nofollow noopener\" href=\"https:\/\/www.youtube.com\/c\/plejada\" id=\"6154ddf5-02f3-42f9-8880-8216baa03fd7\" target=\"_blank\">YouTubie<\/a> oraz <a rel=\"nofollow noopener\" href=\"https:\/\/www.tiktok.com\/@plejada_pl\" id=\"7430fba9-5f78-477d-a896-39074382a1b2\" target=\"_blank\">TikToku<\/a>.<\/p>\n<p class=\"ods-c-paragraph \">Chcesz podzieli\u0107 si\u0119 ciekawym newsem lub zaproponowa\u0107 temat? Skontaktuj si\u0119 z nami, pisz\u0105c maila na adres: <a rel=\"nofollow noopener\" href=\"https:\/\/plejada.pl\/newsy\/krzysztof-zalewski-wzywa-do-bojkotu-eurowizji-apeluje-do-tvp\/mailto:plejada@redakcjaonet.pl\" id=\"b09bbf17-11a1-4d0d-828d-628f37001a72\" target=\"_blank\">plejada@redakcjaon<\/a><a rel=\"nofollow noopener\" href=\"https:\/\/et.pl\/\" id=\"edd2f8f6-2a32-4d22-828c-39b36d0a24c0\" target=\"_blank\">et.pl<\/a>.<\/p>\n<p><script async src=\"\/\/www.instagram.com\/embed.js\"><\/script><script async src=\"\/\/www.tiktok.com\/embed.js\"><\/script><\/p>\n","protected":false},"excerpt":{"rendered":"Telewizja Polska potwierdzi\u0142a, \u017ce Polska we\u017amie udzia\u0142 w 70. Konkursie Piosenki Eurowizji. Decyzja zapad\u0142a mimo narastaj\u0105cych napi\u0119\u0107 zwi\u0105zanych&hellip;\n","protected":false},"author":2,"featured_media":145857,"comment_status":"","ping_status":"","sticky":false,"template":"","format":"standard","meta":{"footnotes":""},"categories":[22],"tags":[122,552,3288,48,125,46,42,38,40,39,41,25865,123,47,506],"class_list":{"0":"post-145856","1":"post","2":"type-post","3":"status-publish","4":"format-standard","5":"has-post-thumbnail","7":"category-rozrywka","8":"tag-entertainment","9":"tag-eurowizja","10":"tag-krzysztof_zalewski","11":"tag-nat_styl","12":"tag-newsy","13":"tag-omp","14":"tag-pl","15":"tag-poland","16":"tag-polish","17":"tag-polska","18":"tag-polski","19":"tag-rebrand_ai_tst0","20":"tag-rozrywka","21":"tag-screening_general","22":"tag-tvp"},"share_on_mastodon":{"url":"https:\/\/pubeurope.com\/@pl\/115703725623692597","error":""},"_links":{"self":[{"href":"https:\/\/www.europesays.com\/pl\/wp-json\/wp\/v2\/posts\/145856","targetHints":{"allow":["GET"]}}],"collection":[{"href":"https:\/\/www.europesays.com\/pl\/wp-json\/wp\/v2\/posts"}],"about":[{"href":"https:\/\/www.europesays.com\/pl\/wp-json\/wp\/v2\/types\/post"}],"author":[{"embeddable":true,"href":"https:\/\/www.europesays.com\/pl\/wp-json\/wp\/v2\/users\/2"}],"replies":[{"embeddable":true,"href":"https:\/\/www.europesays.com\/pl\/wp-json\/wp\/v2\/comments?post=145856"}],"version-history":[{"count":0,"href":"https:\/\/www.europesays.com\/pl\/wp-json\/wp\/v2\/posts\/145856\/revisions"}],"wp:featuredmedia":[{"embeddable":true,"href":"https:\/\/www.europesays.com\/pl\/wp-json\/wp\/v2\/media\/145857"}],"wp:attachment":[{"href":"https:\/\/www.europesays.com\/pl\/wp-json\/wp\/v2\/media?parent=145856"}],"wp:term":[{"taxonomy":"category","embeddable":true,"href":"https:\/\/www.europesays.com\/pl\/wp-json\/wp\/v2\/categories?post=145856"},{"taxonomy":"post_tag","embeddable":true,"href":"https:\/\/www.europesays.com\/pl\/wp-json\/wp\/v2\/tags?post=145856"}],"curies":[{"name":"wp","href":"https:\/\/api.w.org\/{rel}","templated":true}]}}