{"id":145858,"date":"2025-12-12T00:21:11","date_gmt":"2025-12-12T00:21:11","guid":{"rendered":"https:\/\/www.europesays.com\/pl\/145858\/"},"modified":"2025-12-12T00:21:11","modified_gmt":"2025-12-12T00:21:11","slug":"polska-i-ukraina-podpisaly-nowa-umowe-chodzi-o-zwalczanie-przestepczosci","status":"publish","type":"post","link":"https:\/\/www.europesays.com\/pl\/145858\/","title":{"rendered":"Polska i Ukraina podpisa\u0142y now\u0105 umow\u0119. Chodzi o zwalczanie przest\u0119pczo\u015bci"},"content":{"rendered":"<ul class=\"UnorderedList_container__nmfSl\">\n<li class=\"UnorderedList_listElement__Py7xi\" data-id=\"ai-summary-link\">Du\u017co czytania, a ma\u0142o czasu? Sprawd\u017a\u00a0skr\u00f3t\u00a0artyku\u0142u<\/li>\n<\/ul>\n<p class=\"Paragraph_desktopParagraph__U31Gm\">&#8222;Dzi\u015b we Lwowie wsp\u00f3lnie z ministrem Ihorem K\u0142ymenk\u0105 podpisali\u015bmy umow\u0119 o wsp\u00f3\u0142pracy w zwalczaniu przest\u0119pczo\u015bci. Zast\u0105pi dotychczasow\u0105 umow\u0119 z 1999 r. Celem jest stworzenia lepszych ram prawnych dla wykrywania, zapobiegania i zwalczania przest\u0119pczo\u015bci, w tym akt\u00f3w sabota\u017cu&#8221; \u2014 napisa\u0142 w czwartek na platformie X szef MSWiA Marcin Kierwi\u0144ski.<\/p>\n<p>Polska i Ukraina podpisa\u0142y now\u0105 umow\u0119. Chodzi o zwalczanie przest\u0119pczo\u015bci <\/p>\n<p class=\"Paragraph_desktopParagraph__U31Gm\">W czwartkowym komunikacie MSWiA zaznaczy\u0142o, \u017ce po wej\u015bciu umowy w \u017cycie mo\u017cliwa b\u0119dzie skuteczniejsza wymiana informacji pomi\u0119dzy s\u0142u\u017cbami polskimi i ukrai\u0144skimi. &#8222;Podpisanie umowy stanowi efekt kilkuletnich prac zespo\u0142\u00f3w negocjacyjnych obu pa\u0144stw&#8221; \u2014 czytamy.<\/p>\n<ul class=\"OchatFollowUps_wrapper__1ry7X\">\n<li class=\"OchatFollowUps_item__Dhyly OchatFollowUps_itemDesktop__R6aBv\">Jakie s\u0105 g\u0142\u00f3wne cele nowej umowy mi\u0119dzy Polsk\u0105 a Ukrain\u0105?<\/li>\n<li class=\"OchatFollowUps_item__Dhyly OchatFollowUps_itemDesktop__R6aBv\">Kiedy podpisano now\u0105 umow\u0119 o wsp\u00f3\u0142pracy?<\/li>\n<li class=\"OchatFollowUps_item__Dhyly OchatFollowUps_itemDesktop__R6aBv\">Jaki temat by\u0142 poruszany przez Kierwi\u0144skiego i K\u0142ymenk\u0119?<\/li>\n<li class=\"OchatFollowUps_item__Dhyly OchatFollowUps_itemDesktop__R6aBv\">Co zast\u0119puje nowa umowa z 2025 roku?<\/li>\n<\/ul>\n<p class=\"Paragraph_desktopParagraph__U31Gm\">Z komunikatu wynika, \u017ce Kierwi\u0144ski i K\u0142ymenko rozmawiali o zagro\u017ceniach, jakie stwarza wrogie u\u017cycie dron\u00f3w, w szczeg\u00f3lno\u015bci, jakie s\u0105 najlepsze metody ich wykrywania i neutralizacji.<\/p>\n<p class=\"Paragraph_desktopParagraph__U31Gm\">&#8222;Wskazano tak\u017ce, jak wa\u017cna jest ochrona obiekt\u00f3w infrastruktury krytycznej przed dronami. Do\u015bwiadczenia ukrai\u0144skie zwi\u0105zane z atakami przeprowadzanymi przy pomocy dron\u00f3w zostan\u0105 wykorzystane w Polsce tak\u017ce dla potrzeb ochrony ludno\u015bci cywilnej. Wymiana do\u015bwiadcze\u0144 b\u0119dzie te\u017c dotyczy\u0107 metod zapobiegania i \u015bcigania akt\u00f3w dywersji i terroryzmu, takich jak wysadzenie tor\u00f3w kolejowych&#8221; \u2014 podkre\u015blono w komunikacie. Zaznaczono, \u017ce Polska i Ukraina powinny tak\u017ce wzmocni\u0107 wsp\u00f3\u0142prac\u0119 w zakresie przeciwdzia\u0142ania rosyjskiej dezinformacji, w szczeg\u00f3lno\u015bci za pomoc\u0105 medi\u00f3w spo\u0142eczno\u015bciowych. &#8222;Tre\u015bci dezinformuj\u0105ce powinny by\u0107 szybko identyfikowane w skoordynowany spos\u00f3b&#8221; \u2014 czytamy w komunikacie.<\/p>\n<p class=\"Paragraph_desktopParagraph__U31Gm\">MSWiA poinformowa\u0142o, \u017ce Kierwi\u0144ski zaoferowa\u0142 wsparcie dla Ukrainy w jej staraniach na rzecz jej modernizacji i odbudowy po zako\u0144czeniu wojny, na drodze do jej integracji z Uni\u0105 Europejsk\u0105, w oparciu o polskie do\u015bwiadczenia akcesyjne.<\/p>\n<p class=\"Paragraph_desktopParagraph__U31Gm\">Zgodnie z umow\u0105 z 1999 r. oba kraje zobowi\u0105zywa\u0142y si\u0119 do wsp\u00f3\u0142pracy mi\u0119dzy organami ochrony bezpiecze\u0144stwa i porz\u0105dku publicznego w zakresie zapobiegania przest\u0119pczo\u015bci zorganizowanej, jej zwalczania oraz ujawniania sprawc\u00f3w przest\u0119pstw, w szczeg\u00f3lno\u015bci: terroryzmu, kradzie\u017cy materia\u0142\u00f3w promieniotw\u00f3rczych i nielegalnego obrotu tymi materia\u0142ami, nielegalnego handlu broni\u0105 i amunicj\u0105, materia\u0142ami wybuchowymi i innymi niebezpiecznymi materia\u0142ami oraz nielegalnej ich produkcji.<\/p>\n<p class=\"Paragraph_desktopParagraph__U31Gm\">Umowa obejmowa\u0142a r\u00f3wnie\u017c m.in. zapobieganie nielegalnej migracji i przemytu ludzi, fa\u0142szowania pieni\u0119dzy i innych \u015brodk\u00f3w p\u0142atniczych, czy zapobieganie legalizowaniu dochod\u00f3w pochodz\u0105cych z przest\u0119pstw.<\/p>\n<p class=\"Paragraph_desktopParagraph__U31Gm\">Strony zobowi\u0105zywa\u0142y si\u0119 tak\u017ce do wsp\u00f3\u0142pracy w zakresie: poszukiwania os\u00f3b podejrzanych o pope\u0142nienie przest\u0119pstwa lub uchylaj\u0105cych si\u0119 od odbycia orzeczonej kary, poszukiwania os\u00f3b zaginionych, a tak\u017ce podejmowania czynno\u015bci zwi\u0105zanych z potrzeb\u0105 identyfikacji os\u00f3b oraz nieznanych zw\u0142ok.<\/p>\n","protected":false},"excerpt":{"rendered":"Du\u017co czytania, a ma\u0142o czasu? Sprawd\u017a\u00a0skr\u00f3t\u00a0artyku\u0142u &#8222;Dzi\u015b we Lwowie wsp\u00f3lnie z ministrem Ihorem K\u0142ymenk\u0105 podpisali\u015bmy umow\u0119 o wsp\u00f3\u0142pracy&hellip;\n","protected":false},"author":2,"featured_media":145859,"comment_status":"","ping_status":"","sticky":false,"template":"","format":"standard","meta":{"footnotes":""},"categories":[12],"tags":[32,33,36,37,27,34,35,1509,28,31,53,25,52,68,51,55,42,38,40,39,41,47,29,30,390,65,50,26],"class_list":{"0":"post-145858","1":"post","2":"type-post","3":"status-publish","4":"format-standard","5":"has-post-thumbnail","7":"category-polska","8":"tag-breaking-news","9":"tag-breakingnews","10":"tag-featured-news","11":"tag-featurednews","12":"tag-headlines","13":"tag-latest-news","14":"tag-latestnews","15":"tag-marcin_kierwinski_polityk","16":"tag-naglowki","17":"tag-najwazniejsze-artykuly","18":"tag-new_header","19":"tag-news","20":"tag-onet3","21":"tag-onet3d","22":"tag-onet3d_2i","23":"tag-phx","24":"tag-pl","25":"tag-poland","26":"tag-polish","27":"tag-polska","28":"tag-polski","29":"tag-screening_general","30":"tag-top-stories","31":"tag-topstories","32":"tag-ukraina_ukrainiec_ukrainka_ukraincy_ukrainki","33":"tag-update_me","34":"tag-v2021","35":"tag-wiadomosci"},"share_on_mastodon":{"url":"https:\/\/pubeurope.com\/@pl\/115703741440313350","error":""},"_links":{"self":[{"href":"https:\/\/www.europesays.com\/pl\/wp-json\/wp\/v2\/posts\/145858","targetHints":{"allow":["GET"]}}],"collection":[{"href":"https:\/\/www.europesays.com\/pl\/wp-json\/wp\/v2\/posts"}],"about":[{"href":"https:\/\/www.europesays.com\/pl\/wp-json\/wp\/v2\/types\/post"}],"author":[{"embeddable":true,"href":"https:\/\/www.europesays.com\/pl\/wp-json\/wp\/v2\/users\/2"}],"replies":[{"embeddable":true,"href":"https:\/\/www.europesays.com\/pl\/wp-json\/wp\/v2\/comments?post=145858"}],"version-history":[{"count":0,"href":"https:\/\/www.europesays.com\/pl\/wp-json\/wp\/v2\/posts\/145858\/revisions"}],"wp:featuredmedia":[{"embeddable":true,"href":"https:\/\/www.europesays.com\/pl\/wp-json\/wp\/v2\/media\/145859"}],"wp:attachment":[{"href":"https:\/\/www.europesays.com\/pl\/wp-json\/wp\/v2\/media?parent=145858"}],"wp:term":[{"taxonomy":"category","embeddable":true,"href":"https:\/\/www.europesays.com\/pl\/wp-json\/wp\/v2\/categories?post=145858"},{"taxonomy":"post_tag","embeddable":true,"href":"https:\/\/www.europesays.com\/pl\/wp-json\/wp\/v2\/tags?post=145858"}],"curies":[{"name":"wp","href":"https:\/\/api.w.org\/{rel}","templated":true}]}}