{"id":145882,"date":"2025-12-12T01:09:15","date_gmt":"2025-12-12T01:09:15","guid":{"rendered":"https:\/\/www.europesays.com\/pl\/145882\/"},"modified":"2025-12-12T01:09:15","modified_gmt":"2025-12-12T01:09:15","slug":"zachod-znow-winny-wszystkiemu-a-polska-w-ocenie-lawrowa-podbija-stawke-jawna-militarystyczna-histeria","status":"publish","type":"post","link":"https:\/\/www.europesays.com\/pl\/145882\/","title":{"rendered":"Zach\u00f3d zn\u00f3w winny wszystkiemu. A Polska \u2013 w ocenie \u0141awrowa \u2013 podbija stawk\u0119. &#8222;Jawna militarystyczna histeria&#8221;"},"content":{"rendered":"<p>W obliczu narastaj\u0105cych napi\u0119\u0107 na wschodniej flance Europy oraz przeci\u0105gaj\u0105cych si\u0119 dzia\u0142a\u0144 wojennych w Ukrainie Rosja pr\u00f3buje ponownie zaznaczy\u0107 swoj\u0105 pozycj\u0119 przy stole negocjacyjnym.<\/p>\n<p>Rosja przekaza\u0142a Stanom Zjednoczonym nowe propozycje dotycz\u0105ce zbiorowych gwarancji bezpiecze\u0144stwa, b\u0119d\u0105ce cz\u0119\u015bci\u0105 negocjacji w sprawie zako\u0144czenia wojny w Ukrainie \u2014 poinformowa\u0142 <a href=\"https:\/\/wiadomosci.onet.pl\/swiat\/siergiej-lawrow-proponuje-europie-pakt-o-nieagresji-jestesmy-gotowi-zapisac\/k08z9c5\" id=\"6564a5f1-6605-49dd-b314-fff2786db43b\" rel=\"nofollow noopener\" target=\"_blank\">w czwartek 11 grudnia <\/a>rosyjski minister spraw zagranicznych Siergiej \u0141awrow.<\/p>\n<p>Stwierdzi\u0142 tak\u017ce, \u017ce trwaj\u0105ce rozmowy mi\u0119dzy Rosj\u0105 a USA koncentruj\u0105 si\u0119 na osi\u0105gni\u0119ciu d\u0142ugoterminowego porozumienia ko\u0144cz\u0105cego konflikt.<\/p>\n<p>\u0141awrow utrzymywa\u0142 r\u00f3wnie\u017c, \u017ce Polska, zamierza znacz\u0105co wzmocni\u0107 swoj\u0105 obecno\u015b\u0107 wojskow\u0105 na granicach z Bia\u0142orusi\u0105 \u2014 jak stwierdzi\u0142, maj\u0105 tam trafi\u0107 dodatkowe kontyngenty, nowy sprz\u0119t oraz infrastruktura logistyczna. W jego ocenie \u015bwiadczy to o rosn\u0105cym napi\u0119ciu i przygotowaniach do ewentualnej eskalacji.<\/p>\n<p>Rosja pr\u00f3buje nada\u0107 ton rozmowom o pokoju, jednocze\u015bnie oskar\u017caj\u0105c Europ\u0119 o rosn\u0105c\u0105 gotowo\u015b\u0107 do konfrontacji. W tym napi\u0119tym uk\u0142adzie Kreml stara si\u0119 przedstawia\u0107 w\u0142asne propozycje jako jedyn\u0105 rozs\u0105dn\u0105 drog\u0119 wyj\u015bcia z kryzysu.<\/p>\n<blockquote class=\"ods-o-quota\">\n<p class=\"ods-o-quota__paragraph\">Sama Polska og\u0142osi\u0142a zamiar zwi\u0119kszenia produkcji amunicji 155 mm trzydziestokrotnie. I teraz pr\u00f3buj\u0105 przekona\u0107 wszystkich, \u017ce nie przygotowuj\u0105 si\u0119 do wojny, tylko do jakiego\u015b sprawiedliwego pokoju w Ukrainie<\/p>\n<\/blockquote>\n<p class=\"ods-c-paragraph \">\u2014 stwierdzi\u0142.<\/p>\n<p class=\"ods-c-paragraph \">\u0141awrow zarzuci\u0142 r\u00f3wnie\u017c europejskim liderom, \u017ce usilnie pr\u00f3buj\u0105 nada\u0107 sobie kluczow\u0105 rol\u0119 w procesie pokojowym \u2014 jego zdaniem g\u0142\u00f3wnie po to, by podkre\u015bli\u0107 w\u0142asn\u0105 polityczn\u0105 wag\u0119. Wskaza\u0142 tu przede wszystkim Emmanuela Macrona, kt\u00f3ry, jak m\u00f3wi\u0142, z wielk\u0105 pewno\u015bci\u0105 siebie twierdzi, \u017ce <a href=\"https:\/\/wiadomosci.onet.pl\/tylko-w-onecie\/brak-polski-na-szczycie-w-londynie-ostre-slowa-eksperta-sami-sie-wypchnelismy\/wtv5y8g\" id=\"09a0db0b-b931-4029-8186-9a5c6e04cd93\" rel=\"nofollow noopener\" target=\"_blank\">bez udzia\u0142u Europy<\/a> \u017cadne decyzje dotycz\u0105ce przysz\u0142o\u015bci Ukrainy nie mog\u0105 zapa\u015b\u0107. \u0141awrow sugerowa\u0142, \u017ce takie deklaracje s\u0105 bardziej przejawem ambicji europejskich stolic ni\u017c realnym wk\u0142adem w rozwi\u0105zanie konfliktu.<\/p>\n<blockquote class=\"ods-o-quota\">\n<p class=\"ods-o-quota__paragraph\">[Europejczycy] pr\u00f3buj\u0105 odgrywa\u0107 jak\u0105\u015b rol\u0119 w procesie pokojowym. Ca\u0142a ta Europa, z Macronem na czele, kt\u00f3ry z dum\u0105 og\u0142asza, \u017ce bez nich, bez Europy, nic nie zostanie rozstrzygni\u0119te<\/p>\n<\/blockquote>\n<p class=\"ods-c-paragraph \">\u2014 doda\u0142.<\/p>\n<p>Od obietnic bezpiecze\u0144stwa do ostrych oskar\u017ce\u0144<\/p>\n<p class=\"ods-c-paragraph \">\u0141awrow zapewnia\u0142, \u017ce Rosja nie \u017cywi <a href=\"https:\/\/wiadomosci.onet.pl\/swiat\/siergiej-lawrow-proponuje-europie-pakt-o-nieagresji-jestesmy-gotowi-zapisac\/k08z9c5\" id=\"1b142587-303b-4332-91e1-5e12f78f7741\" rel=\"nofollow noopener\" target=\"_blank\">\u017cadnych agresywnych zamiar\u00f3w<\/a> wobec pa\u0144stw NATO ani Unii Europejskiej, podkre\u015blaj\u0105c, \u017ce wszelkie dzia\u0142ania Moskwy maj\u0105 \u2014 jak twierdzi \u2014 charakter defensywny i wynikaj\u0105 wy\u0142\u0105cznie z konieczno\u015bci reagowania na ruchy Zachodu.<\/p>\n<p class=\"ods-c-paragraph \">\u2014 Jeste\u015bmy gotowi spisa\u0107 odpowiednie gwarancje w formie wi\u0105\u017c\u0105cego dokumentu \u2014 oczywi\u015bcie na zasadzie wzajemno\u015bci. Ale, powtarzam, to my odpowiadamy za swoje s\u0142owa \u2014 powiedzia\u0142.<\/p>\n<blockquote class=\"ods-o-quota\">\n<p class=\"ods-o-quota__paragraph\">A po drugiej stronie mamy do czynienia z jawn\u0105 militarystyczn\u0105 histeri\u0105. I \u2014 jak podkre\u015bli\u0142 nasz prezydent \u2014 je\u015bli Europa zdecyduje si\u0119 na starcie, to my jeste\u015bmy na nie gotowi cho\u0107by i dzi\u015b<\/p>\n<\/blockquote>\n<p class=\"ods-c-paragraph \">\u2014 doda\u0142.<\/p>\n<p class=\"ods-c-paragraph \">\u0141awrow twierdzi\u0142 ponadto, \u017ce liczne <a href=\"https:\/\/wiadomosci.onet.pl\/swiat\/porozumienie-ktorego-nikt-nie-chce-podpisac-dlaczego-plan-pokojowy-trumpa-nadal-nie\/8jgglwe\" id=\"ffff2c26-40d8-4b23-951d-9a2bcac93eef\" rel=\"nofollow noopener\" target=\"_blank\">przecieki medialne<\/a> utrudniaj\u0105 negocjacje i hamuj\u0105 realizacj\u0119 inicjatyw prezydenta Stan\u00f3w Zjednoczonych Donalda Trumpa.<\/p>\n<p class=\"ods-c-paragraph \">O\u015bwiadczy\u0142 tak\u017ce, \u017ce straty Si\u0142 Zbrojnych Ukrainy mia\u0142y przekroczy\u0107 milion \u017co\u0142nierzy. Wed\u0142ug niego Rosja przekaza\u0142a Ukrainie ponad 11 tys. cia\u0142 poleg\u0142ych, otrzymuj\u0105c w zamian 201.<\/p>\n<p>   <img decoding=\"async\" src=\"https:\/\/www.europesays.com\/pl\/wp-content\/uploads\/2025\/12\/vj6k9lBaHR0cHM6Ly9vY2RuLmV1L3B1bHNjbXMvTURBXy80NDY4N2YzZWQ0YzZkZDQ5MGRjNWQxNDZhY2Y3NGViZi5qcGeRlQLNB.jpeg\" height=\"601\" width=\"940\" alt=\"Minister spraw zagranicznych Rosji Siergiej \u0141awrow na konferencji prasowej w Moskwie, Rosja, 22 pa\u017adziernika 2025 r.\" loading=\"lazy\" class=\"ods-c-image__img ods-c-image__img--viewport-width\"\/><\/p>\n<p>Minister spraw zagranicznych Rosji Siergiej \u0141awrow na konferencji prasowej w Moskwie, Rosja, 22 pa\u017adziernika 2025 r.RAMIL SITDIKOV \/ POOL \/ PAP<\/p>\n<p> Pok\u00f3j nie przyjdzie sam \u2014 Ukraina mobilizuje \u015bwiat<\/p>\n<p class=\"ods-c-paragraph \">Prezydent Wo\u0142odymyr Ze\u0142enski podkre\u015bli\u0142, \u017ce Kij\u00f3w pracuje &#8222;dniem i noc\u0105&#8221; z partnerami mi\u0119dzynarodowymi, staraj\u0105c si\u0119 wypracowa\u0107 trwa\u0142e i wiarygodne ramy przysz\u0142ego pokoju \u2014 takie, kt\u00f3re nie tylko zako\u0144cz\u0105 wojn\u0119, lecz tak\u017ce zagwarantuj\u0105, \u017ce agresja nie powt\u00f3rzy si\u0119 w kolejnych latach. Jak zaznaczy\u0142, rozmowy te obejmuj\u0105 zar\u00f3wno kwestie polityczne, jak i szczeg\u00f3\u0142owe <a href=\"https:\/\/www.onet.pl\/informacje\/onetwiadomosci\/tak-donald-trump-chce-rozbic-ue-od-wewnatrz-faza-pierwsza-juz-sie-rozpoczela-drugi\/mrdszch,79cfc278\" id=\"b2c4d705-179f-4123-84d5-ac05c65bbd06\" rel=\"nofollow noopener\" target=\"_blank\">mechanizmy bezpiecze\u0144stwa<\/a>, a Ukraina stara si\u0119, by ich rezultaty by\u0142y akceptowalne dla szerokiej koalicji wspieraj\u0105cych j\u0105 pa\u0144stw.<\/p>\n<p class=\"ods-c-paragraph \">Zapowiedzia\u0142 r\u00f3wnie\u017c, \u017ce nied\u0142ugo spotka si\u0119 z tzw. koalicj\u0105 ch\u0119tnych, czyli grup\u0105 pa\u0144stw gotowych do dalszej, aktywnej pomocy Ukrainie. Spotkanie to ma s\u0142u\u017cy\u0107 skoordynowaniu kolejnych zobowi\u0105za\u0144 dotycz\u0105cych wsparcia wojskowego, pomocy sprz\u0119towej oraz d\u0142ugoterminowych gwarancji bezpiecze\u0144stwa, kt\u00f3re \u2014 jak zaznaczy\u0142 \u2014 b\u0119d\u0105 fundamentem przysz\u0142ego porozumienia pokojowego.<\/p>\n<p class=\"ods-c-paragraph \">Ze\u0142enski argumentowa\u0142, \u017ce Moskwa wci\u0105\u017c nie wykazuje autentycznej gotowo\u015bci do rozm\u00f3w, czego dowodem maj\u0105 by\u0107 nieustaj\u0105ce <a href=\"https:\/\/wiadomosci.onet.pl\/swiat\/atak-rosji-na-ukraine-polska-poderwala-mysliwce\/djkrqmg\" id=\"d16f5473-b244-4cfb-8a71-ebbbfe0b1cd5\" rel=\"nofollow noopener\" target=\"_blank\">rosyjskie ataki<\/a> na infrastruktur\u0119 energetyczn\u0105 i obiekty cywilne. Jednocze\u015bnie m\u00f3wi\u0142 o wyra\u017anym zaanga\u017cowaniu Waszyngtonu w prace nad realistyczn\u0105 formu\u0142\u0105 pokoju, sugeruj\u0105c, \u017ce to Stany Zjednoczone odgrywaj\u0105 dzi\u015b kluczow\u0105 rol\u0119 w kszta\u0142towaniu potencjalnego rozwi\u0105zania konfliktu.<\/p>\n<p><img decoding=\"async\" src=\"https:\/\/www.europesays.com\/pl\/wp-content\/uploads\/2025\/12\/DHMk9lBaHR0cHM6Ly9vY2RuLmV1L3B1bHNjbXMvTURBXy80YmYzMTZlOTE1OGQ2YzMzZjEwY2EyNmRhYjU1NGIxNC5qcGeRlQLNB.jpeg\" height=\"627\" width=\"940\" alt=\"Prezydent Ukrainy Wo\u0142odymyr Ze\u0142enski, premier Wielkiej Brytanii Keir Starmer, kanclerz Niemiec Friedrich Merz i prezydent Francji Emmanuel Macron po spotkaniu w Londynie, Wielka Brytania, 8 grudnia 2025 r.\" loading=\"lazy\" class=\"ods-c-image__img ods-c-image__img--viewport-width\"\/><\/p>\n<p>Prezydent Ukrainy Wo\u0142odymyr Ze\u0142enski, premier Wielkiej Brytanii Keir Starmer, kanclerz Niemiec Friedrich Merz i prezydent Francji Emmanuel Macron po spotkaniu w Londynie, Wielka Brytania, 8 grudnia 2025 r.PAP<\/p>\n<p class=\"ods-c-paragraph \">Na obecnym etapie, jak podkre\u015bli\u0142, Kij\u00f3w prowadzi bezpo\u015bredni dialog wy\u0142\u0105cznie z USA, uznaj\u0105c, \u017ce jest to najbardziej efektywna i konstruktywna droga w sytuacji, gdy stanowisko Europy pozostaje rozproszone, a Rosja nie wykazuje ch\u0119ci do realnych ust\u0119pstw.<\/p>\n<p>USA chc\u0105 odci\u0105gn\u0105\u0107 Ze\u0142enskiego od Europy?<\/p>\n<p class=\"ods-c-paragraph \">Urz\u0119dnicy USA powiedzieli wcze\u015bniej portalowi Axios, \u017ce cz\u0119\u015b\u0107 przedstawicieli administracji Trumpa postrzega niekt\u00f3rych europejskich lider\u00f3w jako przeszkod\u0119 w post\u0119pie rozm\u00f3w i pr\u00f3bowa\u0142a wywiera\u0107 bezpo\u015bredni\u0105 presj\u0119 na Ze\u0142enskiego, czasem d\u0105\u017c\u0105c do jego <a href=\"https:\/\/wiadomosci.onet.pl\/swiat\/trump-chce-odciagnac-polske-od-ue-grozny-plan-amerykanow-to-sygnal-alarmowy-usa-moga\/2d9wqn8\" id=\"b2aea425-7b02-40e4-be20-58fbb1092d5c\" rel=\"nofollow noopener\" target=\"_blank\">&#8222;oddzielenia&#8221; od unijnych partner\u00f3w<\/a>.<\/p>\n<p class=\"ods-c-paragraph \">Wed\u0142ug AFP, powo\u0142uj\u0105cej si\u0119 na dw\u00f3ch ukrai\u0144skich urz\u0119dnik\u00f3w, Kij\u00f3w mia\u0142 przekaza\u0107 Bia\u0142emu Domowi zaktualizowany plan zako\u0144czenia rosyjskiej agresji. Nie ujawniono jednak szczeg\u00f3\u0142\u00f3w propozycji.<\/p>\n<p class=\"ods-c-paragraph \">Ze\u0142enski powiedzia\u0142, \u017ce ukrai\u0144ski pakiet pokojowy sk\u0142ada si\u0119 z trzech dokument\u00f3w:<\/p>\n<ul class=\"ods-m-bullet-list\">\n<li class=\"ods-a-bullet ods-a-bullet--normal\"> 20 zasad zako\u0144czenia wojny, <\/li>\n<li class=\"ods-a-bullet ods-a-bullet--normal\"> oddzielnego tekstu dotycz\u0105cego gwarancji bezpiecze\u0144stwa <\/li>\n<li class=\"ods-a-bullet ods-a-bullet--normal\"> oraz planu odbudowy gospodarczej po wojnie. <\/li>\n<\/ul>\n<p class=\"ods-c-paragraph \">Tre\u015b\u0107 najnowszej propozycji, kt\u00f3ra ma znajdowa\u0107 si\u0119 obecnie w Waszyngtonie, pozostaje niejawna.<\/p>\n","protected":false},"excerpt":{"rendered":"W obliczu narastaj\u0105cych napi\u0119\u0107 na wschodniej flance Europy oraz przeci\u0105gaj\u0105cych si\u0119 dzia\u0142a\u0144 wojennych w Ukrainie Rosja pr\u00f3buje ponownie&hellip;\n","protected":false},"author":2,"featured_media":145883,"comment_status":"","ping_status":"","sticky":false,"template":"","format":"standard","meta":{"footnotes":""},"categories":[14],"tags":[56,32,33,44,189,27,76,34,35,28,31,48,160,25,46,40,41,87,47,5189,80,29,30,415,26,82,83,84],"class_list":{"0":"post-145882","1":"post","2":"type-post","3":"status-publish","4":"format-standard","5":"has-post-thumbnail","7":"category-swiat","8":"tag-article_premium","9":"tag-breaking-news","10":"tag-breakingnews","11":"tag-donald_trump","12":"tag-europa","13":"tag-headlines","14":"tag-inwazja_rosji_na_ukraine","15":"tag-latest-news","16":"tag-latestnews","17":"tag-naglowki","18":"tag-najwazniejsze-artykuly","19":"tag-nat_styl","20":"tag-nato","21":"tag-news","22":"tag-omp","23":"tag-polish","24":"tag-polski","25":"tag-rosja","26":"tag-screening_general","27":"tag-siergiej_lawrow","28":"tag-swiat","29":"tag-top-stories","30":"tag-topstories","31":"tag-ukraina","32":"tag-wiadomosci","33":"tag-world","34":"tag-world-news","35":"tag-worldnews"},"share_on_mastodon":{"url":"https:\/\/pubeurope.com\/@pl\/115703930381799071","error":""},"_links":{"self":[{"href":"https:\/\/www.europesays.com\/pl\/wp-json\/wp\/v2\/posts\/145882","targetHints":{"allow":["GET"]}}],"collection":[{"href":"https:\/\/www.europesays.com\/pl\/wp-json\/wp\/v2\/posts"}],"about":[{"href":"https:\/\/www.europesays.com\/pl\/wp-json\/wp\/v2\/types\/post"}],"author":[{"embeddable":true,"href":"https:\/\/www.europesays.com\/pl\/wp-json\/wp\/v2\/users\/2"}],"replies":[{"embeddable":true,"href":"https:\/\/www.europesays.com\/pl\/wp-json\/wp\/v2\/comments?post=145882"}],"version-history":[{"count":0,"href":"https:\/\/www.europesays.com\/pl\/wp-json\/wp\/v2\/posts\/145882\/revisions"}],"wp:featuredmedia":[{"embeddable":true,"href":"https:\/\/www.europesays.com\/pl\/wp-json\/wp\/v2\/media\/145883"}],"wp:attachment":[{"href":"https:\/\/www.europesays.com\/pl\/wp-json\/wp\/v2\/media?parent=145882"}],"wp:term":[{"taxonomy":"category","embeddable":true,"href":"https:\/\/www.europesays.com\/pl\/wp-json\/wp\/v2\/categories?post=145882"},{"taxonomy":"post_tag","embeddable":true,"href":"https:\/\/www.europesays.com\/pl\/wp-json\/wp\/v2\/tags?post=145882"}],"curies":[{"name":"wp","href":"https:\/\/api.w.org\/{rel}","templated":true}]}}