{"id":145894,"date":"2025-12-12T02:02:10","date_gmt":"2025-12-12T02:02:10","guid":{"rendered":"https:\/\/www.europesays.com\/pl\/145894\/"},"modified":"2025-12-12T02:02:10","modified_gmt":"2025-12-12T02:02:10","slug":"liga-konferencji-rakow-czestochowa-z-kolejna-wygrana-tym-razem-pokonal-zrinjski-mostar-wideo-sport-tvp-pl","status":"publish","type":"post","link":"https:\/\/www.europesays.com\/pl\/145894\/","title":{"rendered":"Liga Konferencji: Rak\u00f3w Cz\u0119stochowa z kolejn\u0105 wygran\u0105. Tym razem pokona\u0142 Zrinjski Mostar [WIDEO] &#8211; sport.tvp.pl"},"content":{"rendered":"<ol>\n<li><a href=\"https:\/\/news.google.com\/rss\/articles\/CBMisgFBVV95cUxPY0diMEVQaG9KYkt2U2pJOHhpSzVFR3JxTnUwYkpwS2tQT01zbm9Gdi03NF9tREZKLThEUDNxOVVqOFo2aHhoRi1pcGJrbkE1eGlHTVhrNDNqSDk3TFdzZjhtVUhMal9qVXhwMVRwTmp6Zkx2c1VHQ0ZEZTllcjdoclVTSmMwSU9NVWV5ZmxzdTFFTlFyYVRYTkxzRU1xQTFCRmttaWNGcjhnbmxGTURHNEtB0gG3AUFVX3lxTE5UM3djV3lUYy14bDVTTE9TMjQzUGhFSEdOQzlFWm92eHN1UVExYlhRM21tNkJsUEwzazI5SGl6UTBJcWxtSUNVTGExU2NUZmxUb2l5RFdja2dkLVhBN3p6emtDdzRNMW1vYi1acDFrM2JabWZlUFZZS2diMk80SEZJZ2NUOV92dVlreDVGNnhueVBfU19nV2d3b3Z5RkpzQ2dpOWVvVnhSY1Z6bmVqbDZNMF9PbDJrQQ?oc=5\" target=\"_blank\" rel=\"nofollow noopener\">Liga Konferencji: Rak\u00f3w Cz\u0119stochowa z kolejn\u0105 wygran\u0105. Tym razem pokona\u0142 Zrinjski Mostar [WIDEO]<\/a>&nbsp;&nbsp;sport.tvp.pl<\/li>\n<li><a href=\"https:\/\/news.google.com\/rss\/articles\/CBMi6wFBVV95cUxOWm9oOVEycFhHY0lsdzlTLTZDWWkyb2ZlLUlwMVpTMldCaUJDZk9RbU9hNEZhV3lneGlqOVAzdDEzSVVHSW43MDVRa3JsNFpJUThpZmZGcDZXUHhFMVJYdWstWnpuZE1BSkZCd3JjWmNKamJ5QWJaV1NaakFLRTZaaWNMZkU4dlZaOWF0eTc4MFVUQVJjVW1DVXFWSzN6OHlsSzd3SV9GUlZPUlNaUG1uWkJHb0E0b3FQajEyU0hvdURBWU5aX1gzcUtVY1NHYXgwWEk5X2duRHpsc09XY0VSb2dudkNFb0phOUZN?oc=5\" target=\"_blank\" rel=\"nofollow noopener\">Rak\u00f3w Cz\u0119stochowa &#8211; Zrinjski Mostar: relacja na \u017cywo. Liga Konferencji Europy LIVE<\/a>&nbsp;&nbsp;Przegl\u0105d Sportowy Onet<\/li>\n<li><a href=\"https:\/\/news.google.com\/rss\/articles\/CBMiugFBVV95cUxNTUxUVkgzbjJCcHRHRnl5NDdsbUh2UXM5c1M5b0I3OTRsVzhTMUFlTlJtQkVkb3FJV2dlc3F4MUk2eTQ2ZzlTWVhrdnc5bTBVRk5oUW1GNnFCT3J6MjZGYTNyZzRSb3NQQkpFbGplNTktTmFKamIyU2VSU3I2c1NYRXA4VTc1UF9nMkwxYmxJU2xoUDM4bEdWT0EyaFkyV25qRkJkSXF6LTJVNlhXc2VjTF9Mb3MteG5qS2c?oc=5\" target=\"_blank\" rel=\"nofollow noopener\">Trwa fenomenalna seria Rakowa Cz\u0119stochowa w Europie! Kolejne zwyci\u0119stwo!<\/a>&nbsp;&nbsp;SportoweFakty<\/li>\n<li><a href=\"https:\/\/news.google.com\/rss\/articles\/CBMirwFBVV95cUxNUU9IQ2s3VU9HRXZRNXZDdVFYLUpQQkVYRGV5YzZnSllwSG1BTGpXUl92R2JxekRJRG9iUEZsYlA0X09rWDJRNkEtSEo3UnBWdmJjNEJid1VnSS1UOEZ3M3FZWERWLWdxYTgxcW9BR0RXTERLNHNZRXBHNkg4QUthajlVdlpUWGVjMF9tcl9vT25lV1BsbzVWN0tiTVFFNU9DSVJLb01NcjQyb2VyVkYw?oc=5\" target=\"_blank\" rel=\"nofollow noopener\">Doliczony czas, karny dla Rakowa w LK. To by\u0142 decyduj\u0105cy moment<\/a>&nbsp;&nbsp;Sport.pl<\/li>\n<li><a href=\"https:\/\/news.google.com\/rss\/articles\/CBMiuAJBVV95cUxQbTZfOTlQSVpycTV0UjJIVXhKNjFabGNaajZFME1UMGY1Z3FSaHVIZzJ2QzlCSGp2S2IyQkc0ZjhCT2tLdVprQjRYS3VnUk5IbWNBYWxRbEdZWmR2LXBiVEQtNExBOGNHLUFKTXhhRkFnMTI4WFNHWUhXVThMcmFINmxoS0x6ZFRTRXBwSFBiaDlDMUdqTEhhNWlzQ3E3NDZ1SEZTc1hjM3NqT0dSQk1UbGVlcWJEQnBoT2JVSUYwWXlqdjBQVUI4Uy1IMEN5dUtDMEM2WVFvemxIYkw2bmVKdkxOU1pfWlVneDJOc0VidGFaVTkwNjBMQURVVWZaMU9TNWZTZjlhcG1KYzlkaHF4TVhfcXpEaHVUUzZQZjIzODdHTXM4OTdLcTBMY0Y0NWV6NHIzNDhsQU4?oc=5\" target=\"_blank\" rel=\"nofollow noopener\">Arcywa\u017cna wygrana Rakowa. Cel na wyci\u0105gni\u0119cie r\u0119ki<\/a>&nbsp;&nbsp;Eurosport Polska<\/li>\n<\/ol>\n","protected":false},"excerpt":{"rendered":"Liga Konferencji: Rak\u00f3w Cz\u0119stochowa z kolejn\u0105 wygran\u0105. Tym razem pokona\u0142 Zrinjski Mostar [WIDEO]&nbsp;&nbsp;sport.tvp.pl Rak\u00f3w Cz\u0119stochowa &#8211; Zrinjski Mostar:&hellip;\n","protected":false},"author":2,"featured_media":145895,"comment_status":"","ping_status":"","sticky":false,"template":"","format":"standard","meta":{"footnotes":""},"categories":[24],"tags":[29461,5635,269,42,38,40,39,41,3177,127,334,126],"class_list":{"0":"post-145894","1":"post","2":"type-post","3":"status-publish","4":"format-standard","5":"has-post-thumbnail","7":"category-sport","8":"tag-hsk-zrinjski-mostar","9":"tag-liga-konferencji","10":"tag-pilka-nozna","11":"tag-pl","12":"tag-poland","13":"tag-polish","14":"tag-polska","15":"tag-polski","16":"tag-rakw-czestochowa","17":"tag-sport","18":"tag-sport-tvp-pl","19":"tag-sports"},"share_on_mastodon":{"url":"https:\/\/pubeurope.com\/@pl\/115704138510725127","error":""},"_links":{"self":[{"href":"https:\/\/www.europesays.com\/pl\/wp-json\/wp\/v2\/posts\/145894","targetHints":{"allow":["GET"]}}],"collection":[{"href":"https:\/\/www.europesays.com\/pl\/wp-json\/wp\/v2\/posts"}],"about":[{"href":"https:\/\/www.europesays.com\/pl\/wp-json\/wp\/v2\/types\/post"}],"author":[{"embeddable":true,"href":"https:\/\/www.europesays.com\/pl\/wp-json\/wp\/v2\/users\/2"}],"replies":[{"embeddable":true,"href":"https:\/\/www.europesays.com\/pl\/wp-json\/wp\/v2\/comments?post=145894"}],"version-history":[{"count":0,"href":"https:\/\/www.europesays.com\/pl\/wp-json\/wp\/v2\/posts\/145894\/revisions"}],"wp:featuredmedia":[{"embeddable":true,"href":"https:\/\/www.europesays.com\/pl\/wp-json\/wp\/v2\/media\/145895"}],"wp:attachment":[{"href":"https:\/\/www.europesays.com\/pl\/wp-json\/wp\/v2\/media?parent=145894"}],"wp:term":[{"taxonomy":"category","embeddable":true,"href":"https:\/\/www.europesays.com\/pl\/wp-json\/wp\/v2\/categories?post=145894"},{"taxonomy":"post_tag","embeddable":true,"href":"https:\/\/www.europesays.com\/pl\/wp-json\/wp\/v2\/tags?post=145894"}],"curies":[{"name":"wp","href":"https:\/\/api.w.org\/{rel}","templated":true}]}}