{"id":145934,"date":"2025-12-12T03:53:10","date_gmt":"2025-12-12T03:53:10","guid":{"rendered":"https:\/\/www.europesays.com\/pl\/145934\/"},"modified":"2025-12-12T03:53:10","modified_gmt":"2025-12-12T03:53:10","slug":"wolodymyr-zelenski-spotkal-sie-z-koalicja-chetnych-padla-wazna-deklaracja","status":"publish","type":"post","link":"https:\/\/www.europesays.com\/pl\/145934\/","title":{"rendered":"Wo\u0142odymyr Ze\u0142enski spotka\u0142 si\u0119 z koalicj\u0105 ch\u0119tnych. Pad\u0142a wa\u017cna deklaracja"},"content":{"rendered":"<ul class=\"UnorderedList_container__nmfSl\">\n<li class=\"UnorderedList_listElement__Py7xi\" data-id=\"ai-summary-link\">Du\u017co czytania, a ma\u0142o czasu? Sprawd\u017a\u00a0skr\u00f3t\u00a0artyku\u0142u<\/li>\n<\/ul>\n<p class=\"Paragraph_desktopParagraph__U31Gm\">&#8222;Nikt nie jest zainteresowany trzeci\u0105 inwazj\u0105 Rosji. Obecnie wsparcie obronne Ukrainy jest szczeg\u00f3lnie wa\u017cne, poniewa\u017c Rosja nie zaprzestaje atak\u00f3w, a ochrona \u017cycia musi by\u0107 wi\u0119ksza, aby dyplomacja mog\u0142a doprowadzi\u0107 do sprawiedliwego pokoju&#8221; \u2014 napisa\u0142 prezydent Ze\u0142enski w komunikatorze Telegram.<\/p>\n<p class=\"VideoPlayerText_videoPlayerText__iDwyz\">Dalszy ci\u0105g materia\u0142u pod wideo<\/p>\n<ul class=\"OchatFollowUps_wrapper__1ry7X\">\n<li class=\"OchatFollowUps_item__Dhyly OchatFollowUps_itemDesktop__R6aBv\">Jakie deklaracje pad\u0142y podczas spotkania ze Ze\u0142enskim?<\/li>\n<li class=\"OchatFollowUps_item__Dhyly OchatFollowUps_itemDesktop__R6aBv\">Kto reprezentowa\u0142 Polsk\u0119 na spotkaniu?<\/li>\n<li class=\"OchatFollowUps_item__Dhyly OchatFollowUps_itemDesktop__R6aBv\">Co powiedzia\u0142 Ze\u0142enski o wyborach w Ukrainie?<\/li>\n<li class=\"OchatFollowUps_item__Dhyly OchatFollowUps_itemDesktop__R6aBv\">Jakie tematy om\u00f3wiono podczas wideokonferencji?<\/li>\n<\/ul>\n<p>Prezydent Ukrainy spotka\u0142 si\u0119 z koalicj\u0105 ch\u0119tnych. Pad\u0142a deklaracja <\/p>\n<p class=\"Paragraph_desktopParagraph__U31Gm\">Do wpisu Ze\u0142enski do\u0142\u0105czy\u0142 nagranie ze spotkania. \u2014 Jeste\u015bmy gotowi wsp\u00f3\u0142pracowa\u0107 z prezydentem Trumpem w dowolnej formie. A je\u015bli prezydent Trump cz\u0119\u015bciej m\u00f3wi o wyborach na Ukrainie, to chc\u0119 powiedzie\u0107 to ca\u0142kowicie otwarcie: mo\u017cemy spr\u00f3bowa\u0107 przeprowadzi\u0107 wybory \u2014 o\u015bwiadczy\u0142 szef pa\u0144stwa ukrai\u0144skiego.<\/p>\n<p class=\"Paragraph_desktopParagraph__U31Gm\">Ze\u0142enski zaznaczy\u0142, \u017ce przeprowadzenie wybor\u00f3w na Ukrainie w czasie wojny wymaga zawieszenia broni. \u2014 Musi nast\u0105pi\u0107 zawieszenie broni \u2014 przynajmniej na czas trwania procesu wyborczego i g\u0142osowania. To w\u0142a\u015bnie nale\u017cy om\u00f3wi\u0107. Szczerze m\u00f3wi\u0105c, tutaj na Ukrainie, uwa\u017camy, \u017ce Ameryka powinna porozmawia\u0107 o tym ze stron\u0105 rosyjsk\u0105 \u2014 powiedzia\u0142.<\/p>\n<p class=\"Paragraph_desktopParagraph__U31Gm\">Wybory w czasie wojny s\u0105 zabronione przez ukrai\u0144skie prawo, ale Ze\u0142enski, kt\u00f3rego kadencja wygas\u0142a w 2024 roku, ponownie znajduje si\u0119 pod presj\u0105 prezydenta Trumpa, aby je przeprowadzi\u0107.<\/p>\n<p class=\"Paragraph_desktopParagraph__U31Gm\">W \u015brod\u0119 <a href=\"https:\/\/wiadomosci.onet.pl\/politico\/donald-trump-europa-ma-wielu-glupich-przywodcow-za-to-polska-wykonala-bardzo-dobra\/lw8s9rl\" id=\"ede9de8a-3173-4963-bbf6-5866009c2cb3\" rel=\"nofollow noopener\" target=\"_blank\">Trump o\u015bwiadczy\u0142 w wywiadzie dla Politico<\/a>, \u017ce prezydent Ukrainy &#8222;musi zacz\u0105\u0107 akceptowa\u0107&#8221; propozycje pokojowe, bo przegrywa wojn\u0119 i doda\u0142, \u017ce Ze\u0142enski &#8222;musi by\u0107 realist\u0105&#8221;. \u2014 Zastanawiam si\u0119, jak du\u017co czasu minie, zanim przeprowadz\u0105 wybory. To demokracja. (&#8230;) Od dawna nie mieli wybor\u00f3w. Trac\u0105 du\u017co ludzi \u2014 powiedzia\u0142 prezydent USA.<\/p>\n<p class=\"Paragraph_desktopParagraph__U31Gm\">Ze\u0142enski poinformowa\u0142 we wtorek, \u017ce jest got\u00f3w na przeprowadzenie wybor\u00f3w w kraju i je\u015bli Ukraina otrzyma gwarancje bezpiecze\u0144stwa na ten okres, <a href=\"https:\/\/wiadomosci.onet.pl\/swiat\/wybory-w-ukrainie-juz-za-dwa-trzy-miesiace-wolodymyr-zelenski-stawia-warunek\/mr9tprz\" id=\"0d8f012d-9f43-4bba-910e-ade8e23e2c5a\" rel=\"nofollow noopener\" target=\"_blank\">g\u0142osowanie mog\u0142oby si\u0119 odby\u0107 za 60-90 dni<\/a>.<\/p>\n<p>Jednym z temat\u00f3w uwolnienie zamro\u017conych aktyw\u00f3w Rosji <\/p>\n<p class=\"Paragraph_desktopParagraph__U31Gm\">Przyw\u00f3dcy z pa\u0144stw uczestnicz\u0105cych w koalicji ch\u0119tnych om\u00f3wili w czwartek podczas wirtualnego spotkania post\u0119py w uruchamianiu procesu uwolnienia zamro\u017conych aktyw\u00f3w Rosji \u2014 poda\u0142o biuro brytyjskiego premiera Keira Starmera, kt\u00f3ry wraz z prezydentem Francji Emmanuelem Macronem przewodzi\u0142 rozmowom.<\/p>\n<p class=\"Paragraph_desktopParagraph__U31Gm\">Jak poinformowano, wszyscy uczestnicy wideokonferencji &#8222;zgodzili si\u0119, \u017ce jest to prze\u0142omowy moment dla Ukrainy, jej obywateli oraz dla bezpiecze\u0144stwa, kt\u00f3ry \u0142\u0105czy wszystkich w ca\u0142ym regionie euroatlantyckim&#8221;.<\/p>\n<p class=\"Paragraph_desktopParagraph__U31Gm\">Wed\u0142ug relacji, prezydent Ukrainy Wo\u0142odymyr Ze\u0142enski poinformowa\u0142 sojusznik\u00f3w o trwaj\u0105cych rosyjskich atakach, w kt\u00f3rych gin\u0105 niewinni cywile i niszczona jest kluczowa infrastruktura.<\/p>\n<p class=\"Paragraph_desktopParagraph__U31Gm\">Nast\u0119pnie przyw\u00f3dcy om\u00f3wili znacz\u0105cy post\u0119p w niszczeniu rosyjskiej machiny wojennej poprzez skoordynowane wprowadzanie sankcji przeciwko Rosji i ich egzekwowanie, a tak\u017ce poprzez zwi\u0119kszenie wsparcia dla Ukrainy. &#8222;W zwi\u0105zku z tym, \u017ce Ukraina wkracza w czwart\u0105 zim\u0119, podczas kt\u00f3rej trwaj\u0105 walki, przyw\u00f3dcy zgodzili si\u0119 co do znaczenia dalszego finansowania wsparcia wojskowego&#8221; \u2014 czytamy w o\u015bwiadczeniu.<\/p>\n<p class=\"Paragraph_desktopParagraph__U31Gm\">Biuro na Downing Street poda\u0142o, \u017ce premier Starmer zapowiedzia\u0142, \u017ce &#8222;Wielka Brytania b\u0119dzie nadal \u015bci\u015ble wsp\u00f3\u0142pracowa\u0107 z partnerami, aby wywiera\u0107 presj\u0119 na Rosj\u0119 i jednocze\u015bnie zapewni\u0107 Ukrainie niezb\u0119dne wsparcie tak d\u0142ugo, jak b\u0119dzie to konieczne&#8221;.<\/p>\n<p>Polsk\u0119 reprezentowa\u0142 Rados\u0142aw Sikorski <\/p>\n<p class=\"Paragraph_desktopParagraph__U31Gm\">W spotkaniu <a href=\"https:\/\/wiadomosci.onet.pl\/kraj\/szef-msz-o-kolejnym-spotkaniu-koalicji-chetnych-europa-ma-w-rekach-solidne-karty\/ywj899b\" id=\"03e09283-4b94-4889-9272-a276146242f9\" rel=\"nofollow noopener\" target=\"_blank\">w imieniu premiera Donalda Tuska uczestniczy\u0142 wicepremier, minister spraw zagranicznych Rados\u0142aw Sikorski<\/a>. We wpisie na platformie X na temat tego spotkania stwierdzi\u0142 on, \u017ce w sprawie Ukrainy &#8222;jedynym rozwi\u0105zaniem jest prawdziwy, trwa\u0142y i sprawiedliwy pok\u00f3j&#8221;. &#8222;Europa ma w r\u0119kach solidne karty. Najwy\u017csza pora ich u\u017cy\u0107&#8221; \u2014 doda\u0142.<\/p>\n<p class=\"Paragraph_desktopParagraph__U31Gm\">Rzecznik MSZ Maciej Wewi\u00f3r poinformowa\u0142 PAP, \u017ce wideorozmowa trwa\u0142a oko\u0142o dw\u00f3ch godzin i wzi\u0119\u0142o w niej udzia\u0142 ponad 30 uczestnik\u00f3w. Doda\u0142, \u017ce w wi\u0119kszo\u015bci byli to liderzy i premierzy pa\u0144stw koalicji. \u2014 Wicepremier Sikorski uczestniczy\u0142 tam w imieniu premiera Donalda Tuska i przedstawi\u0142 te\u017c nasze stanowisko \u2014 powiedzia\u0142 rzecznik resortu dyplomacji.<\/p>\n<p class=\"Paragraph_desktopParagraph__U31Gm\">\u2014 Podczas rozmowy by\u0142a podkre\u015blana potrzeba jedno\u015bci koalicji ch\u0119tnych oraz potrzeba koordynacji dzia\u0142a\u0144 przed nadchodz\u0105cymi decyzjami, kt\u00f3re b\u0119d\u0105 musia\u0142y by\u0107 podejmowane \u2014 podkre\u015bli\u0142 Wewi\u00f3r. W najbli\u017cszym czasie lider\u00f3w pa\u0144stw UE czeka m.in. szczyt Rady Europejskiej, podczas kt\u00f3rego dyskutowane b\u0119dzie dalsze wsparcie Kijowa, w tym kwestia wykorzystania rosyjskich aktyw\u00f3w zamro\u017conych na europejskich rachunkach.<\/p>\n<p class=\"Paragraph_desktopParagraph__U31Gm\">Rzecznik MSZ doda\u0142, \u017ce czwartkowe spotkanie w formule wideokonferencji pos\u0142u\u017cy\u0142o tak\u017ce zaktualizowaniu wiedzy o post\u0119pie rozm\u00f3w dot. agresji Rosji na Ukrain\u0119 i rozm\u00f3w w sprawie pokoju. \u2014 Wybrzmia\u0142a r\u00f3wnie\u017c kwestia format\u00f3w rozm\u00f3w i zaanga\u017cowania r\u00f3\u017cnych podmiot\u00f3w w prowadzenie tych rozm\u00f3w \u2014 zaznaczy\u0142.<\/p>\n","protected":false},"excerpt":{"rendered":"Du\u017co czytania, a ma\u0142o czasu? Sprawd\u017a\u00a0skr\u00f3t\u00a0artyku\u0142u &#8222;Nikt nie jest zainteresowany trzeci\u0105 inwazj\u0105 Rosji. Obecnie wsparcie obronne Ukrainy jest&hellip;\n","protected":false},"author":2,"featured_media":145935,"comment_status":"","ping_status":"","sticky":false,"template":"","format":"standard","meta":{"footnotes":""},"categories":[5],"tags":[32,33,36,37,27,67,64,34,35,19852,28,31,53,25,52,68,51,55,42,38,40,39,41,1534,47,29,30,390,65,50,26,309],"class_list":{"0":"post-145934","1":"post","2":"type-post","3":"status-publish","4":"format-standard","5":"has-post-thumbnail","7":"category-naglowki","8":"tag-breaking-news","9":"tag-breakingnews","10":"tag-featured-news","11":"tag-featurednews","12":"tag-headlines","13":"tag-intextvideo_splayer","14":"tag-inwazja_rosji_na_ukraine_2014_","15":"tag-latest-news","16":"tag-latestnews","17":"tag-mp_player_tst1","18":"tag-naglowki","19":"tag-najwazniejsze-artykuly","20":"tag-new_header","21":"tag-news","22":"tag-onet3","23":"tag-onet3d","24":"tag-onet3d_2i","25":"tag-phx","26":"tag-pl","27":"tag-poland","28":"tag-polish","29":"tag-polska","30":"tag-polski","31":"tag-radoslaw_sikorski_polityk","32":"tag-screening_general","33":"tag-top-stories","34":"tag-topstories","35":"tag-ukraina_ukrainiec_ukrainka_ukraincy_ukrainki","36":"tag-update_me","37":"tag-v2021","38":"tag-wiadomosci","39":"tag-wolodymyr_zelenski"},"share_on_mastodon":{"url":"","error":"Validation failed: Text character limit of 500 exceeded"},"_links":{"self":[{"href":"https:\/\/www.europesays.com\/pl\/wp-json\/wp\/v2\/posts\/145934","targetHints":{"allow":["GET"]}}],"collection":[{"href":"https:\/\/www.europesays.com\/pl\/wp-json\/wp\/v2\/posts"}],"about":[{"href":"https:\/\/www.europesays.com\/pl\/wp-json\/wp\/v2\/types\/post"}],"author":[{"embeddable":true,"href":"https:\/\/www.europesays.com\/pl\/wp-json\/wp\/v2\/users\/2"}],"replies":[{"embeddable":true,"href":"https:\/\/www.europesays.com\/pl\/wp-json\/wp\/v2\/comments?post=145934"}],"version-history":[{"count":0,"href":"https:\/\/www.europesays.com\/pl\/wp-json\/wp\/v2\/posts\/145934\/revisions"}],"wp:featuredmedia":[{"embeddable":true,"href":"https:\/\/www.europesays.com\/pl\/wp-json\/wp\/v2\/media\/145935"}],"wp:attachment":[{"href":"https:\/\/www.europesays.com\/pl\/wp-json\/wp\/v2\/media?parent=145934"}],"wp:term":[{"taxonomy":"category","embeddable":true,"href":"https:\/\/www.europesays.com\/pl\/wp-json\/wp\/v2\/categories?post=145934"},{"taxonomy":"post_tag","embeddable":true,"href":"https:\/\/www.europesays.com\/pl\/wp-json\/wp\/v2\/tags?post=145934"}],"curies":[{"name":"wp","href":"https:\/\/api.w.org\/{rel}","templated":true}]}}