{"id":146049,"date":"2025-12-12T06:24:09","date_gmt":"2025-12-12T06:24:09","guid":{"rendered":"https:\/\/www.europesays.com\/pl\/146049\/"},"modified":"2025-12-12T06:24:09","modified_gmt":"2025-12-12T06:24:09","slug":"niebywale-co-zrobil-14-letni-polski-geniusz-kibice-az-zaczeli-krzyczec-przeglad-sportowy-onet","status":"publish","type":"post","link":"https:\/\/www.europesays.com\/pl\/146049\/","title":{"rendered":"Niebywa\u0142e co zrobi\u0142 14-letni polski geniusz. Kibice a\u017c zacz\u0119li krzycze\u0107 &#8211; Przegl\u0105d Sportowy Onet"},"content":{"rendered":"<ol>\n<li><a href=\"https:\/\/news.google.com\/rss\/articles\/CBMiuwFBVV95cUxPTXZILWxwZVpMQ1ZsNEtPOWlMUmwyRGlVSGlKV2J2SzZ5NVFyQUxzVXNfNVkwSU5ObjViS3FldjI1ZjExRTRzWGR1SUFrSlExc09xN3Z2NUtvdjF4ZEprQ0tEVlBDTkcyaGpiV2tXbERBMjBaSjJzbjlJeXZsZTEtcF9HYk1LRHAxUjhMLS1qUlA3Z19rRzFpVGVPQkUxSk9scmNHVEd5T01GakdWbWxPdEJvMjF4X01vdXhj?oc=5\" target=\"_blank\" rel=\"nofollow noopener\">Niebywa\u0142e co zrobi\u0142 14-letni polski geniusz. Kibice a\u017c zacz\u0119li krzycze\u0107<\/a>&nbsp;&nbsp;Przegl\u0105d Sportowy Onet<\/li>\n<li><a href=\"https:\/\/news.google.com\/rss\/articles\/CBMitgFBVV95cUxPVDlGMjNKYV93ZnQ0SXdZRjFVZVRLX0ZxcWhVdGI2ZWNpMjdtSERoSDdGNXVyYjZNUl9tVmV1LVRWaThHM2tNNVpSenVsOHdxOEd1dFRkYmpweXNNUklfNWpoWU1Ba2IzM1lDMmdNbzNPcTA5cFJUYXhITEVFV2paekU5RFNKUlFSZnZ0bjVyaTZPRHZpVllmUkZlZEdPVW03SnhJQTFPSW5JZ2JuSk1qVXlxWHJOZw?oc=5\" target=\"_blank\" rel=\"nofollow noopener\">Awans Szubarczyka, ale co si\u0119 zdarzy\u0142o przed godz. 23. Polak jednak pokonany w Blackpool<\/a>&nbsp;&nbsp;Sport w INTERIA.PL<\/li>\n<li><a href=\"https:\/\/news.google.com\/rss\/articles\/CBMiowJBVV95cUxNVnZvZTJlTjQzVy1od1NvMlI4aWF5RUYzWXZ1NlFWek9XMUxoSTJWd0VHQWt4aTE0VjI0T1JrRzVJQ3hCZXRLZmNsY0NTdnN0dm9aUWNKMTNfVjdTbldhNHVUZ1lCWjB2azhGZFI4QlB2R3ZPSEdWX1FWSWlQd1d2QzJlNHVsMGpBQldvaGhLajZmenRjYldSVTNsaTJDaHdfYWJOYk1kanVnM1ZvZUVNUU5IbWJORnNZakZ4WHdGMnpEZDVjQ2ZiMGdEcXlWekJyUnhQVU8tcjM0WUZ4bUJkMFdldmVfUlJWcUp4QS1ZQm9FZFdvODdNTkhBckxZb09jMVFNcnd0dFlhR3oyMjA2RGlxdkpZQzFiZlBkT2o3THhXNWc?oc=5\" target=\"_blank\" rel=\"nofollow noopener\">Kr\u00f3tka przygoda Kowalskiego w Shoot Out 2025<\/a>&nbsp;&nbsp;Eurosport Polska<\/li>\n<li><a href=\"https:\/\/news.google.com\/rss\/articles\/CBMiswFBVV95cUxOTDVHSDhtTi1sTWZzLXg4bTB5bWRhNUlVY19jb3gxcVloNWRQcThTdW9GYU5PWTh2WUhBZEd5Y1lwa1AzY25CeHcyVGloTDFHb1YwNWxEdGhXR21ucDFHUlJIT2lSbFBVdHlmd2lrVEZ4UFNhWjZOWUE4X1h1SW5tTEdLbGpsQ1QzNDExMEp3MS1mTF9lSHNVYU9UYkFRWHNNS0ZmRXZfZ3NyeWpXWTZJamY4Yw?oc=5\" target=\"_blank\" rel=\"nofollow noopener\">Ruszy\u0142 wyj\u0105tkowy snookerowy turniej. W Anglii rywalizuj\u0105 tak\u017ce dwaj zielonog\u00f3rzanie<\/a>&nbsp;&nbsp;TVP Gorz\u00f3w Wielkopolski<\/li>\n<li><a href=\"https:\/\/news.google.com\/rss\/articles\/CBMitwFBVV95cUxNeUVxaHRNdkNQTnk0aEJzeVN5TWVDSzgyM3h6dFoxaURPUlp0YUhxZENRVUl1UURZLXpWZGpKWkFiQU9JcTE0S2ZEQ0pnNURfTzVzSkJlOE1yZVI0M2RZY1QwZ1R2bmpZTlNlZWt0eEJjSGY5TXBoWV82WmdlMVhLamdFa2ZZYjJudkhGLXRxSWxLNE9ERWItdE1wSXZWX19jU1VJQkc1dVZ4TGlYRkIwMlR3aVRfMEE?oc=5\" target=\"_blank\" rel=\"nofollow noopener\">Triumf 14-letniego Micha\u0142a Szubarczyka w Shoot Out. Wymarzony debiut Polaka<\/a>&nbsp;&nbsp;o2.pl<\/li>\n<\/ol>\n","protected":false},"excerpt":{"rendered":"Niebywa\u0142e co zrobi\u0142 14-letni polski geniusz. Kibice a\u017c zacz\u0119li krzycze\u0107&nbsp;&nbsp;Przegl\u0105d Sportowy Onet Awans Szubarczyka, ale co si\u0119 zdarzy\u0142o&hellip;\n","protected":false},"author":2,"featured_media":146050,"comment_status":"","ping_status":"","sticky":false,"template":"","format":"standard","meta":{"footnotes":""},"categories":[24],"tags":[67,746,22377,42,38,40,39,41,136,128,47,8334,127,135,126,130],"class_list":{"0":"post-146049","1":"post","2":"type-post","3":"status-publish","4":"format-standard","5":"has-post-thumbnail","7":"category-sport","8":"tag-intextvideo_splayer","9":"tag-lysy","10":"tag-michal_szubarczyk","11":"tag-pl","12":"tag-poland","13":"tag-polish","14":"tag-polska","15":"tag-polski","16":"tag-ps_detal_new","17":"tag-psv2","18":"tag-screening_general","19":"tag-snooker","20":"tag-sport","21":"tag-sport_sport","22":"tag-sports","23":"tag-wiadomosci_sportowe"},"share_on_mastodon":{"url":"https:\/\/pubeurope.com\/@pl\/115705168824363527","error":""},"_links":{"self":[{"href":"https:\/\/www.europesays.com\/pl\/wp-json\/wp\/v2\/posts\/146049","targetHints":{"allow":["GET"]}}],"collection":[{"href":"https:\/\/www.europesays.com\/pl\/wp-json\/wp\/v2\/posts"}],"about":[{"href":"https:\/\/www.europesays.com\/pl\/wp-json\/wp\/v2\/types\/post"}],"author":[{"embeddable":true,"href":"https:\/\/www.europesays.com\/pl\/wp-json\/wp\/v2\/users\/2"}],"replies":[{"embeddable":true,"href":"https:\/\/www.europesays.com\/pl\/wp-json\/wp\/v2\/comments?post=146049"}],"version-history":[{"count":0,"href":"https:\/\/www.europesays.com\/pl\/wp-json\/wp\/v2\/posts\/146049\/revisions"}],"wp:featuredmedia":[{"embeddable":true,"href":"https:\/\/www.europesays.com\/pl\/wp-json\/wp\/v2\/media\/146050"}],"wp:attachment":[{"href":"https:\/\/www.europesays.com\/pl\/wp-json\/wp\/v2\/media?parent=146049"}],"wp:term":[{"taxonomy":"category","embeddable":true,"href":"https:\/\/www.europesays.com\/pl\/wp-json\/wp\/v2\/categories?post=146049"},{"taxonomy":"post_tag","embeddable":true,"href":"https:\/\/www.europesays.com\/pl\/wp-json\/wp\/v2\/tags?post=146049"}],"curies":[{"name":"wp","href":"https:\/\/api.w.org\/{rel}","templated":true}]}}