{"id":146051,"date":"2025-12-12T06:25:19","date_gmt":"2025-12-12T06:25:19","guid":{"rendered":"https:\/\/www.europesays.com\/pl\/146051\/"},"modified":"2025-12-12T06:25:19","modified_gmt":"2025-12-12T06:25:19","slug":"viki-gabor-pokazala-swoj-pierwszy-dom-czarne-meble-a-w-ogrodzie-szklarnia-onet","status":"publish","type":"post","link":"https:\/\/www.europesays.com\/pl\/146051\/","title":{"rendered":"Viki Gabor pokaza\u0142a sw\u00f3j pierwszy dom. Czarne meble, a w ogrodzie szklarnia &#8211; Onet"},"content":{"rendered":"<ol>\n<li><a href=\"https:\/\/news.google.com\/rss\/articles\/CBMiyAFBVV95cUxPNXNSTU81NzBfcHRUdkxpa2tDbDVkQk9CY0lTX052OHJoZnAwM29sY0hkM2s2aS1YcERuZXh5MkJUQmtuNklaOUxpRWhiMWtDUWE1S2hWRTlqLWs0eEhQMHE2REp6enRQcVo4ZjlmRURxRzZ3dDEwaldzOW1jZDFGdnBtY3lvX3J5U296LW5vUnQyakcxQm9ZdUVjSjNTSzRDSTBtb1lSdU1aV0dQMjFseXp2YzM5THlwYVVwWnlVUzZxbDV2TTExYw?oc=5\" target=\"_blank\" rel=\"nofollow noopener\">Viki Gabor pokaza\u0142a sw\u00f3j pierwszy dom. Czarne meble, a w ogrodzie szklarnia<\/a>&nbsp;&nbsp;Onet<\/li>\n<li><a href=\"https:\/\/news.google.com\/rss\/articles\/CBMi8gFBVV95cUxOQXNTNjR0cXN2THZOWTJTVTg0RzJ2M2xuYnFkam11RDdwTlBRcFN1VG1jc0h0ZFhGblBYa043dmp4MnFscnVYOVl0bTY0aHo2S0RnZ1k3UHROV0lHMTh1TU9RWWhBbVZxakZVVGx6Wk5uNU54SDAwVzBwLWJldTRpQ2V4bDZfc2poSEtzaEVrempMQzROR1l5aVpDRDNJMFlXS3BBZERPRDhxNjl0VG9ZNHJyUVM4eXJyMndqMDZsQVl2aXI5VFhSYzZYYjY0SEdwNzJKMkRyd3YtYmhkWlE0aVVWMTk0RHJGeDdWNXhXN3JHZw?oc=5\" target=\"_blank\" rel=\"nofollow noopener\">Tak mieszka Viki Gabor. Gwiazda zaprosi\u0142a kamery do domu<\/a>&nbsp;&nbsp;Pudelek<\/li>\n<li><a href=\"https:\/\/news.google.com\/rss\/articles\/CBMirAFBVV95cUxObE1PT2FiZzhNcWphQndSNG9vb1RJM0FBSkpoQnY1ckV1WjBsV3ZRVi1UV2swOXBIQUg2S3YxMldRaFNGZHdzUXhseWhLMEJoT2wyYUlPUkhXWEFoQXYyS0h6VjdyYmZUSGg1Y25Ed01xZEdqb3lVbWlTdmNoLXRuYnhBYzZhTFVjMTh1UVMwRVExUHFJNXNxSlBDc3MtLUhFeEdsR25keWJERS0y?oc=5\" target=\"_blank\" rel=\"nofollow noopener\">Viki Gabor pochwali\u0142a si\u0119 swoim pierwszym domem! &#8222;Nie mog\u0142am si\u0119 powstrzyma\u0107&#8221;<\/a>&nbsp;&nbsp;Muzyka Interia<\/li>\n<li><a href=\"https:\/\/news.google.com\/rss\/articles\/CBMitAFBVV95cUxQSFdHS2RhaUpSNkNkUG1OQTBGbS1KWUpwNlNvb1liMVBqODRpNGY3VjctWUloYUdVMGlBQnBtcjdtanplUDQyRmtybU9wYTZVYnZ4ZUxtQlJtdnBoekNrMmlHbkJhWFhfeXQ1ZVVhTTJzb092ZmZGOTU1MTFLOFRxdXRrV01wbnBHcWREU3ZLbVd4WjQ3U1Q4SXBmVnZrZDB3Y3Zrd0ZPMW1BV184Y2hjS2J2dHc?oc=5\" target=\"_blank\" rel=\"nofollow noopener\">Gabor pokazuje dom w &#8222;DDTVN&#8221;. Granitowy blat i luksusowa tapeta robi\u0105 wra\u017cenie<\/a>&nbsp;&nbsp;Plotek.pl<\/li>\n<li><a href=\"https:\/\/news.google.com\/rss\/articles\/CBMirwFBVV95cUxQQ09yanB6THk5aktiS2h2aGJXXzFsbmM5ZXRlTWFBNFhlTktGanYxdllQS19Rc3VuVDUwMVJLZUpCQ19SRG0zbEtLTWc4cEM4WmR3S0lZdkZKZ0VVWURVWjVaRkI5NjY2ZHNjSlN4LTgxRHhKR0RMTFYycmt2UmdlMFVmYXRtdG1xMWtUSmNhYVVaQnpLd0t0d2dRTnEyVFczV2hLQm4tX1RIZVZINFVj?oc=5\" target=\"_blank\" rel=\"nofollow noopener\">Viki Gabor niedawno zamieszka\u0142a sama, a ju\u017c szykuje si\u0119 na kolejny krok. &#8222;Odliczam dni&#8221;<\/a>&nbsp;&nbsp;halo tu polsat<\/li>\n<\/ol>\n","protected":false},"excerpt":{"rendered":"Viki Gabor pokaza\u0142a sw\u00f3j pierwszy dom. Czarne meble, a w ogrodzie szklarnia&nbsp;&nbsp;Onet Tak mieszka Viki Gabor. Gwiazda zaprosi\u0142a&hellip;\n","protected":false},"author":2,"featured_media":146052,"comment_status":"","ping_status":"","sticky":false,"template":"","format":"standard","meta":{"footnotes":""},"categories":[22],"tags":[761,3109,122,67,53,52,68,51,55,42,38,40,39,41,123,47,196,50,2027],"class_list":{"0":"post-146051","1":"post","2":"type-post","3":"status-publish","4":"format-standard","5":"has-post-thumbnail","7":"category-rozrywka","8":"tag-divert_me","9":"tag-dzien_dobry_tvn_program_tv","10":"tag-entertainment","11":"tag-intextvideo_splayer","12":"tag-new_header","13":"tag-onet3","14":"tag-onet3d","15":"tag-onet3d_2i","16":"tag-phx","17":"tag-pl","18":"tag-poland","19":"tag-polish","20":"tag-polska","21":"tag-polski","22":"tag-rozrywka","23":"tag-screening_general","24":"tag-styl_zycia","25":"tag-v2021","26":"tag-viki_gabor"},"share_on_mastodon":{"url":"https:\/\/pubeurope.com\/@pl\/115705172647781808","error":""},"_links":{"self":[{"href":"https:\/\/www.europesays.com\/pl\/wp-json\/wp\/v2\/posts\/146051","targetHints":{"allow":["GET"]}}],"collection":[{"href":"https:\/\/www.europesays.com\/pl\/wp-json\/wp\/v2\/posts"}],"about":[{"href":"https:\/\/www.europesays.com\/pl\/wp-json\/wp\/v2\/types\/post"}],"author":[{"embeddable":true,"href":"https:\/\/www.europesays.com\/pl\/wp-json\/wp\/v2\/users\/2"}],"replies":[{"embeddable":true,"href":"https:\/\/www.europesays.com\/pl\/wp-json\/wp\/v2\/comments?post=146051"}],"version-history":[{"count":0,"href":"https:\/\/www.europesays.com\/pl\/wp-json\/wp\/v2\/posts\/146051\/revisions"}],"wp:featuredmedia":[{"embeddable":true,"href":"https:\/\/www.europesays.com\/pl\/wp-json\/wp\/v2\/media\/146052"}],"wp:attachment":[{"href":"https:\/\/www.europesays.com\/pl\/wp-json\/wp\/v2\/media?parent=146051"}],"wp:term":[{"taxonomy":"category","embeddable":true,"href":"https:\/\/www.europesays.com\/pl\/wp-json\/wp\/v2\/categories?post=146051"},{"taxonomy":"post_tag","embeddable":true,"href":"https:\/\/www.europesays.com\/pl\/wp-json\/wp\/v2\/tags?post=146051"}],"curies":[{"name":"wp","href":"https:\/\/api.w.org\/{rel}","templated":true}]}}