{"id":146075,"date":"2025-12-12T06:46:23","date_gmt":"2025-12-12T06:46:23","guid":{"rendered":"https:\/\/www.europesays.com\/pl\/146075\/"},"modified":"2025-12-12T06:46:23","modified_gmt":"2025-12-12T06:46:23","slug":"sophie-kinsella-nie-zyje-autorka-bestsellerowej-serii-ksiazek-zmagala-sie-z-glejakiem-2","status":"publish","type":"post","link":"https:\/\/www.europesays.com\/pl\/146075\/","title":{"rendered":"Sophie Kinsella nie \u017cyje. Autorka bestsellerowej serii ksi\u0105\u017cek zmaga\u0142a si\u0119 z glejakiem"},"content":{"rendered":"<p class=\"Paragraph_desktopParagraph__U31Gm\">\u015awiat literatury pogr\u0105\u017cy\u0142 si\u0119 w \u017ca\u0142obie. Media obieg\u0142y smutne informacje na temat \u015bmierci Sophie Kinselli, kt\u00f3ra zas\u0142yn\u0119\u0142a seri\u0105 ksi\u0105\u017cek o zakupoholiczce. Pisarka zmar\u0142a w wieku 55 lat. Od 2022 r. zmaga\u0142a si\u0119 z glejakiem wielopostaciowym, jedn\u0105 z najbardziej agresywnych postaci raka m\u00f3zgu. <\/p>\n<ul class=\"OchatFollowUps_wrapper__1ry7X\">\n<li class=\"OchatFollowUps_item__Dhyly OchatFollowUps_itemDesktop__R6aBv\">Dlaczego zmar\u0142a Sophie Kinsella?<\/li>\n<li class=\"OchatFollowUps_item__Dhyly OchatFollowUps_itemDesktop__R6aBv\">Kiedy zmar\u0142a pisarka?<\/li>\n<li class=\"OchatFollowUps_item__Dhyly OchatFollowUps_itemDesktop__R6aBv\">Jakie by\u0142y objawy choroby Kinselli?<\/li>\n<li class=\"OchatFollowUps_item__Dhyly OchatFollowUps_itemDesktop__R6aBv\">Jakie ksi\u0105\u017cki napisa\u0142a Sophie Kinsella?<\/li>\n<\/ul>\n<p>Wstrz\u0105saj\u0105ce wie\u015bci o \u015bmierci znanej pisarki. &#8222;Zmar\u0142a spokojnie&#8221; <\/p>\n<p class=\"Paragraph_desktopParagraph__U31Gm\">Informacj\u0119 o \u015bmierci autorki przekaza\u0142a zrozpaczona rodzina za po\u015brednictwem oficjalnego konta na Instagramie.<\/p>\n<p class=\"Paragraph_desktopParagraph__U31Gm\">&#8222;Z \u017calem informujemy o \u015bmierci naszej ukochanej Sophie (znanej r\u00f3wnie\u017c jako Maddy, aka Mummy) dzi\u015b rano. Zmar\u0142a spokojnie, a jej ostatnie dni wype\u0142nione by\u0142y jej prawdziw\u0105 mi\u0142o\u015bci\u0105: rodzin\u0105, muzyk\u0105, ciep\u0142em, \u015bwi\u0119tami Bo\u017cego Narodzenia i rado\u015bci\u0105. (&#8230;) Pomimo choroby, kt\u00f3r\u0105 znosi\u0142a z niewyobra\u017caln\u0105 odwag\u0105, Sophie uwa\u017ca\u0142a si\u0119 za prawdziw\u0105 szcz\u0119\u015bciar\u0119 \u2014 maj\u0105c tak wspania\u0142\u0105 rodzin\u0119 i przyjaci\u00f3\u0142 oraz odnosz\u0105c niezwyk\u0142y sukces w swojej karierze pisarskiej&#8221; \u2014 napisali bliscy w poruszaj\u0105cym o\u015bwiadczeniu.<\/p>\n<p class=\"Paragraph_desktopParagraph__U31Gm\">Sophie Kinsella, a w\u0142a\u015bciwie Madeleine Sophie Wickham, rozpocz\u0119\u0142a swoj\u0105 literack\u0105 karier\u0119 w m\u0142odym wieku. Jej debiutancka powie\u015b\u0107 &#8222;The Tennis Party&#8221;, wydana pod prawdziwym nazwiskiem, zyska\u0142a uznanie czytelnik\u00f3w. Jednak prawdziwy prze\u0142om nast\u0105pi\u0142, gdy w 2000 r. pod pseudonimem Sophie Kinsella opublikowa\u0142a &#8222;\u015awiat marze\u0144 zakupoholiczki&#8221;. Historia Becky Bloomwood, dziennikarki finansowej walcz\u0105cej z uzale\u017cnieniem od zakup\u00f3w, podbi\u0142a serca milion\u00f3w czytelnik\u00f3w na ca\u0142ym \u015bwiecie.<\/p>\n<p class=\"Paragraph_desktopParagraph__U31Gm\">Seria o zakupoholiczce sprzeda\u0142a si\u0119 w ponad 50 mln egzemplarzy, zosta\u0142a przet\u0142umaczona na ponad 40 j\u0119zyk\u00f3w i trafi\u0142a do czytelnik\u00f3w w ponad 60 krajach. W 2009 r. na podstawie jej ksi\u0105\u017cek powsta\u0142 hollywoodzki film &#8222;Wyznania zakupoholiczki&#8221; z Isl\u0105 Fisher i Hugh Dancym w rolach g\u0142\u00f3wnych.<\/p>\n<p class=\"Paragraph_desktopParagraph__U31Gm\">W 2022 r. u pisarki zdiagnozowano glejaka wielopostaciowego, jedn\u0105 z najbardziej agresywnych postaci nowotworu m\u00f3zgu. W rozmowie z Robin Roberts z ABC News Kinsella opowiada\u0142a o pierwszych objawach choroby.<\/p>\n<p class=\"Paragraph_desktopParagraph__U31Gm\">&#8222;Zacz\u0119\u0142am potyka\u0107 si\u0119 i przewraca\u0107. Odczuwa\u0142am silne b\u00f3le g\u0142owy i by\u0142am bardzo zdezorientowana. Dopiero gdy zacz\u0119\u0142am przewraca\u0107 si\u0119 na krze\u015ble, zdali\u015bmy sobie spraw\u0119, \u017ce co\u015b jest naprawd\u0119 nie tak&#8221; \u2014 wspomina\u0142a. Mimo szybkiej operacji i leczenia choroba odcisn\u0119\u0142a trwa\u0142e pi\u0119tno na jej zdrowiu. &#8222;Moja pami\u0119\u0107 nigdy nie wr\u00f3ci\u0142a do normy&#8221; \u2014 przyzna\u0142a w jednym z wywiad\u00f3w.<\/p>\n<p class=\"Paragraph_desktopParagraph__U31Gm\">Pomimo trudno\u015bci, Kinsella nie przesta\u0142a pisa\u0107. W 2024 r. ukaza\u0142a si\u0119 jej ostatnia ksi\u0105\u017cka &#8222;What Does It Feel Like?&#8221;, cz\u0119\u015bciowo autobiograficzna opowie\u015b\u0107 o \u017cyciu z chorob\u0105. &#8222;Pisanie zawsze by\u0142o dla mnie form\u0105 przetwarzania rzeczywisto\u015bci. Chowaj\u0105c si\u0119 za moimi fikcyjnymi postaciami, zamienia\u0142am w\u0142asne \u017cycie w narracj\u0119. By\u0107 mo\u017ce to moja wersja terapii&#8221; \u2014 wyzna\u0142a we wst\u0119pie do powie\u015bci.<\/p>\n<p class=\"Paragraph_desktopParagraph__U31Gm\">Dzi\u0119kujemy, \u017ce przeczyta\u0142a\u015b\/e\u015b nasz artyku\u0142 do ko\u0144ca. W serwisie Plejada.pl ka\u017cdego dnia piszemy o najwa\u017cniejszych wydarzeniach show-biznesowych. B\u0105d\u017a na bie\u017c\u0105co! <a rel=\"nofollow noopener\" href=\"https:\/\/profile.google.com\/cp\/Cg0vZy8xMWJ6X19wdHBx\" id=\"0a7270c0-7f8b-433f-b6b7-e521507f605e\" target=\"_blank\">Obserwuj<\/a> Plejad\u0119 w Google. Odwied\u017a nas tak\u017ce na <a rel=\"nofollow noopener\" href=\"https:\/\/www.facebook.com\/plejadapl\" id=\"78dfb54e-00aa-4474-b73f-06b09da78197\" target=\"_blank\">Facebooku<\/a>, <a rel=\"nofollow noopener\" href=\"https:\/\/www.instagram.com\/plejadapl\/\" id=\"55968454-57f8-48ea-96d4-0ea92ad77f4d\" target=\"_blank\">Instagramie<\/a>, <a rel=\"nofollow noopener\" href=\"https:\/\/www.youtube.com\/c\/plejada\" id=\"a5c6c2cc-7020-4e1b-ae77-55c1a5ae2ca3\" target=\"_blank\">YouTubie<\/a> oraz <a rel=\"nofollow noopener\" href=\"https:\/\/www.tiktok.com\/@plejada_pl\" id=\"ca66c845-28d6-446d-8299-d7a68f94bc95\" target=\"_blank\">TikToku<\/a>.<\/p>\n<p class=\"Paragraph_desktopParagraph__U31Gm\">Chcesz podzieli\u0107 si\u0119 ciekawym newsem lub zaproponowa\u0107 temat? Skontaktuj si\u0119 z nami, pisz\u0105c maila na adres: <a href=\"https:\/\/www.onet.pl\/styl-zycia\/plejada\/sophie-kinsella-nie-zyje-autorka-bestsellerowej-serii-ksiazek-zmagala-sie-z-glejakiem\/mailto:plejada@redakcjaonet.pl\" id=\"edc6492f-3340-4be0-bd03-c39b7d554f19\" rel=\"nofollow noopener\" target=\"_blank\">plejada@redakcjaon<\/a><a rel=\"nofollow noopener\" href=\"http:\/\/et.pl\" id=\"c16be1b0-4005-4ed5-b586-51f06c54b932\" target=\"_blank\">et.pl<\/a>.<\/p>\n<p><script async src=\"\/\/www.instagram.com\/embed.js\"><\/script><script async src=\"\/\/www.tiktok.com\/embed.js\"><\/script><\/p>\n","protected":false},"excerpt":{"rendered":"\u015awiat literatury pogr\u0105\u017cy\u0142 si\u0119 w \u017ca\u0142obie. Media obieg\u0142y smutne informacje na temat \u015bmierci Sophie Kinselli, kt\u00f3ra zas\u0142yn\u0119\u0142a seri\u0105&hellip;\n","protected":false},"author":2,"featured_media":146076,"comment_status":"","ping_status":"","sticky":false,"template":"","format":"standard","meta":{"footnotes":""},"categories":[22],"tags":[4579,122,1669,67,53,9506,52,68,51,55,42,38,40,39,41,123,47,511,29169,196,65,50],"class_list":{"0":"post-146075","1":"post","2":"type-post","3":"status-publish","4":"format-standard","5":"has-post-thumbnail","7":"category-rozrywka","8":"tag-choroby_choroba","9":"tag-entertainment","10":"tag-glejak","11":"tag-intextvideo_splayer","12":"tag-new_header","13":"tag-nowotwor_rak_onkologia_onkolog","14":"tag-onet3","15":"tag-onet3d","16":"tag-onet3d_2i","17":"tag-phx","18":"tag-pl","19":"tag-poland","20":"tag-polish","21":"tag-polska","22":"tag-polski","23":"tag-rozrywka","24":"tag-screening_general","25":"tag-smierc","26":"tag-sophie_kinsella_pisarka","27":"tag-styl_zycia","28":"tag-update_me","29":"tag-v2021"},"share_on_mastodon":{"url":"https:\/\/pubeurope.com\/@pl\/115705255288642209","error":""},"_links":{"self":[{"href":"https:\/\/www.europesays.com\/pl\/wp-json\/wp\/v2\/posts\/146075","targetHints":{"allow":["GET"]}}],"collection":[{"href":"https:\/\/www.europesays.com\/pl\/wp-json\/wp\/v2\/posts"}],"about":[{"href":"https:\/\/www.europesays.com\/pl\/wp-json\/wp\/v2\/types\/post"}],"author":[{"embeddable":true,"href":"https:\/\/www.europesays.com\/pl\/wp-json\/wp\/v2\/users\/2"}],"replies":[{"embeddable":true,"href":"https:\/\/www.europesays.com\/pl\/wp-json\/wp\/v2\/comments?post=146075"}],"version-history":[{"count":0,"href":"https:\/\/www.europesays.com\/pl\/wp-json\/wp\/v2\/posts\/146075\/revisions"}],"wp:featuredmedia":[{"embeddable":true,"href":"https:\/\/www.europesays.com\/pl\/wp-json\/wp\/v2\/media\/146076"}],"wp:attachment":[{"href":"https:\/\/www.europesays.com\/pl\/wp-json\/wp\/v2\/media?parent=146075"}],"wp:term":[{"taxonomy":"category","embeddable":true,"href":"https:\/\/www.europesays.com\/pl\/wp-json\/wp\/v2\/categories?post=146075"},{"taxonomy":"post_tag","embeddable":true,"href":"https:\/\/www.europesays.com\/pl\/wp-json\/wp\/v2\/tags?post=146075"}],"curies":[{"name":"wp","href":"https:\/\/api.w.org\/{rel}","templated":true}]}}