{"id":146225,"date":"2025-12-12T08:41:10","date_gmt":"2025-12-12T08:41:10","guid":{"rendered":"https:\/\/www.europesays.com\/pl\/146225\/"},"modified":"2025-12-12T08:41:10","modified_gmt":"2025-12-12T08:41:10","slug":"zespol-niespokojnych-nog-moze-sygnalizowac-grozna-chorobe-mozgu-wazne-odkrycie","status":"publish","type":"post","link":"https:\/\/www.europesays.com\/pl\/146225\/","title":{"rendered":"Zesp\u00f3\u0142 niespokojnych n\u00f3g mo\u017ce sygnalizowa\u0107 gro\u017an\u0105 chorob\u0119 m\u00f3zgu. Wa\u017cne odkrycie"},"content":{"rendered":"<p>SPIS TRE\u015aCI<\/p>\n<ol class=\"ods-a-table-of-content__items\">\n<li class=\"ods-a-table-of-content__item\"><a href=\"#toc-zespol-niespokojnych-nog-i-ryzyko-parkinsona-badania-trwaly-15-lat-co-pokazaly\" class=\"ods-a-table-of-content__link\">Zesp\u00f3\u0142 niespokojnych n\u00f3g i ryzyko parkinsona. Badania trwa\u0142y 15 lat. Co pokaza\u0142y?<\/a><\/li>\n<li class=\"ods-a-table-of-content__item\"><a href=\"#toc-znaczenie-wczesnego-rozpoznania-i-leczenia\" class=\"ods-a-table-of-content__link\">Znaczenie wczesnego rozpoznania i leczenia<\/a><\/li>\n<\/ol>\n<p>Zesp\u00f3\u0142 niespokojnych n\u00f3g i ryzyko parkinsona. Badania trwa\u0142y 15 lat. Co pokaza\u0142y?<\/p>\n<p class=\"ods-c-paragraph \">Zesp\u00f3\u0142 niespokojnych n\u00f3g to cz\u0119ste zaburzenie snu, kt\u00f3re objawia si\u0119 niekontrolowan\u0105 potrzeb\u0105 poruszania nogami, szczeg\u00f3lnie nasilaj\u0105c\u0105 si\u0119 w nocy (<a href=\"https:\/\/www.medonet.pl\/choroby-od-a-do-z,zespol-niespokojnych-nog---przyczyny--objawy--leczenie,artykul,1726895.html\" id=\"489ff34a-8838-484d-9792-1b92e27e61a9\" rel=\"nofollow noopener\" target=\"_blank\">TU przeczytasz o przyczynach zespo\u0142u niespokojnych n\u00f3g<\/a>). Choroba Parkinsona, z kolei, to post\u0119puj\u0105ca choroba neurodegeneracyjna, charakteryzuj\u0105ca si\u0119 dr\u017ceniem, sztywno\u015bci\u0105 i spowolnieniem ruchowym (<a href=\"https:\/\/www.medonet.pl\/choroby-od-a-do-z\/choroby-neurologiczne,jak-poznac--ze-zaczyna-sie-parkinson--glowny-objaw--wystepuje-u-prawie-kazdego,artykul,77232056.html\" id=\"2471fdf7-85a4-4ddf-81cb-d7a07cb31be2\" rel=\"nofollow noopener\" target=\"_blank\">TU przeczytasz o pierwszym z objaw\u00f3w parkinsona<\/a>). Oba schorzenia s\u0105 zwi\u0105zane z dysfunkcj\u0105 uk\u0142adu dopaminergicznego m\u00f3zgu, jednak ich zwi\u0105zek przyczynowo-skutkowy nie jest do ko\u0144ca jasny.<\/p>\n<p class=\"ods-c-paragraph \"><a href=\"https:\/\/www.medonet.pl\/choroby-od-a-do-z\/choroby-neurologiczne,parkinson-moze-zaatakowac-juz-w-wieku-21-lat--neurolog-o-czterech-objawach,artykul,23222614.html\" id=\"77e7bd32-f2b1-4a91-bdeb-37f74e9e1ee9\" rel=\"nofollow noopener\" target=\"_blank\">Przeczytaj, co si\u0119 dzieje z m\u00f3zgiem w chorobie Parkinsona i do czego to prowadzi \u2014 neurolog wyja\u015bnia <\/a><\/p>\n<p class=\"ods-c-paragraph \">Badanie kohortowe przeprowadzone w Korei Po\u0142udniowej obj\u0119\u0142o niemal 20 tys. os\u00f3b. W trakcie 15-letniej obserwacji stwierdzono, \u017ce 1,6 proc. pacjent\u00f3w z zespo\u0142em niespokojnych n\u00f3g rozwin\u0119\u0142o chorob\u0119 Parkinsona, w por\u00f3wnaniu do 1 proc. w grupie kontrolnej. Najwy\u017csz\u0105 cz\u0119sto\u015b\u0107 wyst\u0119powania choroby Parkinsona odnotowano u pacjent\u00f3w z nieleczonym RLS (2,1 proc.), podczas gdy u os\u00f3b leczonych agonistami dopaminy cz\u0119sto\u015b\u0107 ta wynosi\u0142a jedynie 0,5 proc.<\/p>\n<p class=\"ods-c-paragraph \">Przeczytaj r\u00f3wnie\u017c: <a href=\"https:\/\/www.medonet.pl\/zdrowie\/zdrowie-dla-kazdego,zespol-niespokojnych-nog--choroba-ma-zabawna-nazwe--ale-moze-doprowadzic-do-samobojstwa,artykul,76079730.html\" id=\"de4a0101-fafb-4827-973a-20ec337ef9d7\" rel=\"nofollow noopener\" target=\"_blank\">Ta choroba ma zabawn\u0105 nazw\u0119, ale ludzie odbieraj\u0105 sobie przez ni\u0105 \u017cycie [LIST DO REDAKCJI]<\/a><\/p>\n<p>Dalszy ci\u0105g artyku\u0142u pod materia\u0142em wideo<\/p>\n<p> Czym jest zesp\u00f3\u0142 niespokojnych n\u00f3g? <\/p>\n<p> Jakie badania przeprowadzono w Korei Po\u0142udniowej? <\/p>\n<p> Jakie ryzyko parkinsona wi\u0105\u017ce si\u0119 z RLS? <\/p>\n<p> Co mo\u017ce dzia\u0142a\u0107 ochronnie na m\u00f3zg? <\/p>\n<p>  Znaczenie wczesnego rozpoznania i leczenia<\/p>\n<p class=\"ods-c-paragraph \">Wyniki bada\u0144 sugeruj\u0105, \u017ce zesp\u00f3\u0142 niespokojnych n\u00f3g mo\u017ce by\u0107 wczesnym markerem klinicznym choroby Parkinsona, zw\u0142aszcza u os\u00f3b nieleczonych. &#8222;Nasze wyniki wskazuj\u0105 r\u00f3wnie\u017c, \u017ce terapia DA (agonistami <a href=\"https:\/\/www.medonet.pl\/badania,dopamina---funkcje--badanie--nadmiar-i-niedobor-dopaminy,artykul,1570164.html\" id=\"a862f8d7-bc4d-4e31-9b5a-28666ea9a95e\" rel=\"nofollow noopener\" target=\"_blank\">dopaminy<\/a> \u2014 lekami maj\u0105cymi takie, jak dopamina dzia\u0142anie \u2014 red.), stosowana w celu kontroli objaw\u00f3w, mo\u017ce mie\u0107 dzia\u0142anie ochronne na szlaki ruchowe m\u00f3zgu&#8221; \u2014 wyja\u015bni\u0142 prof. Kim z Korea University Ansan Hospital<\/p>\n<p class=\"ods-c-paragraph \"><a href=\"https:\/\/www.medonet.pl\/choroby-od-a-do-z\/choroby-neurologiczne,tak-naprawde-wyglada-zycie-z-choroba-parkinsona--po-prostu-meczarnie,artykul,85546066.html\" id=\"e8e169fb-26a3-42f9-bfed-d70f9fbda293\" rel=\"nofollow noopener\" target=\"_blank\">Tak naprawd\u0119 wygl\u0105da \u017cycie z chorob\u0105 Parkinsona. &#8222;Po prostu m\u0119czarnie&#8221;. Pozaj histori\u0119 Izabeli<\/a><\/p>\n<p class=\"ods-c-paragraph \">Autorzy bada\u0144 wskazuj\u0105 tak\u017ce na mo\u017cliwo\u015b\u0107 wp\u0142ywu innych czynnik\u00f3w, takich jak zaburzenia snu czy <a href=\"https:\/\/www.medonet.pl\/leki-od-a-do-z\/witaminy-i-mineraly,niedobor-zelaza---przyczyny--objawy--skutki-i-profilaktyka,artykul,23382413.html\" id=\"65a3c56e-de43-498c-ba98-367848e10d15\" rel=\"nofollow noopener\" target=\"_blank\">niedob\u00f3r \u017celaza<\/a>, oraz szlaki immunologiczne lub metaboliczne na rozw\u00f3j tych schorze\u0144. Tendencja ochronna obserwowana w przypadku terapii DA mo\u017ce odzwierciedla\u0107 mechanizmy neuroprotekcyjne lub lepsz\u0105 identyfikacj\u0119 rzeczywistych przypadk\u00f3w zespo\u0142u niespokojnych n\u00f3g, kt\u00f3re r\u00f3\u017cni\u0105 si\u0119 od wczesnych stadi\u00f3w choroby Parkinsona.<\/p>\n<p class=\"ods-c-paragraph \">Profesor Jong Hun Kim podkre\u015bla, \u017ce wczesne rozpoznanie i leczenie RLS mo\u017ce nie tylko poprawi\u0107 jako\u015b\u0107 snu, ale tak\u017ce wp\u0142yn\u0105\u0107 na d\u0142ugoterminowe zdrowie neurologiczne. To podkre\u015bla wag\u0119 wczesnego rozpoznawania i leczenia zespo\u0142u niespokojnych n\u00f3g \u2014 doda\u0142 prof. Jong Hun Kim.<\/p>\n<p><img decoding=\"async\" src=\"https:\/\/www.europesays.com\/pl\/wp-content\/uploads\/2025\/12\/K1dk9lBaHR0cHM6Ly9vY2RuLmV1L3B1bHNjbXMvTURBXy9lZDM1NDM0MWJkZjA4MTA2ZDkyZWYwM2ZmNGEyYmQ2OC5wbmeSlQMAA.jpeg\" height=\"940\" width=\"940\" alt=\"Tak wygl\u0105daj\u0105 objawy choroby Parkinsona\" loading=\"lazy\" class=\"ods-c-image__img ods-c-image__img--viewport-width\"\/><\/p>\n<p>Tak wygl\u0105daj\u0105 objawy choroby ParkinsonaMateusz Krymski \/ PAP<\/p>\n<p class=\"ods-c-paragraph \">\u0179r\u00f3d\u0142o informacji: Polska Agencja Prasowa<\/p>\n<p> Tre\u015bci z serwisu Medonet maj\u0105 na celu polepszenie, a nie zast\u0105pienie, kontaktu pomi\u0119dzy U\u017cytkownikiem a jego lekarzem. Serwis ma charakter wy\u0142\u0105cznie informacyjno-edukacyjny. Przed zastosowaniem si\u0119 do porad z zakresu wiedzy specjalistycznej, w szczeg\u00f3lno\u015bci medycznych, zawartych w Serwisie nale\u017cy bezwzgl\u0119dnie skonsultowa\u0107 si\u0119 z lekarzem. <\/p>\n","protected":false},"excerpt":{"rendered":"SPIS TRE\u015aCI Zesp\u00f3\u0142 niespokojnych n\u00f3g i ryzyko parkinsona. Badania trwa\u0142y 15 lat. Co pokaza\u0142y? Znaczenie wczesnego rozpoznania i&hellip;\n","protected":false},"author":2,"featured_media":146226,"comment_status":"","ping_status":"","sticky":false,"template":"","format":"standard","meta":{"footnotes":""},"categories":[14],"tags":[32,33,25127,3397,8696,27,34,35,28,31,48,25,46,40,41,47,80,29,30,26,82,83,84,29518],"class_list":{"0":"post-146225","1":"post","2":"type-post","3":"status-publish","4":"format-standard","5":"has-post-thumbnail","7":"category-swiat","8":"tag-breaking-news","9":"tag-breakingnews","10":"tag-choroba_parkinsona","11":"tag-choroby_neurodegeneracyjne","12":"tag-dopamina","13":"tag-headlines","14":"tag-latest-news","15":"tag-latestnews","16":"tag-naglowki","17":"tag-najwazniejsze-artykuly","18":"tag-nat_styl","19":"tag-news","20":"tag-omp","21":"tag-polish","22":"tag-polski","23":"tag-screening_general","24":"tag-swiat","25":"tag-top-stories","26":"tag-topstories","27":"tag-wiadomosci","28":"tag-world","29":"tag-world-news","30":"tag-worldnews","31":"tag-zespol_niespokojnych_nog"},"share_on_mastodon":{"url":"https:\/\/pubeurope.com\/@pl\/115705707888366958","error":""},"_links":{"self":[{"href":"https:\/\/www.europesays.com\/pl\/wp-json\/wp\/v2\/posts\/146225","targetHints":{"allow":["GET"]}}],"collection":[{"href":"https:\/\/www.europesays.com\/pl\/wp-json\/wp\/v2\/posts"}],"about":[{"href":"https:\/\/www.europesays.com\/pl\/wp-json\/wp\/v2\/types\/post"}],"author":[{"embeddable":true,"href":"https:\/\/www.europesays.com\/pl\/wp-json\/wp\/v2\/users\/2"}],"replies":[{"embeddable":true,"href":"https:\/\/www.europesays.com\/pl\/wp-json\/wp\/v2\/comments?post=146225"}],"version-history":[{"count":0,"href":"https:\/\/www.europesays.com\/pl\/wp-json\/wp\/v2\/posts\/146225\/revisions"}],"wp:featuredmedia":[{"embeddable":true,"href":"https:\/\/www.europesays.com\/pl\/wp-json\/wp\/v2\/media\/146226"}],"wp:attachment":[{"href":"https:\/\/www.europesays.com\/pl\/wp-json\/wp\/v2\/media?parent=146225"}],"wp:term":[{"taxonomy":"category","embeddable":true,"href":"https:\/\/www.europesays.com\/pl\/wp-json\/wp\/v2\/categories?post=146225"},{"taxonomy":"post_tag","embeddable":true,"href":"https:\/\/www.europesays.com\/pl\/wp-json\/wp\/v2\/tags?post=146225"}],"curies":[{"name":"wp","href":"https:\/\/api.w.org\/{rel}","templated":true}]}}