{"id":146539,"date":"2025-12-12T11:44:15","date_gmt":"2025-12-12T11:44:15","guid":{"rendered":"https:\/\/www.europesays.com\/pl\/146539\/"},"modified":"2025-12-12T11:44:15","modified_gmt":"2025-12-12T11:44:15","slug":"dwa-lata-rzadu-tuska-jak-ida-rozliczenia-afer-zjednoczonej-prawicy","status":"publish","type":"post","link":"https:\/\/www.europesays.com\/pl\/146539\/","title":{"rendered":"Dwa lata rz\u0105du Tuska. Jak id\u0105 rozliczenia afer Zjednoczonej Prawicy?"},"content":{"rendered":"<p>Ponad setka os\u00f3b z postawionymi zarzutami, lecz akt\u00f3w oskar\u017cenia nieco ponad 30, a wyrok\u00f3w skazuj\u0105cych tylko kilka &#8211; po dw\u00f3ch latach rz\u0105du Donalda Tuska najg\u0142o\u015bniejsze afery Zjednoczonej Prawicy wci\u0105\u017c nie zosta\u0142y rozliczone. Cho\u0107 prace wymiaru sprawiedliwo\u015bci przyspieszy\u0142y, byli rz\u0105dz\u0105cy skutecznie sypi\u0105 piasek w tryby, a Polacy niecierpliwi\u0105 si\u0119 coraz bardziej. Oto jak wygl\u0105da stan rozlicze\u0144.         <a class=\"sc-aXZVgy sc-gEvEery ldavXXy dUmtgUy sc-eubriuy sc-fxLEgVy hwKHvNy kHFqqdy sc-1bzp6oq-2 hMJJXmy SubscriptionBar TextBox\" part=\"SubscriptionBar TextBox\" title=\"Artyku\u0142 dost\u0119pny w subskrypcji\" href=\"https:\/\/kup.tvn24.pl\/oferta\/rekomendowane\" data-google-interstitial=\"false\" data-store-anchor=\"PrzyciskArtykulBelkaSubskrypcyjna\" rel=\"nofollow noopener\" target=\"_blank\">Artyku\u0142 dost\u0119pny w subskrypcji<\/a><\/p>\n<p>Kluczowe fakty:<\/p>\n<ul part=\"List\" class=\"sc-fqbHDXy sc-jLTGeuy giDqagy gGBfaAy List\">\n<li class=\"sc-aXZVgy sc-gEvEery ldavXXy dUmtgUy sc-hJnXKgy fwHCxy TextBox\" part=\"TextBox\">13 grudnia 2025 roku mijaj\u0105 dwa lata od powo\u0142ania gabinetu Donalda Tuska. Obietnica rozlicze\u0144 afer Zjednoczonej Prawicy by\u0142a jedn\u0105 z g\u0142\u00f3wnych, kt\u00f3re sk\u0142ada\u0142a koalicja 15 pa\u017adziernika.<\/li>\n<li class=\"sc-aXZVgy sc-gEvEery ldavXXy dUmtgUy sc-hJnXKgy fwHCxy TextBox\" part=\"TextBox\">Blisko po\u0142owa badanych Polak\u00f3w ocenia, \u017ce rozliczenia id\u0105 zbyt wolno.<\/li>\n<li class=\"sc-aXZVgy sc-gEvEery ldavXXy dUmtgUy sc-hJnXKgy fwHCxy TextBox\" part=\"TextBox\">Przeanalizowali\u015bmy, komu postawiono zarzuty, kogo oskar\u017cono i kogo skazano w przypadku 12 najg\u0142o\u015bniejszych afer z lat 2015-2023. <\/li>\n<\/ul>\n<p class=\"sc-aXZVgy sc-gEvEery ldavXXy dUmtgUy sc-gHCuMny sc-dkkA-Dcy chcjuDy iqYeLUy Paragraph TextBox\" part=\"Paragraph TextBox\" data-paragraph=\"\">Pod koniec listopada 2025 roku premier <a href=\"https:\/\/tvn24.pl\/tagi\/donald-tusk\" target=\"_self\" data-salt=\"1\" class=\"ds-link\" rel=\"nofollow noopener\">Donald Tusk<\/a> zapewnia\u0142, \u017ce rozliczenia rz\u0105d\u00f3w Zjednoczonej Prawicy &#8222;wchodz\u0105 w decyduj\u0105c\u0105 faz\u0119&#8221;. &#8222;Pa\u0144stwo dzia\u0142a cierpliwie, konsekwentnie i zgodnie z prawem. Nie ma ju\u017c \u015bwi\u0119tych kr\u00f3w. Niewinni nie maj\u0105 si\u0119 czego obawia\u0107. Winni jak najbardziej&#8221; &#8211; napisa\u0142 w mediach spo\u0142eczno\u015bciowych. <\/p>\n<blockquote class=\"twitter-tweet\">\n<p lang=\"pl\" dir=\"ltr\">Rozliczenia wchodz\u0105 w decyduj\u0105c\u0105 faz\u0119. Pa\u0144stwo dzia\u0142a cierpliwie, konsekwentnie i zgodnie z prawem. Nie ma ju\u017c \u015bwi\u0119tych kr\u00f3w. Niewinni nie maj\u0105 si\u0119 czego obawia\u0107. Winni jak najbardziej.<\/p>\n<p>\u2014 Donald Tusk (@donaldtusk) <a href=\"https:\/\/twitter.com\/donaldtusk\/status\/1993743182064947635?ref_src=twsrc%5Etfw\" rel=\"nofollow noopener\" target=\"_blank\">November 26, 2025<\/a><\/p><\/blockquote>\n<p class=\"sc-aXZVgy sc-gEvEery ldavXXy dUmtgUy sc-gHCuMny sc-dkkA-Dcy chcjuDy iqYeLUy Paragraph TextBox\" part=\"Paragraph TextBox\" data-paragraph=\"\">O ile &#8222;cierpliwo\u015b\u0107 pa\u0144stwa&#8221; mo\u017ce by\u0107 niesko\u0144czona, to wyborcom zaczyna jej brakowa\u0107. Dwa dni przed postem Tuska dziennik &#8222;Rzeczpospolita&#8221; opublikowa\u0142 wyniki sonda\u017cu pracowni IBRiS, w kt\u00f3rym pytano Polak\u00f3w, jak oceniaj\u0105 rozliczenia rz\u0105d\u00f3w Prawa i Sprawiedliwo\u015bci przez ministra Waldemara \u017burka. A\u017c 45,1 proc. ankietowanych ocenia je \u017ale; pozytywnie o dzia\u0142aniach obecnego ministra sprawiedliwo\u015bci i prokuratora generalnego wypowiedzia\u0142o si\u0119 32,4 proc. badanych. <\/p>\n<p class=\"sc-aXZVgy sc-gEvEery ldavXXy dUmtgUy sc-gHCuMny sc-dkkA-Dcy chcjuDy iqYeLUy Paragraph TextBox\" part=\"Paragraph TextBox\" data-paragraph=\"\">Dla rz\u0105dz\u0105cych taki wynik dwa lata po obj\u0119ciu w\u0142adzy &#8211; rz\u0105d Donalda Tuska zosta\u0142 zaprzysi\u0119\u017cony 13 grudnia 2023 roku &#8211; mo\u017ce by\u0107 niepokoj\u0105cy. Rozliczenie afer z lat rz\u0105d\u00f3w Zjednoczonej Prawicy &#8211; nazywanych potocznie &#8222;aferami PiS&#8221; &#8211; by\u0142o przecie\u017c jedn\u0105 z g\u0142\u00f3wnych obietnic, kt\u00f3re obecna koalicja rz\u0105dz\u0105ca sk\u0142ada\u0142a w kampanii wyborczej. Rozliczenia obiecywano podczas spotka\u0144 z wyborcami, w &#8222;100 konkretach na 100 dni rz\u0105du&#8221;, a tak\u017ce w umowie koalicyjnej podpisanej mi\u0119dzy Koalicj\u0105 Obywatelsk\u0105, Trzeci\u0105 Drog\u0105 (PSL-Polska 2050) i Now\u0105 Lewic\u0105. &#8222;Bezprawie, kt\u00f3rego wszyscy byli\u015bmy \u015bwiadkami w trakcie rz\u0105d\u00f3w naszych poprzednik\u00f3w, musi zosta\u0107 nazwane i rozliczone&#8221; &#8211; zapewniono w umowie. <\/p>\n<p class=\"sc-aXZVgy sc-gEvEery ldavXXy dUmtgUy sc-gHCuMny sc-dkkA-Dcy chcjuDy iqYeLUy Paragraph TextBox\" part=\"Paragraph TextBox\" data-paragraph=\"\">Misj\u0119 t\u0119 premier Donald Tusk powierzy\u0142 pocz\u0105tkowo ministrowi sprawiedliwo\u015bci i prokuratorowi generalnemu <a href=\"https:\/\/tvn24.pl\/tagi\/Adam_Bodnar\" target=\"_self\" data-salt=\"1\" class=\"ds-link\" rel=\"nofollow noopener\">Adamowi Bodnarowi<\/a>. Lecz gdy w kwietniu 2025 roku Polak\u00f3w zapytano o tempo rozlicze\u0144, niemal po\u0142owa (49 proc.) oceni\u0142a je jako niezadowalaj\u0105ce, a tylko 43 proc. jako zadowalaj\u0105ce. Gdy w lipcu 2025 roku dosz\u0142o do rekonstrukcji rz\u0105du, Adama Bodnara zast\u0105pi\u0142 na stanowisku Waldemar \u017burek. W reakcji na s\u0142owa Tuska o &#8222;decyduj\u0105cej fazie rozlicze\u0144&#8221; stwierdzi\u0142, \u017ce &#8222;prokuratura pracuje pe\u0142n\u0105 par\u0105 i wida\u0107, \u017ce nabra\u0142a wiatru w \u017cagle&#8221;.<\/p>\n<p><img decoding=\"async\" src=\"https:\/\/www.europesays.com\/pl\/wp-content\/uploads\/2025\/12\/1765539855_748_WEBP_LANDSCAPE_320.webp\"   alt=\"Po obj\u0119ciu kierownictwa resortu sprawiedliwo\u015bci przez Waldemara \u017burka wielu spodziewa\u0142o si\u0119, \u017ce rozliczenia znacznie przyspiesz\u0105 \" loading=\"lazy\" class=\"sc-eqUAAyy sc-fqkvVRy rseJJy gAuUMIy Picture Picture--16x9\" part=\"Picture Picture--16x9\"\/><\/p>\n<p>Po obj\u0119ciu kierownictwa resortu sprawiedliwo\u015bci przez Waldemara \u017burka wielu spodziewa\u0142o si\u0119, \u017ce rozliczenia znacznie przyspiesz\u0105 <\/p>\n<p>\u0179r\u00f3d\u0142o: Pawe\u0142 Supernak\/PAP<\/p>\n<p class=\"sc-aXZVgy sc-gEvEery ldavXXy dUmtgUy sc-gHCuMny sc-dkkA-Dcy chcjuDy iqYeLUy Paragraph TextBox\" part=\"Paragraph TextBox\" data-paragraph=\"\">Na p\u00f3\u0142metku rz\u0105du Donalda Tuska sprawdzili\u015bmy, co do tej pory zrobi\u0142a prokuratura i s\u0105dy, &#8222;\u017ceby afery nie pozosta\u0142y bezkarne&#8221;. Skupili\u015bmy si\u0119 na 12 najg\u0142o\u015bniejszych aferach z czas\u00f3w rz\u0105d\u00f3w Zjednoczonej Prawicy, w kt\u00f3re zamieszani maj\u0105 by\u0107 najwy\u017cej postawieni w\u00f3wczas politycy PiS i Solidarnej Polski. Nie s\u0105 to wy\u0142\u0105cznie nazwiska i sprawy wymienione w &#8222;100 konkretach&#8221; Koalicji Obywatelskiej.    <\/p>\n<p><script async src=\"https:\/\/platform.twitter.com\/widgets.js\" charset=\"utf-8\"><\/script><\/p>\n","protected":false},"excerpt":{"rendered":"Ponad setka os\u00f3b z postawionymi zarzutami, lecz akt\u00f3w oskar\u017cenia nieco ponad 30, a wyrok\u00f3w skazuj\u0105cych tylko kilka &#8211;&hellip;\n","protected":false},"author":2,"featured_media":146540,"comment_status":"","ping_status":"","sticky":false,"template":"","format":"standard","meta":{"footnotes":""},"categories":[12],"tags":[29572,29556,29580,6445,29603,29575,4836,15677,29569,29672,29670,6439,29627,29699,29641,7085,19159,6417,29647,24202,6356,29683,29674,29665,29703,29651,29613,29612,1433,29567,6377,7009,15477,1446,29637,7038,18851,29676,29630,29696,17890,6398,6448,1401,15752,5402,29702,29655,7064,9639,29626,20239,6416,29704,18813,1397,5392,29606,29485,29663,29642,18812,6355,29657,29671,29604,29594,29668,29656,29566,29661,29583,6389,1485,29550,29577,7808,20964,18859,17892,29561,18829,29591,29585,7079,14390,20230,16664,29644,4127,29581,29639,29579,1406,29628,24220,29587,6411,29611,29681,29573,29560,29632,17932,29551,29697,29563,29553,29578,29584,29582,29597,29701,1453,1415,29636,29570,29559,29648,20124,1469,29595,29617,29653,29667,1491,29609,7806,29615,29576,29666,1461,29685,29586,29554,29695,6387,18804,7031,29620,2943,6394,29564,14364,6441,29623,7046,5400,29588,29677,29549,7056,6358,6427,29659,29705,5380,7027,7080,29631,29605,29547,29679,29600,29673,29619,29689,29694,29638,29593,29568,1423,1479,29654,29625,29635,29565,1375,29589,29555,29660,29649,29680,29664,29690,29608,29596,6450,29592,29599,29624,29618,29562,29687,14699,29688,29574,29552,1429,29614,29622,1484,14305,29643,29601,7069,7093,11657,1499,29607,29662,18845,29698,20957,29691,12970,11673,29558,1410,6425,6378,1368,29692,11661,29571,29675,29684,29634,29602,1444,7060,29706,29678,28955,1496,18818,29598,18831,29557,7021,29548,27491,29658,17893,29669,29693,9193,29640,7039,29610,29616,29629,29652,29650,29621,6357,18844,29590,6414,7068,1430,11660,18827,29682,29633,11662,4133,29686,29646,12961,15481,29707,1448,29645,29700,6437,32,33,36,37,27,34,35,1441,1369,28,31,25,42,38,40,39,41,29,30,26],"class_list":{"0":"post-146539","1":"post","2":"type-post","3":"status-publish","4":"format-standard","5":"has-post-thumbnail","7":"category-polska","8":"tag-keywordadam","9":"tag-keywordafer","10":"tag-keywordafer-czas-rzad","11":"tag-keywordafera","12":"tag-keywordafera-rok-zaprzysiezec","13":"tag-keywordafera-rok-zaprzysiezec-rzad","14":"tag-keywordagencja","15":"tag-keywordakt","16":"tag-keywordakt-oskarzenie","17":"tag-keywordakt-oskarzenie-osoba","18":"tag-keywordakt-oskarzenie-sad","19":"tag-keywordareszt","20":"tag-keywordbad","21":"tag-keywordbiuro","22":"tag-keywordbodnar","23":"tag-keywordbrak","24":"tag-keywordbudowa","25":"tag-keywordcel","26":"tag-keywordcel-osiagnac-korzysc","27":"tag-keywordcena","28":"tag-keywordcentrum","29":"tag-keywordcentrum-badanie-rozwoj","30":"tag-keywordciag","31":"tag-keywordciag-rok","32":"tag-keywordciag-rok-rzad","33":"tag-keywordciag-rok-rzad-koalicja","34":"tag-keywordciag-rok-rzad-koalicja-pazdziernik","35":"tag-keywordcovid","36":"tag-keywordczas","37":"tag-keywordczas-rzad-prawica","38":"tag-keywordczerwiec","39":"tag-keywordczesc","40":"tag-keywordczlonek","41":"tag-keyworddane","42":"tag-keyworddaniel","43":"tag-keyworddecyzja","44":"tag-keyworddepartament","45":"tag-keyworddonald","46":"tag-keyworddonald-tusk","47":"tag-keyworddworczyk","48":"tag-keyworddyrektor","49":"tag-keyworddzialanie","50":"tag-keyworddzien","51":"tag-keywordfirma","52":"tag-keywordfundacja","53":"tag-keywordfundusz","54":"tag-keywordfundusz-sprawiedliwosc","55":"tag-keywordfundusz-sprawiedliwosc-wyrok","56":"tag-keywordfunkcjonariusz","57":"tag-keywordgeneral","58":"tag-keywordgranatnik","59":"tag-keywordgrudzien","60":"tag-keywordgrupa","61":"tag-keywordgrupa-przekroczyc-uprawnienie","62":"tag-keywordimmunitet","63":"tag-keywordinformacja","64":"tag-keywordinwestycja","65":"tag-keywordizba","66":"tag-keywordjacek","67":"tag-keywordjaroslaw","68":"tag-keywordkancelaria","69":"tag-keywordkierownictwo","70":"tag-keywordkoalicja","71":"tag-keywordkoalicja-konkretach","72":"tag-keywordkoalicja-konkretach-afera","73":"tag-keywordkoalicja-konkretach-sprawa","74":"tag-keywordkoalicja-pazdziernik","75":"tag-keywordkoalicja-pazdziernik-sejm","76":"tag-keywordkoalicja-pazdziernik-sejm-komisja","77":"tag-keywordkoalicja-pazdziernik-sprawa","78":"tag-keywordkoalicja-postawic-trybunalem","79":"tag-keywordkoalicja-postawic-trybunalem-stan","80":"tag-keywordkomisja","81":"tag-keywordkoniec","82":"tag-keywordkonkret","83":"tag-keywordkonkretach","84":"tag-keywordkonkurs","85":"tag-keywordkontrola","86":"tag-keywordkorespondencja","87":"tag-keywordkorzysc","88":"tag-keywordkrzysztof","89":"tag-keywordksiadz","90":"tag-keywordksiadz-michal-olszewski","91":"tag-keywordkuczmierowski","92":"tag-keywordkwiecien","93":"tag-keywordlistopad","94":"tag-keywordluty","95":"tag-keywordmarzec","96":"tag-keywordmateusz","97":"tag-keywordmedia","98":"tag-keywordmichal","99":"tag-keywordmichal-dworczyk","100":"tag-keywordmichal-kuczmierowski","101":"tag-keywordmiesiac","102":"tag-keywordmiesiac-pozbawic-wolnosc","103":"tag-keywordmilion","104":"tag-keywordmilion-zloty","105":"tag-keywordminister","106":"tag-keywordminister-sprawiedliwosc","107":"tag-keywordminister-sprawiedliwosc-adam","108":"tag-keywordminister-sprawiedliwosc-adam-bodnar","109":"tag-keywordminister-sprawiedliwosc-prokurator","110":"tag-keywordminister-sprawiedliwosc-waldemar","111":"tag-keywordministerstwo","112":"tag-keywordministerstwo-sprawiedliwosc","113":"tag-keywordministerstwo-sprawiedliwosc-grupa","114":"tag-keywordmorawiecki","115":"tag-keywordmsz","116":"tag-keywordncbr","117":"tag-keywordnieprawidlowosc","118":"tag-keywordobajtek","119":"tag-keywordobajtk","120":"tag-keywordobjecie","121":"tag-keywordobowiazek","122":"tag-keywordodpowiedzialnosc","123":"tag-keywordolszewski","124":"tag-keywordorlen","125":"tag-keywordorlen-trading-switzerland","126":"tag-keywordorlenu","127":"tag-keywordoskarzenie","128":"tag-keywordosoba","129":"tag-keywordosoba-zarzut","130":"tag-keywordostroleka","131":"tag-keywordpaliwo","132":"tag-keywordpandemia","133":"tag-keywordpanstwo","134":"tag-keywordpawel","135":"tag-keywordpazdziernik","136":"tag-keywordpazdziernik-sejm-komisja","137":"tag-keywordpazdziernik-sprawa","138":"tag-keywordpegasus","139":"tag-keywordpieniadz","140":"tag-keywordpiotr","141":"tag-keywordpiotr-wawrzyk","142":"tag-keywordpiotr-wawrzyk-wspolpracownik","143":"tag-keywordpis","144":"tag-keywordpoczatek","145":"tag-keywordpodmiot","146":"tag-keywordpodstawa","147":"tag-keywordpolak","148":"tag-keywordpolicja","149":"tag-keywordpolityk","150":"tag-keywordpolska","151":"tag-keywordpora","152":"tag-keywordposel","153":"tag-keywordpostawic-trybunalem-stan","154":"tag-keywordpostepowanie","155":"tag-keywordpowod","156":"tag-keywordpozbawic","157":"tag-keywordpozbawic-wolnosc-zawieszec","158":"tag-keywordpozbawic-wolnosc-zawieszec-rok","159":"tag-keywordpraca","160":"tag-keywordprawica","161":"tag-keywordpremier","162":"tag-keywordpremier-donald-tusk","163":"tag-keywordpremier-mateusz","164":"tag-keywordprezes","165":"tag-keywordprokurator","166":"tag-keywordprokuratura","167":"tag-keywordprokuratura-pociagniecie-odpowiedzialnosc","168":"tag-keywordprokuratura-sad","169":"tag-keywordprokuratura-sad-akt","170":"tag-keywordprokuratura-sad-akt-oskarzenie","171":"tag-keywordprokuratura-sad-akta","172":"tag-keywordprokuratura-sad-akta-oskarzenie","173":"tag-keywordprokuratura-zarzut","174":"tag-keywordprzekroczyc","175":"tag-keywordprzekroczyc-uprawnienie","176":"tag-keywordprzekroczyc-uprawnienie-niedopelnienie","177":"tag-keywordprzekroczyc-uprawnienie-niedopelnienie-obowiazek","178":"tag-keywordprzeprowadzic","179":"tag-keywordprzestepstwo","180":"tag-keywordprzypadek","181":"tag-keywordrafineria","182":"tag-keywordrars","183":"tag-keywordred","184":"tag-keywordrespirator","185":"tag-keywordrok","186":"tag-keywordrok-rzad","187":"tag-keywordrok-rzad-donald","188":"tag-keywordrok-rzad-donald-tusk","189":"tag-keywordrok-rzad-koalicja","190":"tag-keywordrok-rzad-koalicja-pazdziernik","191":"tag-keywordrok-rzad-koalicja-pazdziernik-sprawa","192":"tag-keywordrok-zaprzysiezec","193":"tag-keywordrok-zaprzysiezec-rzad","194":"tag-keywordrozliczenie","195":"tag-keywordrzad","196":"tag-keywordrzad-donald","197":"tag-keywordrzad-donald-tusk","198":"tag-keywordrzad-koalicja","199":"tag-keywordrzad-koalicja-pazdziernik","200":"tag-keywordrzad-koalicja-pazdziernik-sprawa","201":"tag-keywordrzad-prawica","202":"tag-keywordrzecznik","203":"tag-keywordrzecznik-prokuratura","204":"tag-keywordrzecznik-prokuratura-warszawa","205":"tag-keywordrzeczpospolita","206":"tag-keywordsad","207":"tag-keywordsad-akt-oskarzenie","208":"tag-keywordsad-akta-oskarzenie","209":"tag-keywordsedzia","210":"tag-keywordsejm","211":"tag-keywordsierpien","212":"tag-keywordskrzynka","213":"tag-keywordsledczy","214":"tag-keywordsledztwo","215":"tag-keywordspolka","216":"tag-keywordsprawa","217":"tag-keywordsprawa-fundusz-sprawiedliwosc","218":"tag-keywordsprawa-piotr-wawrzyk","219":"tag-keywordsprawiedliwosc","220":"tag-keywordsprawiedliwosc-adam-bodnar","221":"tag-keywordsprzedaz","222":"tag-keywordsprzedaz-udzial-rafineria","223":"tag-keywordsrodek","224":"tag-keywordsrodki","225":"tag-keywordsrodki-fundusz-sprawiedliwosc","226":"tag-keywordstan","227":"tag-keywordstrona","228":"tag-keywordstyczen","229":"tag-keywordszef","230":"tag-keywordszef-kancelaria-premier","231":"tag-keywordszkoda","232":"tag-keywordtryb","233":"tag-keywordtrybunal","234":"tag-keywordtrybunalem","235":"tag-keywordtrybunalem-stan","236":"tag-keywordtusk","237":"tag-keywordtysiac","238":"tag-keywordudzial","239":"tag-keywordugrupowanie","240":"tag-keywordugrupowanie-koalicja-pazdziernik","241":"tag-keywordukraina","242":"tag-keywordumowa","243":"tag-keyworduprawnienie","244":"tag-keyworduprawnienie-niedopelnienie-obowiazek","245":"tag-keywordurzednik","246":"tag-keywordurzednik-ministerstwo-sprawiedliwosc","247":"tag-keywordustalenie","248":"tag-keywordwaldemar","249":"tag-keywordwarszawa","250":"tag-keywordwawrzyk","251":"tag-keywordwiadomosc","252":"tag-keywordwiadomosc-skrzynka-dworczyk","253":"tag-keywordwiceministr","254":"tag-keywordwladza","255":"tag-keywordwladza-koalicja-pazdziernik","256":"tag-keywordwniosek","257":"tag-keywordwniosek-prokuratura","258":"tag-keywordwniosek-prokuratura-pociagniecie","259":"tag-keywordwniosek-prokuratura-pociagniecie-odpowiedzialnosc","260":"tag-keywordwolnosc","261":"tag-keywordwolnosc-zawieszec-rok","262":"tag-keywordwosi","263":"tag-keywordwrzesien","264":"tag-keywordwspolpracownik","265":"tag-keywordwyborca","266":"tag-keywordwybory","267":"tag-keywordwynik","268":"tag-keywordwyrok","269":"tag-keywordwysokosc","270":"tag-keywordzakup","271":"tag-keywordzaprzysiezec","272":"tag-keywordzaprzysiezec-rzad","273":"tag-keywordzarzut","274":"tag-keywordzawiadomienie","275":"tag-keywordzawiadomienie-prokuratura","276":"tag-keywordzbigniew","277":"tag-keywordzdrowie","278":"tag-keywordzespol","279":"tag-keywordziobry","280":"tag-keywordzloty","281":"tag-keywordzlozyc-wniosek-prokuratura","282":"tag-keywordzurek","283":"tag-keywordzwiazek","284":"tag-breaking-news","285":"tag-breakingnews","286":"tag-featured-news","287":"tag-featurednews","288":"tag-headlines","289":"tag-latest-news","290":"tag-latestnews","291":"tag-mainfalse","292":"tag-maintrue","293":"tag-naglowki","294":"tag-najwazniejsze-artykuly","295":"tag-news","296":"tag-pl","297":"tag-poland","298":"tag-polish","299":"tag-polska","300":"tag-polski","301":"tag-top-stories","302":"tag-topstories","303":"tag-wiadomosci"},"share_on_mastodon":{"url":"","error":"Validation failed: Text character limit of 500 exceeded"},"_links":{"self":[{"href":"https:\/\/www.europesays.com\/pl\/wp-json\/wp\/v2\/posts\/146539","targetHints":{"allow":["GET"]}}],"collection":[{"href":"https:\/\/www.europesays.com\/pl\/wp-json\/wp\/v2\/posts"}],"about":[{"href":"https:\/\/www.europesays.com\/pl\/wp-json\/wp\/v2\/types\/post"}],"author":[{"embeddable":true,"href":"https:\/\/www.europesays.com\/pl\/wp-json\/wp\/v2\/users\/2"}],"replies":[{"embeddable":true,"href":"https:\/\/www.europesays.com\/pl\/wp-json\/wp\/v2\/comments?post=146539"}],"version-history":[{"count":0,"href":"https:\/\/www.europesays.com\/pl\/wp-json\/wp\/v2\/posts\/146539\/revisions"}],"wp:featuredmedia":[{"embeddable":true,"href":"https:\/\/www.europesays.com\/pl\/wp-json\/wp\/v2\/media\/146540"}],"wp:attachment":[{"href":"https:\/\/www.europesays.com\/pl\/wp-json\/wp\/v2\/media?parent=146539"}],"wp:term":[{"taxonomy":"category","embeddable":true,"href":"https:\/\/www.europesays.com\/pl\/wp-json\/wp\/v2\/categories?post=146539"},{"taxonomy":"post_tag","embeddable":true,"href":"https:\/\/www.europesays.com\/pl\/wp-json\/wp\/v2\/tags?post=146539"}],"curies":[{"name":"wp","href":"https:\/\/api.w.org\/{rel}","templated":true}]}}