{"id":146615,"date":"2025-12-12T12:22:07","date_gmt":"2025-12-12T12:22:07","guid":{"rendered":"https:\/\/www.europesays.com\/pl\/146615\/"},"modified":"2025-12-12T12:22:07","modified_gmt":"2025-12-12T12:22:07","slug":"natasza-urbanska-zwrocila-sie-do-corki-w-sieci-tak-teraz-wyglada-17-letnia-kalina","status":"publish","type":"post","link":"https:\/\/www.europesays.com\/pl\/146615\/","title":{"rendered":"Natasza Urba\u0144ska zwr\u00f3ci\u0142a si\u0119 do c\u00f3rki w sieci. Tak teraz wygl\u0105da 17-letnia Kalina"},"content":{"rendered":"<p class=\"Paragraph_desktopParagraph__U31Gm\">Pocz\u0105tki ich zwi\u0105zku nie by\u0142y \u0142atwe. <a href=\"https:\/\/plejada.pl\/temat\/janusz-jozefowicz\/syqtfsk\" id=\"1ec56eba-97cb-41eb-bb36-710a35a6544e\" rel=\"nofollow noopener\" target=\"_blank\">Janusz J\u00f3zefowicz<\/a>, re\u017cyser teatralny, by\u0142 w\u00f3wczas po rozwodzie, a <a href=\"https:\/\/plejada.pl\/temat\/natasza-urbanska\/069wym3\" id=\"eba29aea-a0b0-4eb9-9a5f-91c89ceb29a7\" rel=\"nofollow noopener\" target=\"_blank\">Natasza Urba\u0144ska<\/a>, m\u0142odsza od niego o 18 lat, dopiero rozpoczyna\u0142a swoj\u0105 karier\u0119 artystyczn\u0105. Mimo sceptycyzmu wielu os\u00f3b, ich zwi\u0105zek przetrwa\u0142 pr\u00f3b\u0119 czasu. W 2008 r. wzi\u0119li \u015blub, a kilka miesi\u0119cy p\u00f3\u017aniej powitali na \u015bwiecie c\u00f3rk\u0119 Kalin\u0119. Podczas tych wszystkich lat mieli wiele wzlot\u00f3w i upadk\u00f3w, a media regularnie spekulowa\u0142y na temat ich rzekomego kryzysu i nieuchronnego rozwodu. Jak wida\u0107, para zupe\u0142nie nie przejmuje si\u0119 plotkami i dalej tworzy szcz\u0119\u015bliwy zwi\u0105zek.<\/p>\n<p class=\"Paragraph_desktopParagraph__U31Gm\">Polecamy: <a href=\"https:\/\/plejada.pl\/newsy\/natasza-urbanska-szczerze-o-swojej-corce-taki-maly-janusz\/0kd8xbq\" id=\"9448fe87-f8bb-4e7c-9316-798ec714aeb6\" rel=\"nofollow noopener\" target=\"_blank\">Natasza Urba\u0144ska szczerze o swojej c\u00f3rce. &#8222;Taki ma\u0142y Janusz&#8221;<\/a><\/p>\n<p class=\"Paragraph_desktopParagraph__U31Gm\">Kalina J\u00f3zefowicz od najm\u0142odszych lat mia\u0142a kontakt ze scen\u0105. Ju\u017c jako ma\u0142a dziewczynka wyst\u0105pi\u0142a na deskach Teatru Buffo, jednak prawdziwym prze\u0142omem w jej karierze okaza\u0142a si\u0119 rola w kultowym musicalu &#8222;Metro&#8221;, kt\u00f3r\u0105 zdoby\u0142a w 2022 r. Natasza Urba\u0144ska w rozmowie z magazynem &#8222;Na \u017bywo&#8221; podkre\u015bli\u0142a, \u017ce sukcesy c\u00f3rki s\u0105 wynikiem jej w\u0142asnej pracy i determinacji. &#8222;Kalina ci\u0119\u017cko pracowa\u0142a na swoje sukcesy i niczego nie otrzyma\u0142a \u00bbna tacy\u00ab&#8221; \u2014 zaznaczy\u0142a artystka.<\/p>\n<p class=\"Paragraph_desktopParagraph__U31Gm\">12 grudnia dziewczyna ko\u0144czy 17 lat.<\/p>\n<ul class=\"OchatFollowUps_wrapper__1ry7X\">\n<li class=\"OchatFollowUps_item__Dhyly OchatFollowUps_itemDesktop__R6aBv\">Ile lat ma Kalina J\u00f3zefowicz?<\/li>\n<li class=\"OchatFollowUps_item__Dhyly OchatFollowUps_itemDesktop__R6aBv\">Kiedy Natasza Urba\u0144ska i Janusz J\u00f3zefowicz wzi\u0119li \u015blub?<\/li>\n<li class=\"OchatFollowUps_item__Dhyly OchatFollowUps_itemDesktop__R6aBv\">Jakie \u017cyczenia Natasza Urba\u0144ska z\u0142o\u017cy\u0142a c\u00f3rce?<\/li>\n<li class=\"OchatFollowUps_item__Dhyly OchatFollowUps_itemDesktop__R6aBv\">W jakim musicalu zagra\u0142a Kalina J\u00f3zefowicz?<\/li>\n<\/ul>\n<p>Natasza Urba\u0144ska zwr\u00f3ci\u0142a si\u0119 do c\u00f3rki <\/p>\n<p class=\"Paragraph_desktopParagraph__U31Gm\">Piosenkarka w sieci opublikowa\u0142a \u017cyczenia i pokaza\u0142a zdj\u0119cia c\u00f3rki.<\/p>\n<blockquote>\n<p class=\"Paragraph_desktopParagraph__U31Gm\">Kalina! Dzi\u015b s\u0105 Twoje urodziny! To niewiarygodne, \u017ce nadal patrz\u0119 na Ciebie jak na ma\u0142\u0105 c\u00f3reczk\u0119, a jednocze\u015bnie ka\u017cdego dnia zachwycasz mnie swoj\u0105 m\u0105dro\u015bci\u0105, dojrza\u0142o\u015bci\u0105, wyborami. \u017bycz\u0119 Ci, aby\u015b zawsze by\u0142a sob\u0105, odwa\u017cnie sz\u0142a przez \u017cycie i frun\u0119\u0142a wysoko<\/p>\n<\/blockquote>\n<p class=\"Paragraph_desktopParagraph__U31Gm\">\u2014 czytamy.<\/p>\n<p class=\"Paragraph_desktopParagraph__U31Gm\">Pod wpisem pojawi\u0142a si\u0119 lawina komentarzy.<\/p>\n<p class=\"Paragraph_desktopParagraph__U31Gm\">&#8222;Cudna! Najlepszego Kalina&#8221;<\/p>\n<p class=\"Paragraph_desktopParagraph__U31Gm\">&#8222;Przepi\u0119kna kobieta&#8221;<\/p>\n<p class=\"Paragraph_desktopParagraph__U31Gm\">&#8222;Spe\u0142nienia marze\u0144 i duuu\u017co u\u015bmiechu, Kalina!&#8221;<\/p>\n<p class=\"Paragraph_desktopParagraph__U31Gm\">&#8222;\u015aliczna&#8221;<\/p>\n<p class=\"Paragraph_desktopParagraph__U31Gm\">Polecamy: <a href=\"https:\/\/plejada.pl\/newsy\/kalina-jozefowicz-opublikowala-zaskakujace-nagranie-lawina-komentarzy\/lm7z8tp\" id=\"9fe025e2-145b-4932-9f95-e8d47f55d3fc\" rel=\"nofollow noopener\" target=\"_blank\">Kalina J\u00f3zefowicz opublikowa\u0142a zaskakuj\u0105ce nagranie. Lawina komentarzy<\/a><\/p>\n<p class=\"Paragraph_desktopParagraph__U31Gm\">Dzi\u0119kujemy, \u017ce przeczyta\u0142a\u015b\/e\u015b nasz artyku\u0142 do ko\u0144ca. W serwisie Plejada.pl ka\u017cdego dnia piszemy o najwa\u017cniejszych wydarzeniach show-biznesowych. B\u0105d\u017a na bie\u017c\u0105co! <a rel=\"nofollow noopener\" href=\"https:\/\/profile.google.com\/cp\/Cg0vZy8xMWJ6X19wdHBx\" id=\"659ffc00-6924-4746-8bfd-5ec6cc0b319d\" target=\"_blank\">Obserwuj<\/a> Plejad\u0119 w Wiadomo\u015bciach Google. Odwied\u017a nas tak\u017ce na <a rel=\"nofollow noopener\" href=\"https:\/\/www.facebook.com\/plejadapl\" id=\"259f6702-7f76-4555-a199-ade048f03bfb\" target=\"_blank\">Facebooku<\/a>, <a rel=\"nofollow noopener\" href=\"https:\/\/www.instagram.com\/plejadapl\/\" id=\"21ba350d-974c-404f-a6f4-16e1f367da9c\" target=\"_blank\">Instagramie<\/a>, <a rel=\"nofollow noopener\" href=\"https:\/\/www.youtube.com\/c\/plejada\" id=\"6ecce181-3cc2-47cb-a142-986bf67c858f\" target=\"_blank\">YouTube<\/a> oraz <a rel=\"nofollow noopener\" href=\"https:\/\/www.tiktok.com\/@plejada_pl\" id=\"0a49ad5c-9a59-44c2-83d9-22e11f2dac51\" target=\"_blank\">TikToku<\/a>.<\/p>\n<p class=\"Paragraph_desktopParagraph__U31Gm\">Chcesz podzieli\u0107 si\u0119 ciekawym newsem lub zaproponowa\u0107 temat? Skontaktuj si\u0119 z nami, pisz\u0105c e-maila na adres: <a href=\"https:\/\/www.onet.pl\/styl-zycia\/plejada\/natasza-urbanska-zwrocila-sie-do-corki-w-sieci-tak-teraz-wyglada-17-letnia-kalina\/mailto:plejada@redakcjaonet.pl\" id=\"205f93a7-ae54-4133-9992-6ade2b722f0d\" rel=\"nofollow noopener\" target=\"_blank\">plejada@redakcjaonet.pl<\/a>.<\/p>\n<p><script async src=\"\/\/www.instagram.com\/embed.js\"><\/script><script async src=\"\/\/www.tiktok.com\/embed.js\"><\/script><\/p>\n","protected":false},"excerpt":{"rendered":"Pocz\u0105tki ich zwi\u0105zku nie by\u0142y \u0142atwe. Janusz J\u00f3zefowicz, re\u017cyser teatralny, by\u0142 w\u00f3wczas po rozwodzie, a Natasza Urba\u0144ska, m\u0142odsza&hellip;\n","protected":false},"author":2,"featured_media":146616,"comment_status":"","ping_status":"","sticky":false,"template":"","format":"standard","meta":{"footnotes":""},"categories":[22],"tags":[122,67,8610,8609,27905,53,52,68,51,55,42,38,40,39,41,123,47,196,65,50],"class_list":{"0":"post-146615","1":"post","2":"type-post","3":"status-publish","4":"format-standard","5":"has-post-thumbnail","7":"category-rozrywka","8":"tag-entertainment","9":"tag-intextvideo_splayer","10":"tag-janusz_jozefowicz","11":"tag-natasza_urbanska","12":"tag-natasza_urbanska_aktorka_piosenkarka","13":"tag-new_header","14":"tag-onet3","15":"tag-onet3d","16":"tag-onet3d_2i","17":"tag-phx","18":"tag-pl","19":"tag-poland","20":"tag-polish","21":"tag-polska","22":"tag-polski","23":"tag-rozrywka","24":"tag-screening_general","25":"tag-styl_zycia","26":"tag-update_me","27":"tag-v2021"},"share_on_mastodon":{"url":"https:\/\/pubeurope.com\/@pl\/115706576780851761","error":""},"_links":{"self":[{"href":"https:\/\/www.europesays.com\/pl\/wp-json\/wp\/v2\/posts\/146615","targetHints":{"allow":["GET"]}}],"collection":[{"href":"https:\/\/www.europesays.com\/pl\/wp-json\/wp\/v2\/posts"}],"about":[{"href":"https:\/\/www.europesays.com\/pl\/wp-json\/wp\/v2\/types\/post"}],"author":[{"embeddable":true,"href":"https:\/\/www.europesays.com\/pl\/wp-json\/wp\/v2\/users\/2"}],"replies":[{"embeddable":true,"href":"https:\/\/www.europesays.com\/pl\/wp-json\/wp\/v2\/comments?post=146615"}],"version-history":[{"count":0,"href":"https:\/\/www.europesays.com\/pl\/wp-json\/wp\/v2\/posts\/146615\/revisions"}],"wp:featuredmedia":[{"embeddable":true,"href":"https:\/\/www.europesays.com\/pl\/wp-json\/wp\/v2\/media\/146616"}],"wp:attachment":[{"href":"https:\/\/www.europesays.com\/pl\/wp-json\/wp\/v2\/media?parent=146615"}],"wp:term":[{"taxonomy":"category","embeddable":true,"href":"https:\/\/www.europesays.com\/pl\/wp-json\/wp\/v2\/categories?post=146615"},{"taxonomy":"post_tag","embeddable":true,"href":"https:\/\/www.europesays.com\/pl\/wp-json\/wp\/v2\/tags?post=146615"}],"curies":[{"name":"wp","href":"https:\/\/api.w.org\/{rel}","templated":true}]}}