{"id":146688,"date":"2025-12-12T13:00:12","date_gmt":"2025-12-12T13:00:12","guid":{"rendered":"https:\/\/www.europesays.com\/pl\/146688\/"},"modified":"2025-12-12T13:00:12","modified_gmt":"2025-12-12T13:00:12","slug":"viktor-orban-o-zamrozonych-aktywach-rosji-nastala-dyktatura-2","status":"publish","type":"post","link":"https:\/\/www.europesays.com\/pl\/146688\/","title":{"rendered":"Viktor Orban o zamro\u017conych aktywach Rosji. &#8222;Nasta\u0142a dyktatura&#8221;"},"content":{"rendered":"<ul class=\"UnorderedList_container__nmfSl\">\n<li class=\"UnorderedList_listElement__Py7xi\" data-id=\"ai-summary-link\">Du\u017co czytania, a ma\u0142o czasu? Sprawd\u017a\u00a0skr\u00f3t\u00a0artyku\u0142u<\/li>\n<\/ul>\n<p class=\"Paragraph_desktopParagraph__U31Gm\">&#8222;Dzi\u015b Brukselczycy przekraczaj\u0105 Rubikon. W po\u0142udnie odb\u0119dzie si\u0119 g\u0142osowanie pisemne, kt\u00f3re wyrz\u0105dzi UE nieodwracalne szkody. Przedmiotem g\u0142osowania s\u0105 zamro\u017cone rosyjskie aktywa, w sprawie kt\u00f3rych pa\u0144stwa cz\u0142onkowskie UE g\u0142osowa\u0142y dotychczas co sze\u015b\u0107 miesi\u0119cy i podejmowa\u0142y decyzj\u0119 jednomy\u015blnie. Dzi\u0119ki nowej procedurze brukselczycy jednym poci\u0105gni\u0119ciem pi\u00f3ra znosz\u0105 wym\u00f3g jednomy\u015blno\u015bci, co jest ewidentnie niezgodne z prawem&#8221; \u2014 napisa\u0142 Orban na portalach spo\u0142eczno\u015bciowych.<\/p>\n<ul class=\"OchatFollowUps_wrapper__1ry7X\">\n<li class=\"OchatFollowUps_item__Dhyly OchatFollowUps_itemDesktop__R6aBv\">Co powiedzia\u0142 Viktor Orban o decyzjach UE?<\/li>\n<li class=\"OchatFollowUps_item__Dhyly OchatFollowUps_itemDesktop__R6aBv\">Jakie decyzje podj\u0119\u0142y pa\u0144stwa UE w sprawie rosyjskich aktyw\u00f3w?<\/li>\n<li class=\"OchatFollowUps_item__Dhyly OchatFollowUps_itemDesktop__R6aBv\">Jakie zmiany nast\u0105pi\u0142y w procedurze g\u0142osowania w UE?<\/li>\n<li class=\"OchatFollowUps_item__Dhyly OchatFollowUps_itemDesktop__R6aBv\">Jak W\u0119gry zamierzaj\u0105 protestowa\u0107 przeciwko decyzji UE?<\/li>\n<\/ul>\n<p class=\"Paragraph_desktopParagraph__U31Gm\">W jego opinii zmiana podejmowania decyzji w sprawie rosyjskich aktyw\u00f3w jest &#8222;ko\u0144cem praworz\u0105dno\u015bci w Unii Europejskiej&#8221;. &#8222;Europejscy przyw\u00f3dcy stawiaj\u0105 si\u0119 ponad regu\u0142ami. Zamiast dba\u0107 o przestrzeganie traktat\u00f3w UE, Komisja Europejska systematycznie gwa\u0142ci prawo europejskie. Robi to, aby kontynuowa\u0107 wojn\u0119 na Ukrainie; wojn\u0119, kt\u00f3rej ewidentnie nie da si\u0119 wygra\u0107&#8221; \u2014 oceni\u0142 w\u0119gierski premier.<\/p>\n<p class=\"Paragraph_desktopParagraph__U31Gm\">&#8222;Wszystko to dzieje si\u0119 w bia\u0142y dzie\u0144, nieca\u0142y tydzie\u0144 przed posiedzeniem Rady Europejskiej. W ten spos\u00f3b rz\u0105dy prawa w Unii Europejskiej ust\u0119puj\u0105 miejsca rz\u0105dom biurokrat\u00f3w. Innymi s\u0142owy, nasta\u0142a brukselska dyktatura&#8221; \u2014 podsumowa\u0142 Orban, zapewniaj\u0105c, \u017ce &#8222;W\u0119gry protestuj\u0105 przeciwko tej decyzji i zrobi\u0105 wszystko, co w ich mocy, aby przywr\u00f3ci\u0107 porz\u0105dek prawny&#8221;.<\/p>\n<p>Zamro\u017cone rosyjskie aktywa. Jest porozumienie w\u015br\u00f3d pa\u0144stw UE <\/p>\n<p class=\"Paragraph_desktopParagraph__U31Gm\">W czwartek pa\u0144stwom UE uda\u0142o si\u0119 porozumie\u0107 w sprawie zamro\u017cenia rosyjskich aktyw\u00f3w na sta\u0142e, bez konieczno\u015bci podejmowania decyzji w tej kwestii co p\u00f3\u0142 roku, za zgod\u0105 wszystkich stolic. Rozwi\u0105zanie przyj\u0119\u0142a wyra\u017ana wi\u0119kszo\u015b\u0107 pa\u0144stw cz\u0142onkowskich; oczekuje si\u0119, \u017ce postanowienie zostanie sfinalizowane w pi\u0105tek.<\/p>\n<p class=\"Paragraph_desktopParagraph__U31Gm\">Zgoda pa\u0144stw na sta\u0142e zamro\u017cenie rosyjskich aktyw\u00f3w nie przes\u0105dza tego, czy dojdzie do udzielenia Ukrainie po\u017cyczki reparacyjnej, sfinansowanej z tych pieni\u0119dzy. Decyzja jest jednak postrzegana jako istotny prze\u0142om, zbli\u017caj\u0105cy do tego Wsp\u00f3lnot\u0119. \u2014 Prace nad finansowaniem Ukrainy w latach 2026-27 nadal trwaj\u0105 \u2014 poinformowa\u0142o w czwartek dziennikarzy \u017ar\u00f3d\u0142o unijne.<\/p>\n","protected":false},"excerpt":{"rendered":"Du\u017co czytania, a ma\u0142o czasu? Sprawd\u017a\u00a0skr\u00f3t\u00a0artyku\u0142u &#8222;Dzi\u015b Brukselczycy przekraczaj\u0105 Rubikon. W po\u0142udnie odb\u0119dzie si\u0119 g\u0142osowanie pisemne, kt\u00f3re wyrz\u0105dzi&hellip;\n","protected":false},"author":2,"featured_media":145355,"comment_status":"","ping_status":"","sticky":false,"template":"","format":"standard","meta":{"footnotes":""},"categories":[14],"tags":[32,33,2761,27,34,35,28,31,53,25,52,68,51,55,40,41,62,47,80,29,30,65,50,1233,26,82,83,84],"class_list":{"0":"post-146688","1":"post","2":"type-post","3":"status-publish","4":"format-standard","5":"has-post-thumbnail","7":"category-swiat","8":"tag-breaking-news","9":"tag-breakingnews","10":"tag-bruksela","11":"tag-headlines","12":"tag-latest-news","13":"tag-latestnews","14":"tag-naglowki","15":"tag-najwazniejsze-artykuly","16":"tag-new_header","17":"tag-news","18":"tag-onet3","19":"tag-onet3d","20":"tag-onet3d_2i","21":"tag-phx","22":"tag-polish","23":"tag-polski","24":"tag-rosja_kraj_rosjanin_rosjanie_rosjanka_rosjanki","25":"tag-screening_general","26":"tag-swiat","27":"tag-top-stories","28":"tag-topstories","29":"tag-update_me","30":"tag-v2021","31":"tag-viktor_orban_wegierski_polityk","32":"tag-wiadomosci","33":"tag-world","34":"tag-world-news","35":"tag-worldnews"},"share_on_mastodon":{"url":"https:\/\/pubeurope.com\/@pl\/115706726035695275","error":""},"_links":{"self":[{"href":"https:\/\/www.europesays.com\/pl\/wp-json\/wp\/v2\/posts\/146688","targetHints":{"allow":["GET"]}}],"collection":[{"href":"https:\/\/www.europesays.com\/pl\/wp-json\/wp\/v2\/posts"}],"about":[{"href":"https:\/\/www.europesays.com\/pl\/wp-json\/wp\/v2\/types\/post"}],"author":[{"embeddable":true,"href":"https:\/\/www.europesays.com\/pl\/wp-json\/wp\/v2\/users\/2"}],"replies":[{"embeddable":true,"href":"https:\/\/www.europesays.com\/pl\/wp-json\/wp\/v2\/comments?post=146688"}],"version-history":[{"count":0,"href":"https:\/\/www.europesays.com\/pl\/wp-json\/wp\/v2\/posts\/146688\/revisions"}],"wp:featuredmedia":[{"embeddable":true,"href":"https:\/\/www.europesays.com\/pl\/wp-json\/wp\/v2\/media\/145355"}],"wp:attachment":[{"href":"https:\/\/www.europesays.com\/pl\/wp-json\/wp\/v2\/media?parent=146688"}],"wp:term":[{"taxonomy":"category","embeddable":true,"href":"https:\/\/www.europesays.com\/pl\/wp-json\/wp\/v2\/categories?post=146688"},{"taxonomy":"post_tag","embeddable":true,"href":"https:\/\/www.europesays.com\/pl\/wp-json\/wp\/v2\/tags?post=146688"}],"curies":[{"name":"wp","href":"https:\/\/api.w.org\/{rel}","templated":true}]}}