{"id":146731,"date":"2025-12-12T13:25:16","date_gmt":"2025-12-12T13:25:16","guid":{"rendered":"https:\/\/www.europesays.com\/pl\/146731\/"},"modified":"2025-12-12T13:25:16","modified_gmt":"2025-12-12T13:25:16","slug":"kosecki-nie-wytrzymal-po-tym-co-zrobila-legia-ludzie-co-wy-robicie","status":"publish","type":"post","link":"https:\/\/www.europesays.com\/pl\/146731\/","title":{"rendered":"Kosecki nie wytrzyma\u0142 po tym, co zrobi\u0142a Legia. 'Ludzie, co wy robicie?!&#8217;"},"content":{"rendered":"<p class=\"art_paragraph\"><a href=\"https:\/\/www.sport.pl\/legia-warszawa#anchorLink\" rel=\"nofollow noopener\" target=\"_blank\">Legia<\/a> Warszawa kontynuuje swoj\u0105 koszmarn\u0105 pass\u0119. Wczorajsza pora\u017cka w Armenii z Noah jest dziesi\u0105tym z rz\u0119du spotkaniem bez zwyci\u0119stwa. Ten wynik oznacza, \u017ce na kolejk\u0119 przed ko\u0144cem fazy ligowej Wojskowi odpadli z <a href=\"https:\/\/www.sport.pl\/pilka\/7,64946,32429086,liga-konferencji-o-ktorej-mecze-polskich-druzyn-gdzie-ogladac.html#anchorLink\" rel=\"nofollow noopener\" target=\"_blank\">Ligi Konferencji<\/a>. Tymczasowe przekazanie dru\u017cyny w r\u0119ce Inakiego Astiza okaza\u0142o si\u0119 jedn\u0105 z najgorszych decyzji w historii klubu.\u00a0<\/p>\n<p>\n    Zobacz wideo &#8222;Atmosfera sta\u0142a si\u0119 nie do zniesienia&#8221;. Brz\u0119czek odpowiada Lewandowskiemu\n  <\/p>\n<p class=\"art_paragraph\">Hiszpan zast\u0105pi\u0142 Edwarda Iordanescu, zwolnionego po odpadni\u0119ciu z Pucharu Polski. W o\u015bmiu rozegranych pod jego wodz\u0105 <a href=\"https:\/\/www.sport.pl\/legia-warszawa#anchorLink\" rel=\"nofollow noopener\" target=\"_blank\">meczach Legia<\/a> trzykrotnie remisowa\u0142a i a\u017c pi\u0119ciokrotnie schodzi\u0142a z boiska pokonana. Nic dziwnego wi\u0119c, \u017ce pod ostrza\u0142em znale\u017ali si\u0119 wszyscy dzia\u0142acze klubu &#8211; w ko\u0144cu to oni od 43 dni nie zakontraktowali nowego trenera.<\/p>\n<p> Kosecki do Mioduskiego: &#8222;Co pan wyprawia?&#8221;<\/p>\n<p class=\"art_paragraph\">Suchej nitki na Legii nie zostawi\u0142 by\u0142y zawodnik tego klubu, Roman Kosecki. &#8211; Ludzie, co wy robicie? Prezesie, co pan wyprawia? &#8211; tak rozpocz\u0105\u0142 swoj\u0105 tyrad\u0119 skierowan\u0105 w stron\u0119 Dariusza Mioduskiego. &#8211; Pan sobie robi jaja, za przeproszeniem, z takiego pi\u0119knego klubu jakim jest Legia.\u00a0To jest jaki\u015b skandal. Legia nie ma szans. Odpad\u0142a &#8211; dobitnie okre\u015bli\u0142 obecn\u0105 sytuacj\u0119 sto\u0142ecznego klubu na antenie <a href=\"https:\/\/www.polsatsport.pl\/\" class=\"art_link\" rel=\"nofollow noopener\" target=\"_blank\">Polsatu Sport<\/a>.<\/p>\n<p class=\"art_paragraph\">Nast\u0119pnie wypowiedzia\u0142 si\u0119 na temat nast\u0119pcy Inakiego Astiza &#8211; Powiem tak\u0105 tez\u0119. Jakikolwiek trener nie przyjdzie w tej chwili do Legii, to niczym nie ryzykuje. Mo\u017ce by\u0107 tylko lepiej, bo chyba gorzej ju\u017c by\u0107 nie mo\u017ce. Nie wierz\u0119 w to, \u017ce b\u0119dzie spadek, ale to co si\u0119 wyprawia w tym klubie&#8230; &#8211; powiedzia\u0142.\u00a0<\/p>\n<p class=\"art_paragraph\">Nast\u0119pnie zwr\u00f3ci\u0142 si\u0119 do Mioduskiego, ale r\u00f3wnie\u017c do Micha\u0142a \u017bew\u0142akowa oraz Frediego Bobicia &#8211; Dw\u00f3ch dyrektor\u00f3w sportowych, prezes&#8230; Gdzie jeste\u015bcie? Panowie, si\u0119 gdzie\u015b schowali\u015bcie, zakopali\u015bcie si\u0119. Was nie ma, zostawili\u015bcie ch\u0142opak\u00f3w na pastw\u0119 losu. Trener siedzi na \u0142awce, a gdzie jest dyrektor sportowy jeden z drugim? Powinni by\u0107 przy nim i go wspiera\u0107. Powinni bra\u0107 odpowiedzialno\u015b\u0107 za to, co robi\u0105 &#8211; tak postaw\u0119 dzia\u0142aczy Legii opisa\u0142 59-latek.\u00a0<\/p>\n<p> Kosecki: Szukali\u015bmy Rajovicia i si\u0119 odnalaz\u0142<\/p>\n<p class=\"art_paragraph\">Roman Kosecki odni\u00f3s\u0142 si\u0119 r\u00f3wnie\u017c do postawy Milety Rajovicia. Du\u0144czyk w 3. minucie wpisa\u0142 si\u0119 na list\u0119 strzelc\u00f3w po raz pierwszy od ko\u0144c\u00f3wki wrze\u015bnia i ligowego spotkania z Pogoni\u0105 Szczecin. &#8211;\u00a0<a href=\"https:\/\/www.sport.pl\/napastnik#anchorLink\" rel=\"nofollow noopener\" target=\"_blank\">Napastnik<\/a> strzeli\u0142 gola. \u015awi\u0119tujmy! Kupmy torty, zapalmy \u015bwieczki, s\u0142uchajcie, jest nasz napastnik! Odnalaz\u0142 si\u0119! Gdzie go szukali\u015bmy? Gdzie on si\u0119 chowa\u0142? Wczoraj strzeli\u0142 bramk\u0119, pierwsz\u0105 bramk\u0119! Miliony si\u0119 zwr\u00f3ci\u0142y! &#8211; ironizowa\u0142. 26-latek nie trafi\u0142 do siatki w trzynastu spotkaniach z rz\u0119du, a w Armenii wykorzysta\u0142 b\u0142\u0105d defensywy Noah.<\/p>\n<p class=\"art_paragraph\">By\u0142y reprezentant Polski poprosi\u0142 r\u00f3wnie\u017c o wybaczenie jego podnios\u0142ego tonu. &#8211;\u00a0To jest po prostu skandal. Ja nie wytrzyma\u0142em ju\u017c dzisiaj, przepraszam pa\u0144stwa za to, ale po prostu tego \u017cenuj\u0105cego spektaklu si\u0119 nie da ogl\u0105da\u0107 &#8211; zako\u0144czy\u0142 Kosecki.<\/p>\n<p class=\"art_paragraph\">Legia Warszawa w tym roku rozegra jeszcze dwa spotkania &#8211; oba domowe. W niedziel\u0119 zmierzy si\u0119 z Piastem Gliwice. Jest to prze\u0142o\u017cony mecz pierwszej kolejki. W zesz\u0142ym tygodniu Wojskowi przegrali w Gliwicach 0:2. Z kolei w przysz\u0142y czwartek przy \u0141azienkowskiej zostanie rozegrany ostatni mecz Ligi Konferencji. Naprzeciwko stanie gibraltarski Lincoln Red Imps, kt\u00f3ry wci\u0105\u017c liczy si\u0119 w walce o miejsce w\u015br\u00f3d najlepszych 24 dru\u017cyn, co da im prawo udzia\u0142u w fazie pucharowej.<\/p>\n","protected":false},"excerpt":{"rendered":"Legia Warszawa kontynuuje swoj\u0105 koszmarn\u0105 pass\u0119. Wczorajsza pora\u017cka w Armenii z Noah jest dziesi\u0105tym z rz\u0119du spotkaniem bez&hellip;\n","protected":false},"author":2,"featured_media":146732,"comment_status":"","ping_status":"","sticky":false,"template":"","format":"standard","meta":{"footnotes":""},"categories":[24],"tags":[42,38,40,39,41,127,126],"class_list":{"0":"post-146731","1":"post","2":"type-post","3":"status-publish","4":"format-standard","5":"has-post-thumbnail","7":"category-sport","8":"tag-pl","9":"tag-poland","10":"tag-polish","11":"tag-polska","12":"tag-polski","13":"tag-sport","14":"tag-sports"},"share_on_mastodon":{"url":"https:\/\/pubeurope.com\/@pl\/115706824373955062","error":""},"_links":{"self":[{"href":"https:\/\/www.europesays.com\/pl\/wp-json\/wp\/v2\/posts\/146731","targetHints":{"allow":["GET"]}}],"collection":[{"href":"https:\/\/www.europesays.com\/pl\/wp-json\/wp\/v2\/posts"}],"about":[{"href":"https:\/\/www.europesays.com\/pl\/wp-json\/wp\/v2\/types\/post"}],"author":[{"embeddable":true,"href":"https:\/\/www.europesays.com\/pl\/wp-json\/wp\/v2\/users\/2"}],"replies":[{"embeddable":true,"href":"https:\/\/www.europesays.com\/pl\/wp-json\/wp\/v2\/comments?post=146731"}],"version-history":[{"count":0,"href":"https:\/\/www.europesays.com\/pl\/wp-json\/wp\/v2\/posts\/146731\/revisions"}],"wp:featuredmedia":[{"embeddable":true,"href":"https:\/\/www.europesays.com\/pl\/wp-json\/wp\/v2\/media\/146732"}],"wp:attachment":[{"href":"https:\/\/www.europesays.com\/pl\/wp-json\/wp\/v2\/media?parent=146731"}],"wp:term":[{"taxonomy":"category","embeddable":true,"href":"https:\/\/www.europesays.com\/pl\/wp-json\/wp\/v2\/categories?post=146731"},{"taxonomy":"post_tag","embeddable":true,"href":"https:\/\/www.europesays.com\/pl\/wp-json\/wp\/v2\/tags?post=146731"}],"curies":[{"name":"wp","href":"https:\/\/api.w.org\/{rel}","templated":true}]}}