{"id":146816,"date":"2025-12-12T14:17:20","date_gmt":"2025-12-12T14:17:20","guid":{"rendered":"https:\/\/www.europesays.com\/pl\/146816\/"},"modified":"2025-12-12T14:17:20","modified_gmt":"2025-12-12T14:17:20","slug":"smaszcz-opowiada-o-partnerze-i-zdradza-plany-na-%c2%b6wieta-spedzi-je-z-wnuczk%c2%b1","status":"publish","type":"post","link":"https:\/\/www.europesays.com\/pl\/146816\/","title":{"rendered":"Smaszcz opowiada o partnerze i zdradza plany na \u00b6wi\u00eata. Sp\u00eadzi je z wnuczk\u00b1"},"content":{"rendered":"<p class=\"art_paragraph\"><a href=\"https:\/\/www.plotek.pl\/paulina-smaszcz\" class=\"art_link\" rel=\"dofollow noopener\" target=\"_blank\">Paulina Smaszcz<\/a> ponownie znalaz\u0142a si\u0119 w centrum zainteresowania medi\u00f3w. W porannym wydaniu\u00a0&#8222;<a href=\"https:\/\/www.plotek.pl\/dzien-dobry-tvn\" class=\"art_link\" rel=\"dofollow noopener\" target=\"_blank\">Dzie\u0144 dobry TVN<\/a>&#8221; dziennikarka\u00a0opowiedzia\u0142a o tajemniczym m\u0119\u017cczy\u017anie z Danii, z kt\u00f3rym \u0142\u0105cz\u0105 j\u0105 wyj\u0105tkowe, cho\u0107 nieoczywiste relacje.<\/p>\n<p>\n    Zobacz wideo Serowska o stosunku do Smaszcz. Zapytali\u015bmy j\u0105 o dram\u0119 z Kurzajewskim\n  <\/p>\n<p> Paulina Smaszcz ods\u0142ania kulisy\u00a0relacji z Du\u0144czykiem. &#8222;Przygl\u0105dam si\u0119 od dw\u00f3ch lat&#8221;\u00a0<\/p>\n<p class=\"art_paragraph\">Paulina <a href=\"https:\/\/www.plotek.pl\/plotek\/7,111483,32429801,mucha-sadzi-sie-ze-smaszcz-byla-zona-kurzajewskiego-nie-stawila.html#anchorLink\" rel=\"nofollow noopener\" target=\"_blank\">Smaszcz<\/a> rozpocz\u0119\u0142a rozmow\u0119 od zaskakuj\u0105cego wyznania. Jak twierdzi, od dw\u00f3ch lat spotyka si\u0119 z Du\u0144czykiem, jednak nie oznacza to wcale, \u017ce tworz\u0105 tradycyjn\u0105 par\u0119. &#8211; Od dw\u00f3ch lat\u00a0si\u0119 z kim\u015b spotykam i mamy takie mi\u0119dzynarodowe \u015bwi\u0119ta (&#8230;) I to jest bardzo \u015bmiesznie, bo tak, m\u00f3j syn ze swoj\u0105 w\u0142osk\u0105 \u017con\u0105 i z moj\u0105 polsko-w\u0142osk\u0105 wnuczk\u0105 przyje\u017cd\u017caj\u0105 do Danii razem z jej mam\u0105, kt\u00f3ra jest Brazylijk\u0105, i tat\u0105, kt\u00f3ry jest W\u0142ochem &#8211; opowiada\u0142a w &#8222;Dzie\u0144 dobry <a href=\"https:\/\/www.plotek.pl\/tvn#anchorLink\" rel=\"nofollow noopener\" target=\"_blank\">TVN<\/a>&#8222;. Jej s\u0142owa od razu wzbudzi\u0142y ciekawo\u015b\u0107 prowadz\u0105cych, zw\u0142aszcza \u017ce\u00a0celebrytka od pocz\u0105tku zaznacza\u0142a, i\u017c ta relacja nie mie\u015bci si\u0119 w typowych schematach.<\/p>\n<p class=\"art_paragraph\">W dalszej cz\u0119\u015bci rozmowy Smaszcz wyja\u015bni\u0142a, jak pozna\u0142a tajemniczego partnera. Podkre\u015bli\u0142a, nie by\u0142o w tym nic z komedii romantycznej czy filmowego przypadku. &#8211; Ja pracuj\u0119, robi\u0119 du\u017ce projekty biznesowe, i poznali\u015bmy si\u0119 przez biznes. Po\u0142\u0105czy\u0142y nas kobiety, z kt\u00f3rymi pracuj\u0119 od 30 lat, on ma produkty dla kobiet i szuka\u0142 w Polsce kogo\u015b, kto ma doktorat z kobiet. Okaza\u0142o si\u0119, \u017ce przypadli\u015bmy sobie do gustu\u00a0&#8211;\u00a0opowiada\u0142a. Wed\u0142ug niej w\u0142a\u015bnie zawodowa wsp\u00f3\u0142praca sta\u0142a si\u0119 pocz\u0105tkiem znajomo\u015bci, kt\u00f3ra z czasem przerodzi\u0142a si\u0119 w co\u015b bli\u017cszego, cho\u0107 nadal nienazwanego.<\/p>\n<p> Paulina Smaszcz po trudnych do\u015bwiadczeniach zmieni\u0142a podej\u015bcie do zwi\u0105zk\u00f3w<\/p>\n<p class=\"art_paragraph\">Smaszcz nie ukrywa, \u017ce minione lata mocno wp\u0142yn\u0119\u0142y na jej podej\u015bcie do relacji i uczu\u0107. W\u00a0&#8222;Dzie\u0144 dobry TVN&#8221;\u00a0otwarcie przyzna\u0142a, \u017ce po bolesnych prze\u017cyciach sta\u0142a si\u0119 ostro\u017cniejsza. &#8211; Bardzo ostro\u017cnie podchodz\u0119 do \u017cycia, po tym, co prze\u017cy\u0142am. Musia\u0142am si\u0119 przyjrze\u0107 temu, jakie ma kontakty ze swoim synem i ze swoj\u0105 matk\u0105, matk\u0105 swojego <a href=\"https:\/\/zakupy.avanti24.pl\/dzieciece#anchorLink\" rel=\"nofollow noopener\" target=\"_blank\">dziecka<\/a> i rodzin\u0105. S\u0142owo mi\u0142o\u015b\u0107 zast\u0105pi\u0142am s\u0142owem lojalno\u015b\u0107, szacunek, wsparcie, oddanie, zrozumienie i akceptacja\u00a0&#8211; przekaza\u0142a. Aby unikn\u0105\u0107 nieporozumie\u0144 i plotek, Smaszcz zdecydowa\u0142a si\u0119 na wyj\u0105tkowo jasne doprecyzowanie. &#8211; Ja od dw\u00f3ch lat przygl\u0105dam si\u0119 i nie jestem z moim Du\u0144czykiem od dw\u00f3ch lat &#8211; zaznaczy\u0142a.<\/p>\n","protected":false},"excerpt":{"rendered":"Paulina Smaszcz ponownie znalaz\u0142a si\u0119 w centrum zainteresowania medi\u00f3w. W porannym wydaniu\u00a0&#8222;Dzie\u0144 dobry TVN&#8221; dziennikarka\u00a0opowiedzia\u0142a o tajemniczym m\u0119\u017cczy\u017anie&hellip;\n","protected":false},"author":2,"featured_media":146817,"comment_status":"","ping_status":"","sticky":false,"template":"","format":"standard","meta":{"footnotes":""},"categories":[22],"tags":[122,42,38,40,39,41,123],"class_list":{"0":"post-146816","1":"post","2":"type-post","3":"status-publish","4":"format-standard","5":"has-post-thumbnail","7":"category-rozrywka","8":"tag-entertainment","9":"tag-pl","10":"tag-poland","11":"tag-polish","12":"tag-polska","13":"tag-polski","14":"tag-rozrywka"},"share_on_mastodon":{"url":"https:\/\/pubeurope.com\/@pl\/115707028659934325","error":""},"_links":{"self":[{"href":"https:\/\/www.europesays.com\/pl\/wp-json\/wp\/v2\/posts\/146816","targetHints":{"allow":["GET"]}}],"collection":[{"href":"https:\/\/www.europesays.com\/pl\/wp-json\/wp\/v2\/posts"}],"about":[{"href":"https:\/\/www.europesays.com\/pl\/wp-json\/wp\/v2\/types\/post"}],"author":[{"embeddable":true,"href":"https:\/\/www.europesays.com\/pl\/wp-json\/wp\/v2\/users\/2"}],"replies":[{"embeddable":true,"href":"https:\/\/www.europesays.com\/pl\/wp-json\/wp\/v2\/comments?post=146816"}],"version-history":[{"count":0,"href":"https:\/\/www.europesays.com\/pl\/wp-json\/wp\/v2\/posts\/146816\/revisions"}],"wp:featuredmedia":[{"embeddable":true,"href":"https:\/\/www.europesays.com\/pl\/wp-json\/wp\/v2\/media\/146817"}],"wp:attachment":[{"href":"https:\/\/www.europesays.com\/pl\/wp-json\/wp\/v2\/media?parent=146816"}],"wp:term":[{"taxonomy":"category","embeddable":true,"href":"https:\/\/www.europesays.com\/pl\/wp-json\/wp\/v2\/categories?post=146816"},{"taxonomy":"post_tag","embeddable":true,"href":"https:\/\/www.europesays.com\/pl\/wp-json\/wp\/v2\/tags?post=146816"}],"curies":[{"name":"wp","href":"https:\/\/api.w.org\/{rel}","templated":true}]}}